{"id":153060,"date":"2025-07-17T12:02:18","date_gmt":"2025-07-17T15:02:18","guid":{"rendered":"https:\/\/www.aarquiteta.com.br\/blog\/como-reciclar-os-restos-de-alimentos\/"},"modified":"2025-07-17T12:02:18","modified_gmt":"2025-07-17T15:02:18","slug":"como-reciclar-os-restos-de-alimentos","status":"publish","type":"post","link":"https:\/\/www.aarquiteta.com.br\/blog\/como-reciclar-os-restos-de-alimentos\/","title":{"rendered":"7 Inova\u00e7\u00f5es"},"content":{"rendered":"<p>Voc\u00ea sabia que pode transformar restos de alimentos em um excelente fertilizante? Aprenda neste artigo como reciclar esses res\u00edduos de forma pr\u00e1tica e eficiente!<\/p>\n<figure style=\"width: 1024px\" class=\"wp-caption aligncenter\"><img decoding=\"async\" src=\"https:\/\/www.aarquiteta.com.br\/blog\/wp-content\/uploads\/2025\/07\/como-reciclar-os-restos-de-alimentos-01.jpg\" alt=\"https:\/\/www.jardineiro.net\/como-reciclar-os-restos-de-alimentos.html\" width=\"1024\" height=\"1024\" title=\"\"><figcaption class=\"wp-caption-text\">https:\/\/www.jardineiro.net\/como-reciclar-os-restos-de-alimentos.html<\/figcaption><\/figure>\n<h3>O valor dos restos de alimentos<\/h3>\n<p>Diariamente, jogamos no lixo um material <b>valioso<\/b> que pode enriquecer nosso jardim. As cascas de frutas, como banana e laranja, folhas de hortali\u00e7as e at\u00e9 a casca de ovos s\u00e3o exemplos que podemos reaproveitar.<\/p>\n<figure style=\"width: 1024px\" class=\"wp-caption aligncenter\"><img decoding=\"async\" src=\"https:\/\/www.aarquiteta.com.br\/blog\/wp-content\/uploads\/2025\/07\/como-reciclar-os-restos-de-alimentos-02.jpg\" alt=\"https:\/\/www.jardineiro.net\/como-reciclar-os-restos-de-alimentos.html\" width=\"1024\" height=\"1024\" title=\"\"><figcaption class=\"wp-caption-text\">https:\/\/www.jardineiro.net\/como-reciclar-os-restos-de-alimentos.html<\/figcaption><\/figure>\n<h3>Os desafios da compostagem tradicional<\/h3>\n<p>Muitas pessoas desistem de realizar compostagem por causa do mau cheiro e da presen\u00e7a de insetos. <b>Eu entendo<\/b> essa dificuldade, pois viver em apartamento pode tornar tudo isso ainda mais complicado.<\/p>\n<figure style=\"width: 1024px\" class=\"wp-caption aligncenter\"><img decoding=\"async\" src=\"https:\/\/www.aarquiteta.com.br\/blog\/wp-content\/uploads\/2025\/07\/como-reciclar-os-restos-de-alimentos-03.jpg\" alt=\"https:\/\/www.jardineiro.net\/como-reciclar-os-restos-de-alimentos.html\" width=\"1024\" height=\"1024\" title=\"\"><figcaption class=\"wp-caption-text\">https:\/\/www.jardineiro.net\/como-reciclar-os-restos-de-alimentos.html<\/figcaption><\/figure>\n<h3>Secagem como solu\u00e7\u00e3o<\/h3>\n<p>Uma alternativa que encontrei \u00e9 <b>secar<\/b> esses res\u00edduos ao sol. Ao fazer isso, conseguimos desidrat\u00e1-los e evitar a forma\u00e7\u00e3o de odores, moscas e larvas. \u00c9 uma t\u00e9cnica realmente eficaz!<\/p>\n<h3>Como fazer a farinha de restos de alimentos<\/h3>\n<p>Primeiro, basta cortar os restos em peda\u00e7os pequenos. Depois, exponha-os ao sol em uma grade. Ap\u00f3s tr\u00eas dias, eles estar\u00e3o prontos para serem feitos em <b>farinha<\/b>.<\/p>\n<h3>Transformando res\u00edduos em nutrientes<\/h3>\n<p>A farinha resultante mant\u00e9m todos os <b>nutrientes<\/b> essenciais, como pot\u00e1ssio e c\u00e1lcio. Ela pode ser armazenada em condi\u00e7\u00f5es adequadas por um longo per\u00edodo. Uma verdadeira reserva de vitaminas para suas plantas.<\/p>\n<h3>Aplicando a farinha nas plantas<\/h3>\n<p>Para adubar suas plantas, retire 1 cm do substrato, adicione 2 ou 3 colheres de sopa da farinha e umede\u00e7a. Repita a aplica\u00e7\u00e3o a cada 40 dias. <b>Cuidado!<\/b> N\u00e3o exagere na quantidade.<\/p>\n<h3>Resultados vis\u00edveis<\/h3>\n<p>Ap\u00f3s alguns meses de uso, notei que as plantas ficaram com um verde mais intenso e <b>floresceram<\/b> mais. Elas se tornaram resistentes a pragas, reduzindo a necessidade de agrot\u00f3xicos.<\/p>\n<p><div class=\"youtube-embed\" data-video_id=\"-vDTUV_nv9w\"><iframe title=\"6 ideas sorprendentes para reciclar comida\" width=\"696\" height=\"392\" src=\"https:\/\/www.youtube.com\/embed\/-vDTUV_nv9w?feature=oembed&#038;enablejsapi=1\" frameborder=\"0\" allow=\"accelerometer; autoplay; clipboard-write; encrypted-media; gyroscope; picture-in-picture; web-share\" referrerpolicy=\"strict-origin-when-cross-origin\" allowfullscreen><\/iframe><\/div>\n<\/p>\n<h3>Vantagens de reciclar alimentos<\/h3>\n<ul>\n<li><b>Sustentabilidade:<\/b> Reduzir o desperd\u00edcio.<\/li>\n<li><b>Nutri\u00e7\u00e3o:<\/b> Oferecer nutrientes \u00e0s plantas.<\/li>\n<li><b>Facilidade:<\/b> M\u00e9todo simples de execu\u00e7\u00e3o.<\/li>\n<li><b>Resultados:<\/b> Plantas mais saud\u00e1veis e vigorosas.<\/li>\n<\/ul>\n<table>\n<tr>\n<th>Aspecto<\/th>\n<th>Descri\u00e7\u00e3o<\/th>\n<\/tr>\n<tr>\n<td>Restos Utilizados<\/td>\n<td>Cascas de frutas, borra de caf\u00e9, casca de ovos<\/td>\n<\/tr>\n<tr>\n<td>Processo<\/td>\n<td>Secagem ao sol e moagem em farinha<\/td>\n<\/tr>\n<tr>\n<td>Aplica\u00e7\u00e3o<\/td>\n<td>Uma vez a cada 40 dias, em vasos ou canteiros<\/td>\n<\/tr>\n<tr>\n<td>Benef\u00edcios<\/td>\n<td>Plantas mais saud\u00e1veis e menos uso de qu\u00edmicos<\/td>\n<\/tr>\n<\/table>\n<p>Agora \u00e9 a sua vez! <b>Vamos juntos transformar o que antes era lixo em vida!<\/b> Experimente essa t\u00e9cnica e compartilhe seus resultados nos coment\u00e1rios!<\/p>\n","protected":false},"excerpt":{"rendered":"<p>7 Inova\u00e7\u00f5es<\/p>\n","protected":false},"author":102,"featured_media":153057,"comment_status":"open","ping_status":"","sticky":false,"template":"","format":"standard","meta":{"footnotes":""},"categories":[9612],"tags":[],"class_list":["post-153060","post","type-post","status-publish","format-standard","has-post-thumbnail","category-jardinagem"],"_wp_attached_file":null,"_wp_attachment_metadata":null,"_wp_attachment_context":null,"_wp_attachment_is_custom_header":null,"geo_longitude":null,"geo_public":null,"geo_latitude":null,"_publicize_done_external":null,"_wpas_done_3897181":null,"publicize_twitter_user":null,"_wpas_done_3897175":null,"_wpas_skip_3897181":null,"_wpas_skip_3897175":null,"_wpas_skip_3924723":null,"_wpas_mess":null,"_wpas_done_3924723":null,"wps_subtitle":"","_links":{"self":[{"href":"https:\/\/www.aarquiteta.com.br\/blog\/wp-json\/wp\/v2\/posts\/153060","targetHints":{"allow":["GET"]}}],"collection":[{"href":"https:\/\/www.aarquiteta.com.br\/blog\/wp-json\/wp\/v2\/posts"}],"about":[{"href":"https:\/\/www.aarquiteta.com.br\/blog\/wp-json\/wp\/v2\/types\/post"}],"author":[{"embeddable":true,"href":"https:\/\/www.aarquiteta.com.br\/blog\/wp-json\/wp\/v2\/users\/102"}],"replies":[{"embeddable":true,"href":"https:\/\/www.aarquiteta.com.br\/blog\/wp-json\/wp\/v2\/comments?post=153060"}],"version-history":[{"count":0,"href":"https:\/\/www.aarquiteta.com.br\/blog\/wp-json\/wp\/v2\/posts\/153060\/revisions"}],"wp:featuredmedia":[{"embeddable":true,"href":"https:\/\/www.aarquiteta.com.br\/blog\/wp-json\/wp\/v2\/media\/153057"}],"wp:attachment":[{"href":"https:\/\/www.aarquiteta.com.br\/blog\/wp-json\/wp\/v2\/media?parent=153060"}],"wp:term":[{"taxonomy":"category","embeddable":true,"href":"https:\/\/www.aarquiteta.com.br\/blog\/wp-json\/wp\/v2\/categories?post=153060"},{"taxonomy":"post_tag","embeddable":true,"href":"https:\/\/www.aarquiteta.com.br\/blog\/wp-json\/wp\/v2\/tags?post=153060"}],"curies":[{"name":"wp","href":"https:\/\/api.w.org\/{rel}","templated":true}]}}