{"id":153050,"date":"2025-07-16T21:02:44","date_gmt":"2025-07-17T00:02:44","guid":{"rendered":"https:\/\/www.aarquiteta.com.br\/blog\/10-inspiracoes-para-cortinas-em-janelas-de-canto\/"},"modified":"2025-07-16T21:02:44","modified_gmt":"2025-07-17T00:02:44","slug":"10-inspiracoes-para-cortinas-em-janelas-de-canto","status":"publish","type":"post","link":"https:\/\/www.aarquiteta.com.br\/blog\/10-inspiracoes-para-cortinas-em-janelas-de-canto\/","title":{"rendered":"10 Inspira\u00e7\u00f5es para Cortinas em Janelas de Canto"},"content":{"rendered":"<p>Voc\u00ea sabia que as cortinas podem transformar completamente a apar\u00eancia de janelas de canto? Com as escolhas certas, voc\u00ea pode criar um ambiente lindo e funcional.<\/p>\n<figure style=\"width: 1024px\" class=\"wp-caption aligncenter\"><img decoding=\"async\" src=\"https:\/\/www.aarquiteta.com.br\/blog\/wp-content\/uploads\/2025\/07\/01.jpg\" alt=\"https:\/\/www.lorddecor.com\/blog\/bay-window-curtains\" width=\"1024\" height=\"1024\" title=\"\"><figcaption class=\"wp-caption-text\">https:\/\/www.lorddecor.com\/blog\/bay-window-curtains<\/figcaption><\/figure>\n<h3>Introdu\u00e7\u00e3o \u00e0s Cortinas para Janelas de Canto<\/h3>\n<p>As janelas de canto s\u00e3o verdadeiras joias arquitet\u00f4nicas que oferecem uma vis\u00e3o panor\u00e2mica e ilumina\u00e7\u00e3o abundante. <b>Por\u00e9m, determinar como vesti-las pode ser um desafio.<\/b> \u00c9 aqui que entram as cortinas, que n\u00e3o s\u00f3 embelezam o ambiente, mas tamb\u00e9m oferecem privacidade e controle de luz.<\/p>\n<figure style=\"width: 1024px\" class=\"wp-caption aligncenter\"><img decoding=\"async\" src=\"https:\/\/www.aarquiteta.com.br\/blog\/wp-content\/uploads\/2025\/07\/02.jpg\" alt=\"https:\/\/www.lorddecor.com\/blog\/bay-window-curtains\" width=\"1024\" height=\"1024\" title=\"\"><figcaption class=\"wp-caption-text\">https:\/\/www.lorddecor.com\/blog\/bay-window-curtains<\/figcaption><\/figure>\n<p>Se voc\u00ea est\u00e1 em busca de ideias inovadoras, confira essas <b>10 inspira\u00e7\u00f5es de cortinas para janelas de canto.<\/b> Vamos explorar op\u00e7\u00f5es que v\u00e3o do moderno ao cl\u00e1ssico, da eleg\u00e2ncia \u00e0 simplicidade.<\/p>\n<figure style=\"width: 1024px\" class=\"wp-caption aligncenter\"><img decoding=\"async\" src=\"https:\/\/www.aarquiteta.com.br\/blog\/wp-content\/uploads\/2025\/07\/03.jpg\" alt=\"https:\/\/www.lorddecor.com\/blog\/bay-window-curtains\" width=\"1024\" height=\"1024\" title=\"\"><figcaption class=\"wp-caption-text\">https:\/\/www.lorddecor.com\/blog\/bay-window-curtains<\/figcaption><\/figure>\n<h3>1. Cortinas Sheer para um Toque Leve<\/h3>\n<p>As cortinas sheer s\u00e3o \u00f3timas para janelas de canto, permitindo que a luz natural entre. <b>Elas criam uma atmosfera arejada e suave.<\/b> Perfeitas para salas de estar ou quartos.<\/p>\n<h3>2. Cortinas Longas para um Efeito Dr\u00e1stico<\/h3>\n<p>Quer um ar de sofistica\u00e7\u00e3o? <b>Cortinas longas s\u00e3o a escolha ideal, especialmente em tecidos ricos.<\/b> Elas trazem um toque luxuoso ao ambiente.<\/p>\n<h3>3. Camadas de Cortinas para Versatilidade<\/h3>\n<p>Criar um visual din\u00e2mico \u00e9 f\u00e1cil com cortinas em camadas. <b>Combine cortinas sheers com drapes pesadas para um efeito incr\u00edvel.<\/b> Isso permite controle total sobre luz e privacidade.<\/p>\n<h3>4. Cortinas com Padr\u00f5es para Personalidade<\/h3>\n<p>Cortinas com padr\u00f5es vivos adicionam um toque divertido. <b>Escolha desenhos que combinem com a decora\u00e7\u00e3o existente.<\/b> Elas trazem mais vida ao ambiente.<\/p>\n<h3>5. Persianas Romanas para Modernidade<\/h3>\n<p>Persianas romanas trazem um estilo minimalista e chique. <b>Perfeitas para quem busca um visual clean.<\/b> Elas ocupam pouco espa\u00e7o e s\u00e3o pr\u00e1ticas.<\/p>\n<p><div class=\"youtube-embed\" data-video_id=\"Olnt6N71nqU\"><iframe title=\"Cortinas Guindas\" width=\"696\" height=\"522\" src=\"https:\/\/www.youtube.com\/embed\/Olnt6N71nqU?feature=oembed&#038;enablejsapi=1\" frameborder=\"0\" allow=\"accelerometer; autoplay; clipboard-write; encrypted-media; gyroscope; picture-in-picture; web-share\" referrerpolicy=\"strict-origin-when-cross-origin\" allowfullscreen><\/iframe><\/div>\n<\/p>\n<h3>6. Cortinas de Caf\u00e9 para Charmosas Ambientes Informais<\/h3>\n<p>Cortinas de caf\u00e9 s\u00e3o ideais para cozinhas. <b>Elas cobrem a parte inferior da janela, deixando a luz entrar.<\/b> Uma op\u00e7\u00e3o descontra\u00edda e funcional.<\/p>\n<h3>7. Cortinas de Veludo para Eleg\u00e2ncia<\/h3>\n<p>O veludo \u00e9 sin\u00f4nimo de luxo. <b>Cortinas de veludo n\u00e3o apenas protegem como tamb\u00e9m embelezam o espa\u00e7o.<\/b> Uma escolha refinada para quartos ou salas.<\/p>\n<h3>8. Cortinas Personalizadas para um Ajuste Perfeito<\/h3>\n<p>Se tem janelas de canto com medidas complicadas, cortinas personalizadas s\u00e3o a sa\u00edda. <b>Elas garantem um caimento perfeito e estilo \u00fanico.<\/b><\/p>\n<h3>9. Cortinas Neutras para Sofistica\u00e7\u00e3o Subtil<\/h3>\n<p>Cortinas em tons neutros criam um ambiente calmo e elegante. <b>Perfeitas para qualquer estilo de decora\u00e7\u00e3o.<\/b> Elas mant\u00eam o foco em outros elementos decorativos.<\/p>\n<h3>10. Cortinas Blackout para Conforto e Privacidade<\/h3>\n<p>Para quem precisa de escurid\u00e3o total, cortinas blackout s\u00e3o indispens\u00e1veis. <b>Elas garantem conforto em quartos e salas de home theater.<\/b><\/p>\n<table>\n<tr>\n<th>Estilo de Cortina<\/th>\n<th>Vantagens<\/th>\n<th>Ambientes Ideais<\/th>\n<\/tr>\n<tr>\n<td>Cortinas Sheer<\/td>\n<td>Luz natural e leveza<\/td>\n<td>Salas, quartos<\/td>\n<\/tr>\n<tr>\n<td>Cortinas Longas<\/td>\n<td>Luxo e sofistica\u00e7\u00e3o<\/td>\n<td>Salas formais, quartos<\/td>\n<\/tr>\n<tr>\n<td>Cortinas em Camadas<\/td>\n<td>Controle de luz<\/td>\n<td>Qualquer ambiente<\/td>\n<\/tr>\n<tr>\n<td>Cortinas com Padr\u00f5es<\/td>\n<td>Personifica\u00e7\u00e3o do espa\u00e7o<\/td>\n<td>Salas, escrit\u00f3rios<\/td>\n<\/tr>\n<tr>\n<td>Persianas Romanas<\/td>\n<td>Estilo minimalista<\/td>\n<td>Salas de estar<\/td>\n<\/tr>\n<\/table>\n<p>Escolher a cortina ideal faz toda a diferen\u00e7a na decora\u00e7\u00e3o. Cada estilo traz uma personalidade \u00fanica. <b>Essas 10 inspira\u00e7\u00f5es v\u00e3o te ajudar a criar o ambiente perfeito.<\/b> E a\u00ed, qual delas voc\u00ea vai escolher para suas janelas de canto? Comente abaixo! Aproveite e explore outros conte\u00fados do nosso blog para mais dicas de decora\u00e7\u00e3o!<\/p>\n","protected":false},"excerpt":{"rendered":"<p>10 Inspira\u00e7\u00f5es para Cortinas em Janelas de Canto<\/p>\n","protected":false},"author":102,"featured_media":153047,"comment_status":"open","ping_status":"","sticky":false,"template":"","format":"standard","meta":{"footnotes":""},"categories":[1484],"tags":[],"class_list":["post-153050","post","type-post","status-publish","format-standard","has-post-thumbnail","category-decoracao"],"_wp_attached_file":null,"_wp_attachment_metadata":null,"_wp_attachment_context":null,"_wp_attachment_is_custom_header":null,"geo_longitude":null,"geo_public":null,"geo_latitude":null,"_publicize_done_external":null,"_wpas_done_3897181":null,"publicize_twitter_user":null,"_wpas_done_3897175":null,"_wpas_skip_3897181":null,"_wpas_skip_3897175":null,"_wpas_skip_3924723":null,"_wpas_mess":null,"_wpas_done_3924723":null,"wps_subtitle":"","_links":{"self":[{"href":"https:\/\/www.aarquiteta.com.br\/blog\/wp-json\/wp\/v2\/posts\/153050","targetHints":{"allow":["GET"]}}],"collection":[{"href":"https:\/\/www.aarquiteta.com.br\/blog\/wp-json\/wp\/v2\/posts"}],"about":[{"href":"https:\/\/www.aarquiteta.com.br\/blog\/wp-json\/wp\/v2\/types\/post"}],"author":[{"embeddable":true,"href":"https:\/\/www.aarquiteta.com.br\/blog\/wp-json\/wp\/v2\/users\/102"}],"replies":[{"embeddable":true,"href":"https:\/\/www.aarquiteta.com.br\/blog\/wp-json\/wp\/v2\/comments?post=153050"}],"version-history":[{"count":0,"href":"https:\/\/www.aarquiteta.com.br\/blog\/wp-json\/wp\/v2\/posts\/153050\/revisions"}],"wp:featuredmedia":[{"embeddable":true,"href":"https:\/\/www.aarquiteta.com.br\/blog\/wp-json\/wp\/v2\/media\/153047"}],"wp:attachment":[{"href":"https:\/\/www.aarquiteta.com.br\/blog\/wp-json\/wp\/v2\/media?parent=153050"}],"wp:term":[{"taxonomy":"category","embeddable":true,"href":"https:\/\/www.aarquiteta.com.br\/blog\/wp-json\/wp\/v2\/categories?post=153050"},{"taxonomy":"post_tag","embeddable":true,"href":"https:\/\/www.aarquiteta.com.br\/blog\/wp-json\/wp\/v2\/tags?post=153050"}],"curies":[{"name":"wp","href":"https:\/\/api.w.org\/{rel}","templated":true}]}}