{"id":153011,"date":"2025-07-14T07:31:20","date_gmt":"2025-07-14T10:31:20","guid":{"rendered":"https:\/\/www.aarquiteta.com.br\/blog\/tons-de-verde\/"},"modified":"2025-07-14T07:31:20","modified_gmt":"2025-07-14T10:31:20","slug":"tons-de-verde","status":"publish","type":"post","link":"https:\/\/www.aarquiteta.com.br\/blog\/tons-de-verde\/","title":{"rendered":"As 10 Melhores Tonalidades de Verde para Decorar sua Casa"},"content":{"rendered":"<p>Est\u00e1 pensando em dar uma repaginada na sua casa?<br \/> Os tons de verde podem ser a escolha perfeita para isso!<\/p>\n<figure style=\"width: 1024px\" class=\"wp-caption aligncenter\"><img decoding=\"async\" src=\"https:\/\/www.aarquiteta.com.br\/blog\/wp-content\/uploads\/2025\/07\/tons-de-verde01.jpg\" alt=\"https:\/\/www.tuacasa.com.br\/tons-de-verde\/\" width=\"1024\" height=\"1024\" title=\"\"><figcaption class=\"wp-caption-text\">https:\/\/www.tuacasa.com.br\/tons-de-verde\/<\/figcaption><\/figure>\n<h3>O que vamos explorar?<\/h3>\n<ul>\n<li>Defini\u00e7\u00e3o de tons de verde<\/li>\n<li>As 10 melhores tonalidades<\/li>\n<li>Dicas para usar no dia a dia<\/li>\n<\/ul>\n<h3>O que s\u00e3o os tons de verde?<\/h3>\n<p>Os <b>tons de verde<\/b> est\u00e3o profundamente ligadas \u00e0 natureza e transmitem sensa\u00e7\u00f5es de frescor e renova\u00e7\u00e3o. Essa cor pode trazer energia, tranquilidade e sofistica\u00e7\u00e3o para os ambientes. Vamos conhecer as 10 melhores tonalidades de verde para voc\u00ea usar na sua decora\u00e7\u00e3o!<\/p>\n<figure style=\"width: 1024px\" class=\"wp-caption aligncenter\"><img decoding=\"async\" src=\"https:\/\/www.aarquiteta.com.br\/blog\/wp-content\/uploads\/2025\/07\/tons-de-verde02.jpg\" alt=\"https:\/\/www.tuacasa.com.br\/tons-de-verde\/\" width=\"1024\" height=\"1024\" title=\"\"><figcaption class=\"wp-caption-text\">https:\/\/www.tuacasa.com.br\/tons-de-verde\/<\/figcaption><\/figure>\n<h3>As 10 melhores tonalidades de verde<\/h3>\n<ol>\n<li><b>Verde-\u00e1gua<\/b> &#8211; Ideal para ambientes relaxantes.<\/li>\n<li><b>Verde-lim\u00e3o<\/b> &#8211; Cria uma atmosfera vibrante e alegre.<\/li>\n<li><b>Verde-musgo<\/b> &#8211; Um tom mais s\u00f3brio e elegante.<\/li>\n<li><b>Verde-menta<\/b> &#8211; Fresco e delicado, \u00f3tima escolha para quartos.<\/li>\n<li><b>Verde-esmeralda<\/b> &#8211; Muito sofisticado, combina bem com detalhes em dourado.<\/li>\n<li><b>Verde-oliva<\/b> &#8211; Ideal para uma decora\u00e7\u00e3o r\u00fastica.<\/li>\n<li><b>Verde-bandeira<\/b> &#8211; Um tom ousado que pode ser usado com modera\u00e7\u00e3o.<\/li>\n<li><b>Verde-ma\u00e7\u00e3<\/b> &#8211; Por ser leve, combina com muita facilidade.<\/li>\n<li><b>Verde-floresta<\/b> &#8211; Conecta o interior \u00e0 natureza, perfeito para salas.<\/li>\n<li><b>Verde-claro<\/b> &#8211; Torna o ambiente mais amplo e iluminado.<\/li>\n<\/ol>\n<h3>Como usar essas tonalidades?<\/h3>\n<p>Agora que conhecemos as <b>melhores tonalidades de verde<\/b>, vamos \u00e0s dicas:<\/p>\n<figure style=\"width: 1024px\" class=\"wp-caption aligncenter\"><img decoding=\"async\" src=\"https:\/\/www.aarquiteta.com.br\/blog\/wp-content\/uploads\/2025\/07\/tons-de-verde03.jpg\" alt=\"https:\/\/www.tuacasa.com.br\/tons-de-verde\/\" width=\"1024\" height=\"1024\" title=\"\"><figcaption class=\"wp-caption-text\">https:\/\/www.tuacasa.com.br\/tons-de-verde\/<\/figcaption><\/figure>\n<ul>\n<li>Inspire-se: Coloque amostras das tintas em casa para ver como reagem com a luz.<\/li>\n<li>Combinando: Use o verde com tons neutros, como branco e cinza, para equilibrar.<\/li>\n<li>Em detalhes: Se n\u00e3o quiser arriscar nas paredes, que tal almofadas ou quadros?<\/li>\n<\/ul>\n<table>\n<tr>\n<th>Tonalidade<\/th>\n<th>Caracter\u00edsticas<\/th>\n<th>Ambientes Ideais<\/th>\n<\/tr>\n<tr>\n<td>Verde-\u00e1gua<\/td>\n<td>Relaxante<\/td>\n<td>Salas e banheiros<\/td>\n<\/tr>\n<tr>\n<td>Verde-lim\u00e3o<\/td>\n<td>Vibrante<\/td>\n<td>Cozinhas e escrit\u00f3rios<\/td>\n<\/tr>\n<tr>\n<td>Verde-musgo<\/td>\n<td>Elegante<\/td>\n<td>Salas de estar<\/td>\n<\/tr>\n<\/table>\n<h3>Transforme sua casa!<\/h3>\n<p>Em suma, os tons de verde t\u00eam o poder de revitalizar qualquer espa\u00e7o. <b>Experimente<\/b> misturar as tonalidades e veja como sua casa pode ganhar vida nova. N\u00e3o tenha medo de ousar nas combina\u00e7\u00f5es e crie um ambiente que traduz seu estilo pessoal!<\/p>\n<p>Gostou dessas dicas? <b>Comente abaixo<\/b> suas impress\u00f5es e compartilhe suas ideias de decora\u00e7\u00e3o! E n\u00e3o esque\u00e7a de conferir outros artigos do nosso blog que falam sobre decora\u00e7\u00e3o e cores!<\/p>\n<p><div class=\"youtube-embed\" data-video_id=\"nFcqh6JfPF8\"><iframe title=\"Sombras Verdes | Paso a Paso!\" width=\"696\" height=\"392\" src=\"https:\/\/www.youtube.com\/embed\/nFcqh6JfPF8?feature=oembed&#038;enablejsapi=1\" frameborder=\"0\" allow=\"accelerometer; autoplay; clipboard-write; encrypted-media; gyroscope; picture-in-picture; web-share\" referrerpolicy=\"strict-origin-when-cross-origin\" allowfullscreen><\/iframe><\/div><\/p>\n","protected":false},"excerpt":{"rendered":"<p>As 10 Melhores Tonalidades de Verde para Decorar sua Casa<\/p>\n","protected":false},"author":102,"featured_media":153008,"comment_status":"open","ping_status":"","sticky":false,"template":"","format":"standard","meta":{"footnotes":""},"categories":[1484],"tags":[],"class_list":["post-153011","post","type-post","status-publish","format-standard","has-post-thumbnail","category-decoracao"],"_wp_attached_file":null,"_wp_attachment_metadata":null,"_wp_attachment_context":null,"_wp_attachment_is_custom_header":null,"geo_longitude":null,"geo_public":null,"geo_latitude":null,"_publicize_done_external":null,"_wpas_done_3897181":null,"publicize_twitter_user":null,"_wpas_done_3897175":null,"_wpas_skip_3897181":null,"_wpas_skip_3897175":null,"_wpas_skip_3924723":null,"_wpas_mess":null,"_wpas_done_3924723":null,"wps_subtitle":"","_links":{"self":[{"href":"https:\/\/www.aarquiteta.com.br\/blog\/wp-json\/wp\/v2\/posts\/153011","targetHints":{"allow":["GET"]}}],"collection":[{"href":"https:\/\/www.aarquiteta.com.br\/blog\/wp-json\/wp\/v2\/posts"}],"about":[{"href":"https:\/\/www.aarquiteta.com.br\/blog\/wp-json\/wp\/v2\/types\/post"}],"author":[{"embeddable":true,"href":"https:\/\/www.aarquiteta.com.br\/blog\/wp-json\/wp\/v2\/users\/102"}],"replies":[{"embeddable":true,"href":"https:\/\/www.aarquiteta.com.br\/blog\/wp-json\/wp\/v2\/comments?post=153011"}],"version-history":[{"count":0,"href":"https:\/\/www.aarquiteta.com.br\/blog\/wp-json\/wp\/v2\/posts\/153011\/revisions"}],"wp:featuredmedia":[{"embeddable":true,"href":"https:\/\/www.aarquiteta.com.br\/blog\/wp-json\/wp\/v2\/media\/153008"}],"wp:attachment":[{"href":"https:\/\/www.aarquiteta.com.br\/blog\/wp-json\/wp\/v2\/media?parent=153011"}],"wp:term":[{"taxonomy":"category","embeddable":true,"href":"https:\/\/www.aarquiteta.com.br\/blog\/wp-json\/wp\/v2\/categories?post=153011"},{"taxonomy":"post_tag","embeddable":true,"href":"https:\/\/www.aarquiteta.com.br\/blog\/wp-json\/wp\/v2\/tags?post=153011"}],"curies":[{"name":"wp","href":"https:\/\/api.w.org\/{rel}","templated":true}]}}