{"id":152883,"date":"2025-07-05T12:01:18","date_gmt":"2025-07-05T15:01:18","guid":{"rendered":"https:\/\/www.aarquiteta.com.br\/blog\/15-planejando-seu-jardim-os-caminhos\/"},"modified":"2025-07-05T12:01:18","modified_gmt":"2025-07-05T15:01:18","slug":"15-planejando-seu-jardim-os-caminhos","status":"publish","type":"post","link":"https:\/\/www.aarquiteta.com.br\/blog\/15-planejando-seu-jardim-os-caminhos\/","title":{"rendered":"7 Inova\u00e7\u00f5es no Planejamento do Seu Jardim"},"content":{"rendered":"<p>Voc\u00ea j\u00e1 pensou em como pequenas inova\u00e7\u00f5es podem transformar seu jardim? Neste artigo, vou te mostrar 7 inova\u00e7\u00f5es que podem dar um novo ar ao seu espa\u00e7o verde.<\/p>\n<figure style=\"width: 1024px\" class=\"wp-caption aligncenter\"><img decoding=\"async\" src=\"https:\/\/www.aarquiteta.com.br\/blog\/wp-content\/uploads\/2025\/07\/15-planejando-seu-jardim-os-caminhos-01.jpg\" alt=\"https:\/\/www.jardineiro.net\/15-planejando-seu-jardim-os-caminhos.html\" width=\"1024\" height=\"1024\" title=\"\"><figcaption class=\"wp-caption-text\">https:\/\/www.jardineiro.net\/15-planejando-seu-jardim-os-caminhos.html<\/figcaption><\/figure>\n<h3>1. Caminhos Sustent\u00e1veis<\/h3>\n<p><b>Incorporar materiais ecol\u00f3gicos<\/b> para os caminhos do seu jardim \u00e9 uma forma moderna e sustent\u00e1vel de paisagismo. Utilize pedriscos, madeira de reflorestamento ou blocos de concreto reciclado. Isso n\u00e3o s\u00f3 deixa o visual mais bonito, como tamb\u00e9m contribui para o meio ambiente.<\/p>\n<figure style=\"width: 1024px\" class=\"wp-caption aligncenter\"><img decoding=\"async\" src=\"https:\/\/www.aarquiteta.com.br\/blog\/wp-content\/uploads\/2025\/07\/15-planejando-seu-jardim-os-caminhos-02.jpg\" alt=\"https:\/\/www.jardineiro.net\/15-planejando-seu-jardim-os-caminhos.html\" width=\"1024\" height=\"1024\" title=\"\"><figcaption class=\"wp-caption-text\">https:\/\/www.jardineiro.net\/15-planejando-seu-jardim-os-caminhos.html<\/figcaption><\/figure>\n<h3>2. Ilumina\u00e7\u00e3o Inteligente<\/h3>\n<p><b>Ilumina\u00e7\u00e3o LED<\/b> automotiva adiciona um toque m\u00e1gico \u00e0 noite. Com sensores de movimento, voc\u00ea ilumina caminhos, destacando plantas e proporcionando seguran\u00e7a no seu jardim. Al\u00e9m de funcional, a ilumina\u00e7\u00e3o valoriza o espa\u00e7o de forma criativa.<\/p>\n<figure style=\"width: 1024px\" class=\"wp-caption aligncenter\"><img decoding=\"async\" src=\"https:\/\/www.aarquiteta.com.br\/blog\/wp-content\/uploads\/2025\/07\/15-planejando-seu-jardim-os-caminhos-03.jpg\" alt=\"https:\/\/www.jardineiro.net\/15-planejando-seu-jardim-os-caminhos.html\" width=\"1024\" height=\"1024\" title=\"\"><figcaption class=\"wp-caption-text\">https:\/\/www.jardineiro.net\/15-planejando-seu-jardim-os-caminhos.html<\/figcaption><\/figure>\n<h3>3. Sistemas de Irriga\u00e7\u00e3o Automatizados<\/h3>\n<p><b>Instalar um sistema de irriga\u00e7\u00e3o inteligente<\/b> garante que suas plantas recebam a quantidade certa de \u00e1gua. Com tecnologia que ajusta o fluxo conforme a necessidade da planta e as condi\u00e7\u00f5es clim\u00e1ticas, voc\u00ea economiza \u00e1gua e tempo.<\/p>\n<h3>4. Jardins Verticais<\/h3>\n<p><b>Aproveitar paredes para jardins verticais<\/b> \u00e9 uma tend\u00eancia que maximiza o uso do espa\u00e7o. Voc\u00ea n\u00e3o s\u00f3 decora como tamb\u00e9m melhora a qualidade do ar. Uma parede verde pode se tornar o ponto focal da sua \u00e1rea externa ou at\u00e9 interna.<\/p>\n<h3>5. Placas Fotovoltaicas<\/h3>\n<p><b>Gerar energia limpa<\/b> para o seu espa\u00e7o pode incluir a instala\u00e7\u00e3o de placas solares. Isso potencializa seu jardim, pois voc\u00ea pode alimentar fontes de \u00e1gua ou luzes, economizando na conta mensal.<\/p>\n<h3>6. Conserva\u00e7\u00e3o de \u00c1gua com Telhados Verdes<\/h3>\n<p><b>Telhados verdes<\/b> s\u00e3o uma inova\u00e7\u00e3o que ajuda na absor\u00e7\u00e3o de \u00e1gua da chuva, reduzindo o escoamento e contribuindo para plantas saud\u00e1veis. Eles tamb\u00e9m melhoram o isolamento t\u00e9rmico do im\u00f3vel.<\/p>\n<h3>7. Fertilizantes Org\u00e2nicos<\/h3>\n<p><b>Optar por fertilizantes org\u00e2nicos<\/b> \u00e9 uma escolha saud\u00e1vel para o seu jardim. Al\u00e9m de nutrir as plantas, evitam a polui\u00e7\u00e3o do solo e da \u00e1gua. Compostagem caseira \u00e9 uma forma f\u00e1cil de ter esse produto sempre \u00e0 disposi\u00e7\u00e3o.<\/p>\n<p><div class=\"youtube-embed\" data-video_id=\"B27s3TrzmpY\"><iframe title=\"5 passos essenciais para planejar um jardim\" width=\"696\" height=\"392\" src=\"https:\/\/www.youtube.com\/embed\/B27s3TrzmpY?feature=oembed&#038;enablejsapi=1\" frameborder=\"0\" allow=\"accelerometer; autoplay; clipboard-write; encrypted-media; gyroscope; picture-in-picture; web-share\" referrerpolicy=\"strict-origin-when-cross-origin\" allowfullscreen><\/iframe><\/div>\n<\/p>\n<table>\n<tr>\n<th>Inova\u00e7\u00e3o<\/th>\n<th>Benef\u00edcios<\/th>\n<\/tr>\n<tr>\n<td>Caminhos Sustent\u00e1veis<\/td>\n<td>Est\u00e9tica e respeito ao meio ambiente<\/td>\n<\/tr>\n<tr>\n<td>Ilumina\u00e7\u00e3o Inteligente<\/td>\n<td>Seguran\u00e7a e valoriza\u00e7\u00e3o do espa\u00e7o<\/td>\n<\/tr>\n<tr>\n<td>Sistemas de Irriga\u00e7\u00e3o Automatizados<\/td>\n<td>Economia de \u00e1gua e efici\u00eancia<\/td>\n<\/tr>\n<tr>\n<td>Jardins Verticais<\/td>\n<td>Economia de espa\u00e7o e melhora do ar<\/td>\n<\/tr>\n<tr>\n<td>Placas Fotovoltaicas<\/td>\n<td>Energia limpa e economia na conta<\/td>\n<\/tr>\n<tr>\n<td>Telhados Verdes<\/td>\n<td>Controle de \u00e1gua da chuva e melhor isolamento<\/td>\n<\/tr>\n<tr>\n<td>Fertilizantes Org\u00e2nicos<\/td>\n<td>Saudabilidade e sustentabilidade<\/td>\n<\/tr>\n<\/table>\n<p>Essas inova\u00e7\u00f5es n\u00e3o s\u00e3o apenas tend\u00eancias. <b>Elas podem transformar o seu jardim<\/b> em um espa\u00e7o mais pr\u00e1tico, sustent\u00e1vel e agrad\u00e1vel. Ent\u00e3o, o que voc\u00ea est\u00e1 esperando para implementar essas ideias? Comente aqui suas experi\u00eancias ou quais inova\u00e7\u00f5es voc\u00ea gostaria de experimentar no seu jardim! Para mais dicas e truques, n\u00e3o deixe de navegar por nosso blog e descubra um mundo de possibilidades para o seu espa\u00e7o verde.<\/p>\n","protected":false},"excerpt":{"rendered":"<p>7 Inova\u00e7\u00f5es no Planejamento do Seu Jardim<\/p>\n","protected":false},"author":102,"featured_media":152880,"comment_status":"open","ping_status":"","sticky":false,"template":"","format":"standard","meta":{"footnotes":""},"categories":[9612],"tags":[],"class_list":["post-152883","post","type-post","status-publish","format-standard","has-post-thumbnail","category-jardinagem"],"_wp_attached_file":null,"_wp_attachment_metadata":null,"_wp_attachment_context":null,"_wp_attachment_is_custom_header":null,"geo_longitude":null,"geo_public":null,"geo_latitude":null,"_publicize_done_external":null,"_wpas_done_3897181":null,"publicize_twitter_user":null,"_wpas_done_3897175":null,"_wpas_skip_3897181":null,"_wpas_skip_3897175":null,"_wpas_skip_3924723":null,"_wpas_mess":null,"_wpas_done_3924723":null,"wps_subtitle":"","_links":{"self":[{"href":"https:\/\/www.aarquiteta.com.br\/blog\/wp-json\/wp\/v2\/posts\/152883","targetHints":{"allow":["GET"]}}],"collection":[{"href":"https:\/\/www.aarquiteta.com.br\/blog\/wp-json\/wp\/v2\/posts"}],"about":[{"href":"https:\/\/www.aarquiteta.com.br\/blog\/wp-json\/wp\/v2\/types\/post"}],"author":[{"embeddable":true,"href":"https:\/\/www.aarquiteta.com.br\/blog\/wp-json\/wp\/v2\/users\/102"}],"replies":[{"embeddable":true,"href":"https:\/\/www.aarquiteta.com.br\/blog\/wp-json\/wp\/v2\/comments?post=152883"}],"version-history":[{"count":0,"href":"https:\/\/www.aarquiteta.com.br\/blog\/wp-json\/wp\/v2\/posts\/152883\/revisions"}],"wp:featuredmedia":[{"embeddable":true,"href":"https:\/\/www.aarquiteta.com.br\/blog\/wp-json\/wp\/v2\/media\/152880"}],"wp:attachment":[{"href":"https:\/\/www.aarquiteta.com.br\/blog\/wp-json\/wp\/v2\/media?parent=152883"}],"wp:term":[{"taxonomy":"category","embeddable":true,"href":"https:\/\/www.aarquiteta.com.br\/blog\/wp-json\/wp\/v2\/categories?post=152883"},{"taxonomy":"post_tag","embeddable":true,"href":"https:\/\/www.aarquiteta.com.br\/blog\/wp-json\/wp\/v2\/tags?post=152883"}],"curies":[{"name":"wp","href":"https:\/\/api.w.org\/{rel}","templated":true}]}}