{"id":152832,"date":"2025-07-02T07:31:30","date_gmt":"2025-07-02T10:31:30","guid":{"rendered":"https:\/\/www.aarquiteta.com.br\/blog\/tapete-preto-e-branco\/"},"modified":"2025-07-02T07:31:30","modified_gmt":"2025-07-02T10:31:30","slug":"tapete-preto-e-branco","status":"publish","type":"post","link":"https:\/\/www.aarquiteta.com.br\/blog\/tapete-preto-e-branco\/","title":{"rendered":"10 Ideias Criativas com Tapetes Pretos e Brancos"},"content":{"rendered":"<p>Voc\u00ea j\u00e1 pensou como um <b>tapete preto e branco<\/b> pode transformar sua casa? Este item cl\u00e1ssico oferece beleza e sofistica\u00e7\u00e3o em qualquer ambiente!<\/p>\n<figure style=\"width: 1024px\" class=\"wp-caption aligncenter\"><img decoding=\"async\" src=\"https:\/\/www.aarquiteta.com.br\/blog\/wp-content\/uploads\/2025\/07\/tapete-preto-e-branco01.jpg\" alt=\"https:\/\/www.tuacasa.com.br\/tapete-preto-e-branco\/\" width=\"1024\" height=\"1024\" title=\"\"><figcaption class=\"wp-caption-text\">https:\/\/www.tuacasa.com.br\/tapete-preto-e-branco\/<\/figcaption><\/figure>\n<h3>10 Ideias Criativas com Tapetes Pretos e Brancos<\/h3>\n<p>Neste artigo, vou mostrar algumas <b>ideias criativas<\/b> para utilizar o tapete preto e branco na sua decora\u00e7\u00e3o. Ele \u00e9 vers\u00e1til, leve e combina com diversos estilos.{&#8221; &#8220;}<br \/>\n<b>Al\u00e9m disso<\/b>, \u00e9 uma escolha que nunca sai de moda!<\/p>\n<figure style=\"width: 1024px\" class=\"wp-caption aligncenter\"><img decoding=\"async\" src=\"https:\/\/www.aarquiteta.com.br\/blog\/wp-content\/uploads\/2025\/07\/tapete-preto-e-branco02.jpg\" alt=\"https:\/\/www.tuacasa.com.br\/tapete-preto-e-branco\/\" width=\"1024\" height=\"1024\" title=\"\"><figcaption class=\"wp-caption-text\">https:\/\/www.tuacasa.com.br\/tapete-preto-e-branco\/<\/figcaption><\/figure>\n<h3>1. Combine com M\u00f3veis Coloridos<\/h3>\n<p>Uma maneira incr\u00edvel de acentuar o tapete preto e branco \u00e9 <b>combin\u00e1-lo<\/b> com m\u00f3veis coloridos. Isso gera um contraste interessante e uma decor vibrante.<\/p>\n<figure style=\"width: 1024px\" class=\"wp-caption aligncenter\"><img decoding=\"async\" src=\"https:\/\/www.aarquiteta.com.br\/blog\/wp-content\/uploads\/2025\/07\/tapete-preto-e-branco03.jpg\" alt=\"https:\/\/www.tuacasa.com.br\/tapete-preto-e-branco\/\" width=\"1024\" height=\"1024\" title=\"\"><figcaption class=\"wp-caption-text\">https:\/\/www.tuacasa.com.br\/tapete-preto-e-branco\/<\/figcaption><\/figure>\n<h3>2. Use na Cozinha<\/h3>\n<p>Um tapete preto e branco na cozinha traz <b>estilo<\/b> e conforto. Aposte em modelos que resistem a manchas para facilitar a limpeza!<\/p>\n<h3>3. Atraia Olhares no Quarto<\/h3>\n<p>No quarto, o tapete traz aconchego e personalidade. <b>Escolha um formato<\/b> que se ajuste bem ao espa\u00e7o e complemente a cama ou o cabeceira.<\/p>\n<h3>4. Crie um Espa\u00e7o de Leitura<\/h3>\n<p>Monte um cantinho de leitura ador\u00e1vel com um tapete preto e branco. <b>Adicione almofadas<\/b> e uma boa lumin\u00e1ria para completar o ambiente.<\/p>\n<h3>5. Invista no Tapete Chevron<\/h3>\n<p>O padr\u00e3o chevron \u00e9 muito moderno. <b>Ele combina<\/b> com diferentes estilos de decora\u00e7\u00e3o, do r\u00fastico ao contempor\u00e2neo, sem perder a eleg\u00e2ncia.<\/p>\n<h3>6. Use como Capa Protetora<\/h3>\n<p>Al\u00e9m de embelezar, o tapete tamb\u00e9m protege seu piso. Coloc\u00e1-lo entre o sof\u00e1 e a mesa de centro \u00e9 uma \u00f3tima ideia para <b>proteger<\/b> o ch\u00e3o.<\/p>\n<p><div class=\"youtube-embed\" data-video_id=\"chOXBSjZOWE\"><iframe title=\"Alfombras tejidas a crochet 2021\" width=\"696\" height=\"522\" src=\"https:\/\/www.youtube.com\/embed\/chOXBSjZOWE?feature=oembed&#038;enablejsapi=1\" frameborder=\"0\" allow=\"accelerometer; autoplay; clipboard-write; encrypted-media; gyroscope; picture-in-picture; web-share\" referrerpolicy=\"strict-origin-when-cross-origin\" allowfullscreen><\/iframe><\/div>\n<\/p>\n<h3>7. Ideal para Ambientes Infantis<\/h3>\n<p>As crian\u00e7as adoram brincar no ch\u00e3o. Um tapete preto e branco \u00e9 ideal para ambientes <b>infantis<\/b> porque \u00e9 f\u00e1cil de combinar e mant\u00e9m o espa\u00e7o divertido.<\/p>\n<h3>8. Op\u00e7\u00f5es Personalizadas<\/h3>\n<p>Que tal fazer o seu pr\u00f3prio tapete? Existem tutoriais incr\u00edveis de <b>croch\u00ea<\/b> e t\u00e9cnicas de ateli\u00ea que podem te ajudar a criar algo \u00fanico e especial.<\/p>\n<h3>9. Aposte nas Texturas<\/h3>\n<table>\n<tr>\n<th>Tipo de Tapete<\/th>\n<th>Textura<\/th>\n<th>Ambiente Ideal<\/th>\n<\/tr>\n<tr>\n<td>Chevron<\/td>\n<td>Geom\u00e9trico<\/td>\n<td>Sala de estar<\/td>\n<\/tr>\n<tr>\n<td>Croch\u00e9<\/td>\n<td>Macio<\/td>\n<td>Quarto Infantil<\/td>\n<\/tr>\n<tr>\n<td>Listrado<\/td>\n<td>Elegante<\/td>\n<td>Cozinha<\/td>\n<\/tr>\n<\/table>\n<h3>10. Inspire-se em Modelos Listrados<\/h3>\n<p>Tapetes com listras tamb\u00e9m s\u00e3o uma excelente escolha. Eles oferecem <b>movimento<\/b> e personalidade ao espa\u00e7o, al\u00e9m de serem super charmosos.<\/p>\n<p>Como voc\u00ea pode ver, os <b>tapetes pretos e brancos<\/b> s\u00e3o uma adi\u00e7\u00e3o fabulosa \u00e0 sua casa. Por que n\u00e3o experimentar uma dessas ideias criativas hoje mesmo? Tenho certeza de que voc\u00ea vai amar o resultado! Compartilhe suas experi\u00eancias e dicas nos coment\u00e1rios e continue explorando nosso blog para mais inspira\u00e7\u00f5es!<\/p>\n","protected":false},"excerpt":{"rendered":"<p>10 Ideias Criativas com Tapetes Pretos e Brancos<\/p>\n","protected":false},"author":102,"featured_media":152829,"comment_status":"open","ping_status":"","sticky":false,"template":"","format":"standard","meta":{"footnotes":""},"categories":[1484],"tags":[],"class_list":["post-152832","post","type-post","status-publish","format-standard","has-post-thumbnail","category-decoracao"],"_wp_attached_file":null,"_wp_attachment_metadata":null,"_wp_attachment_context":null,"_wp_attachment_is_custom_header":null,"geo_longitude":null,"geo_public":null,"geo_latitude":null,"_publicize_done_external":null,"_wpas_done_3897181":null,"publicize_twitter_user":null,"_wpas_done_3897175":null,"_wpas_skip_3897181":null,"_wpas_skip_3897175":null,"_wpas_skip_3924723":null,"_wpas_mess":null,"_wpas_done_3924723":null,"wps_subtitle":"","_links":{"self":[{"href":"https:\/\/www.aarquiteta.com.br\/blog\/wp-json\/wp\/v2\/posts\/152832","targetHints":{"allow":["GET"]}}],"collection":[{"href":"https:\/\/www.aarquiteta.com.br\/blog\/wp-json\/wp\/v2\/posts"}],"about":[{"href":"https:\/\/www.aarquiteta.com.br\/blog\/wp-json\/wp\/v2\/types\/post"}],"author":[{"embeddable":true,"href":"https:\/\/www.aarquiteta.com.br\/blog\/wp-json\/wp\/v2\/users\/102"}],"replies":[{"embeddable":true,"href":"https:\/\/www.aarquiteta.com.br\/blog\/wp-json\/wp\/v2\/comments?post=152832"}],"version-history":[{"count":0,"href":"https:\/\/www.aarquiteta.com.br\/blog\/wp-json\/wp\/v2\/posts\/152832\/revisions"}],"wp:featuredmedia":[{"embeddable":true,"href":"https:\/\/www.aarquiteta.com.br\/blog\/wp-json\/wp\/v2\/media\/152829"}],"wp:attachment":[{"href":"https:\/\/www.aarquiteta.com.br\/blog\/wp-json\/wp\/v2\/media?parent=152832"}],"wp:term":[{"taxonomy":"category","embeddable":true,"href":"https:\/\/www.aarquiteta.com.br\/blog\/wp-json\/wp\/v2\/categories?post=152832"},{"taxonomy":"post_tag","embeddable":true,"href":"https:\/\/www.aarquiteta.com.br\/blog\/wp-json\/wp\/v2\/tags?post=152832"}],"curies":[{"name":"wp","href":"https:\/\/api.w.org\/{rel}","templated":true}]}}