{"id":152818,"date":"2025-07-01T07:31:51","date_gmt":"2025-07-01T10:31:51","guid":{"rendered":"https:\/\/www.aarquiteta.com.br\/blog\/cores-de-sofa\/"},"modified":"2025-07-01T07:31:51","modified_gmt":"2025-07-01T10:31:51","slug":"cores-de-sofa","status":"publish","type":"post","link":"https:\/\/www.aarquiteta.com.br\/blog\/cores-de-sofa\/","title":{"rendered":"Descubra as 10 Cores de Sof\u00e1 Que Transformam Seu Espa\u00e7o"},"content":{"rendered":"<p>Voc\u00ea j\u00e1 percebeu como um simples detalhe pode transformar completamente a decora\u00e7\u00e3o da sua sala? A cor do sof\u00e1 tem um papel fundamental nesse processo. <b>Escolher a cor certa<\/b> n\u00e3o s\u00f3 real\u00e7a o ambiente, mas tamb\u00e9m pode refletir sua personalidade, criando um espa\u00e7o agrad\u00e1vel e acolhedor.<\/p>\n<figure style=\"width: 1024px\" class=\"wp-caption aligncenter\"><img decoding=\"async\" src=\"https:\/\/www.aarquiteta.com.br\/blog\/wp-content\/uploads\/2025\/07\/cores-de-sofa01.jpg\" alt=\"https:\/\/www.tuacasa.com.br\/cores-de-sofa\/\" width=\"1024\" height=\"1024\" title=\"\"><figcaption class=\"wp-caption-text\">https:\/\/www.tuacasa.com.br\/cores-de-sofa\/<\/figcaption><\/figure>\n<p>Hoje, vou te mostrar <b>10 cores de sof\u00e1<\/b> que podem revolucionar o seu espa\u00e7o. Essas cores n\u00e3o s\u00e3o apenas tend\u00eancias, mas escolhas que agregam estilo e sofistica\u00e7\u00e3o \u00e0 sua sala. Preparado para se surpreender?<\/p>\n<figure style=\"width: 1024px\" class=\"wp-caption aligncenter\"><img decoding=\"async\" src=\"https:\/\/www.aarquiteta.com.br\/blog\/wp-content\/uploads\/2025\/07\/cores-de-sofa02.jpg\" alt=\"https:\/\/www.tuacasa.com.br\/cores-de-sofa\/\" width=\"1024\" height=\"1024\" title=\"\"><figcaption class=\"wp-caption-text\">https:\/\/www.tuacasa.com.br\/cores-de-sofa\/<\/figcaption><\/figure>\n<h3>1. Sof\u00e1 Caramelo<\/h3>\n<p>O <b>caramelo<\/b> est\u00e1 em alta! Essa tonalidade terrosa transmite aconchego e combina com diversos estilos, tornando-se um elemento central e harmonioso.<\/p>\n<figure style=\"width: 1024px\" class=\"wp-caption aligncenter\"><img decoding=\"async\" src=\"https:\/\/www.aarquiteta.com.br\/blog\/wp-content\/uploads\/2025\/07\/cores-de-sofa03.jpg\" alt=\"https:\/\/www.tuacasa.com.br\/cores-de-sofa\/\" width=\"1024\" height=\"1024\" title=\"\"><figcaption class=\"wp-caption-text\">https:\/\/www.tuacasa.com.br\/cores-de-sofa\/<\/figcaption><\/figure>\n<h3>2. Azul Profundo<\/h3>\n<p>O <b>azul<\/b> \u00e9 conhecido por evocar calma e serenidade. Sof\u00e1s nessa cor oferecem uma sensa\u00e7\u00e3o de bem-estar e s\u00e3o ideais para quem busca uma decora\u00e7\u00e3o relaxante.<\/p>\n<h3>3. Vermelho Vibrante<\/h3>\n<p>Quer dar um toque de alegria? O <b>vermelho<\/b> \u00e9 a escolha perfeita! Sof\u00e1s vermelhos se destacam e trazem vivacidade ao ambiente.<\/p>\n<h3>4. Verde-mente<\/h3>\n<p>Incluir um <b>sofa verde-menta<\/b> na decora\u00e7\u00e3o \u00e9 um jeito divertido e refrescante de adicionar cor ao espa\u00e7o, remetendo \u00e0 natureza. Um respiro de vida!<\/p>\n<h3>5. Rosa Sofisticado<\/h3>\n<p>O <b>rosa<\/b> pode ser elegante e n\u00e3o apenas feminino. Utilizado em tons mais s\u00f3brios, ele traz delicadeza e modernidade ao ambiente.<\/p>\n<h3>6. Tons Neutros<\/h3>\n<ul>\n<li><b>Bege<\/b>: Cl\u00e1ssico e atemporal, combina sempre.<\/li>\n<li><b>Cinza<\/b>: Um coringa que se adapta a qualquer estilo.<\/li>\n<li><b>Preto<\/b>: Sofistica\u00e7\u00e3o intensa, cria ambientes \u00edntimos.<\/li>\n<\/ul>\n<h3>7. Laranja Escuro<\/h3>\n<p>Uma das cores que remetem \u00e0 natureza, o <b>laranja escuro<\/b> \u00e9 vibrante e energizante. Perfeito para quem busca um espa\u00e7o mais acolhedor.<\/p>\n<p><div class=\"youtube-embed\" data-video_id=\"Xxj350_9Qpo\"><iframe title=\"47 ideias para DECORAR sala com sof\u00e1 colorido - Sof\u00e1 AZUL, AMARELO, VERMELHO, ROXO, ROSA, VERDE\" width=\"696\" height=\"392\" src=\"https:\/\/www.youtube.com\/embed\/Xxj350_9Qpo?feature=oembed&#038;enablejsapi=1\" frameborder=\"0\" allow=\"accelerometer; autoplay; clipboard-write; encrypted-media; gyroscope; picture-in-picture; web-share\" referrerpolicy=\"strict-origin-when-cross-origin\" allowfullscreen><\/iframe><\/div>\n<\/p>\n<h3>8. Mostarda<\/h3>\n<p>O <b>mostarda<\/b> \u00e9 uma cor s\u00f3bria que ainda assim pode ser divertida, perfeita para ambientes modernos e ousados.<\/p>\n<h3>9. Azul Turquesa<\/h3>\n<p>O <b>azul turquesa<\/b> exala frescor e criatividade. Um sof\u00e1 nesta cor pode se tornar o ponto focal do seu espa\u00e7o.<\/p>\n<h3>10. Off White<\/h3>\n<p>Por \u00faltimo, o <b>off white<\/b> \u00e9 uma alternativa ao branco. Sof\u00e1s nessa cor transmitem leveza e eleg\u00e2ncia, sendo sempre um acerto na decora\u00e7\u00e3o minimalista.<\/p>\n<table>\n<tr>\n<th>Cor do Sof\u00e1<\/th>\n<th>Descri\u00e7\u00e3o<\/th>\n<\/tr>\n<tr>\n<td>Caramelo<\/td>\n<td>Terroso, aconchegante, combina com diversos estilos.<\/td>\n<\/tr>\n<tr>\n<td>Azul<\/td>\n<td>Calmante e sereno, ideal para um ambiente relaxante.<\/td>\n<\/tr>\n<tr>\n<td>Vermelho<\/td>\n<td>Vibrante e alegre, traz vivacidade ao espa\u00e7o.<\/td>\n<\/tr>\n<tr>\n<td>Verde-mente<\/td>\n<td>Refrescante, remete \u00e0 natureza e \u00e0 vida.<\/td>\n<\/tr>\n<tr>\n<td>Rosa<\/td>\n<td>Elegante e moderno quando usado em tons s\u00f3brios.<\/td>\n<\/tr>\n<tr>\n<td>Bege\/Cinza\/ Preto<\/td>\n<td>Neutros, cl\u00e1ssicos e vers\u00e1teis.<\/td>\n<\/tr>\n<tr>\n<td>Laranja Escuro<\/td>\n<td>Vibrante e energizante, \u00f3timo para ambientes acolhedores.<\/td>\n<\/tr>\n<tr>\n<td>Mostarda<\/td>\n<td>Uma cor s\u00f3bria e divertida.<\/td>\n<\/tr>\n<tr>\n<td>Azul Turquesa<\/td>\n<td>Fresco e criativo, \u00f3timo para destaque.<\/td>\n<\/tr>\n<tr>\n<td>Off White<\/td>\n<td>Leveza e eleg\u00e2ncia, ideal para minimalismo.<\/td>\n<\/tr>\n<\/table>\n<p>Essas <b>10 cores de sof\u00e1<\/b> podem realmente transformar seu ambiente! Escolha aquela que mais combina com o seu estilo e arrase na decora\u00e7\u00e3o. N\u00e3o se esque\u00e7a de compartilhar suas experi\u00eancias e d\u00favidas nos coment\u00e1rios! Vamos juntos fazer da sua sala um lugar incr\u00edvel!<\/p>\n","protected":false},"excerpt":{"rendered":"<p>Descubra as 10 Cores de Sof\u00e1 Que Transformam Seu Espa\u00e7o<\/p>\n","protected":false},"author":102,"featured_media":152815,"comment_status":"open","ping_status":"","sticky":false,"template":"","format":"standard","meta":{"footnotes":""},"categories":[1484],"tags":[],"class_list":["post-152818","post","type-post","status-publish","format-standard","has-post-thumbnail","category-decoracao"],"_wp_attached_file":null,"_wp_attachment_metadata":null,"_wp_attachment_context":null,"_wp_attachment_is_custom_header":null,"geo_longitude":null,"geo_public":null,"geo_latitude":null,"_publicize_done_external":null,"_wpas_done_3897181":null,"publicize_twitter_user":null,"_wpas_done_3897175":null,"_wpas_skip_3897181":null,"_wpas_skip_3897175":null,"_wpas_skip_3924723":null,"_wpas_mess":null,"_wpas_done_3924723":null,"wps_subtitle":"","_links":{"self":[{"href":"https:\/\/www.aarquiteta.com.br\/blog\/wp-json\/wp\/v2\/posts\/152818","targetHints":{"allow":["GET"]}}],"collection":[{"href":"https:\/\/www.aarquiteta.com.br\/blog\/wp-json\/wp\/v2\/posts"}],"about":[{"href":"https:\/\/www.aarquiteta.com.br\/blog\/wp-json\/wp\/v2\/types\/post"}],"author":[{"embeddable":true,"href":"https:\/\/www.aarquiteta.com.br\/blog\/wp-json\/wp\/v2\/users\/102"}],"replies":[{"embeddable":true,"href":"https:\/\/www.aarquiteta.com.br\/blog\/wp-json\/wp\/v2\/comments?post=152818"}],"version-history":[{"count":0,"href":"https:\/\/www.aarquiteta.com.br\/blog\/wp-json\/wp\/v2\/posts\/152818\/revisions"}],"wp:featuredmedia":[{"embeddable":true,"href":"https:\/\/www.aarquiteta.com.br\/blog\/wp-json\/wp\/v2\/media\/152815"}],"wp:attachment":[{"href":"https:\/\/www.aarquiteta.com.br\/blog\/wp-json\/wp\/v2\/media?parent=152818"}],"wp:term":[{"taxonomy":"category","embeddable":true,"href":"https:\/\/www.aarquiteta.com.br\/blog\/wp-json\/wp\/v2\/categories?post=152818"},{"taxonomy":"post_tag","embeddable":true,"href":"https:\/\/www.aarquiteta.com.br\/blog\/wp-json\/wp\/v2\/tags?post=152818"}],"curies":[{"name":"wp","href":"https:\/\/api.w.org\/{rel}","templated":true}]}}