{"id":152734,"date":"2025-06-25T17:31:37","date_gmt":"2025-06-25T20:31:37","guid":{"rendered":"https:\/\/www.aarquiteta.com.br\/blog\/fachadas-de-casas\/"},"modified":"2025-06-25T17:31:37","modified_gmt":"2025-06-25T20:31:37","slug":"fachadas-de-casas","status":"publish","type":"post","link":"https:\/\/www.aarquiteta.com.br\/blog\/fachadas-de-casas\/","title":{"rendered":"10 Fachadas de Casas que V\u00e3o Te Deixar Sem Palavras"},"content":{"rendered":"<p>Descubra 10 fachadas de casas incr\u00edveis que v\u00e3o deixar voc\u00ea sem palavras. S\u00e3o inspira\u00e7\u00f5es que valorizam a est\u00e9tica e a personalidade do seu lar.<\/p>\n<figure style=\"width: 1024px\" class=\"wp-caption aligncenter\"><img decoding=\"async\" src=\"https:\/\/www.aarquiteta.com.br\/blog\/wp-content\/uploads\/2025\/06\/fachadas-de-casas01.jpg\" alt=\"https:\/\/www.tuacasa.com.br\/fachadas-de-casas\/\" width=\"1024\" height=\"1024\" title=\"\"><figcaption class=\"wp-caption-text\">https:\/\/www.tuacasa.com.br\/fachadas-de-casas\/<\/figcaption><\/figure>\n<h3>1. Fachada Moderna Com Vidro e Madeira<\/h3>\n<p>Uma &#8211; <b>fachada moderna<\/b> que mistura vidro e madeira traz sofistica\u00e7\u00e3o e um toque contempor\u00e2neo ao espa\u00e7o. Essa combina\u00e7\u00e3o \u00e9 perfeita para quem aprecia a natureza.<\/p>\n<figure style=\"width: 1024px\" class=\"wp-caption aligncenter\"><img decoding=\"async\" src=\"https:\/\/www.aarquiteta.com.br\/blog\/wp-content\/uploads\/2025\/06\/fachadas-de-casas02.jpg\" alt=\"https:\/\/www.tuacasa.com.br\/fachadas-de-casas\/\" width=\"1024\" height=\"1024\" title=\"\"><figcaption class=\"wp-caption-text\">https:\/\/www.tuacasa.com.br\/fachadas-de-casas\/<\/figcaption><\/figure>\n<h3>2. Casa T\u00e9rrea com Telhado Verde<\/h3>\n<p>O uso de <b>telhado verde<\/b> pode surpreender. Ele n\u00e3o apenas ajuda na temperatura, mas ainda embeleza o ambiente. Uma \u00f3tima ideia para quem quer ser sustent\u00e1vel.<\/p>\n<figure style=\"width: 1024px\" class=\"wp-caption aligncenter\"><img decoding=\"async\" src=\"https:\/\/www.aarquiteta.com.br\/blog\/wp-content\/uploads\/2025\/06\/fachadas-de-casas03.jpg\" alt=\"https:\/\/www.tuacasa.com.br\/fachadas-de-casas\/\" width=\"1024\" height=\"1024\" title=\"\"><figcaption class=\"wp-caption-text\">https:\/\/www.tuacasa.com.br\/fachadas-de-casas\/<\/figcaption><\/figure>\n<h3>3. Sobrados com Linhas Geom\u00e9tricas<\/h3>\n<p>Uma fachada de <b>sobrado<\/b> que usa formas geom\u00e9tricas cria um visual marcante e inovador. Isso d\u00e1 um toque \u00fanico e moderno \u00e0 casa. Vale a pena pensar fora da caixa!<\/p>\n<h3>4. Estilo R\u00fastico com Pedras Naturais<\/h3>\n<p>Casas que utilizam <b>pedras naturais<\/b> em sua fachada transmitem um estilo r\u00fastico e acolhedor. Essa escolha \u00e9 perfeita para quem valoriza um ambiente mais aconchegante.<\/p>\n<h3>5. Fachada Minimalista<\/h3>\n<p>A <b>fachada minimalista<\/b> \u00e9 uma excelente escolha para quem busca simplicidade e eleg\u00e2ncia. O uso de cores neutras e formas limpas destaca a modernidade.<\/p>\n<h3>6. Casa com Jardim Vertical<\/h3>\n<p>Um <b>jardim vertical<\/b> na fachada n\u00e3o s\u00f3 embeleza, mas tamb\u00e9m purifica o ar. Esta op\u00e7\u00e3o \u00e9 ideal para casas urbanas, onde espa\u00e7os s\u00e3o escassos.<\/p>\n<h3>7. Fachada Colorida e Vibrante<\/h3>\n<p>Quem disse que \u00e9 preciso ser s\u00f3brio? Uma fachada <b>colorida<\/b> \u00e9 uma \u00f3tima maneira de expressar a personalidade dos moradores e alegrar a vizinhan\u00e7a.<\/p>\n<p><div class=\"youtube-embed\" data-video_id=\"shkDhMvVGPo\"><iframe title=\"IDEAS DE CASAS con fachadas modernas | FACHADAS MODERNAS | LAS MEJORES IDEAS!!\" width=\"696\" height=\"392\" src=\"https:\/\/www.youtube.com\/embed\/shkDhMvVGPo?feature=oembed&#038;enablejsapi=1\" frameborder=\"0\" allow=\"accelerometer; autoplay; clipboard-write; encrypted-media; gyroscope; picture-in-picture; web-share\" referrerpolicy=\"strict-origin-when-cross-origin\" allowfullscreen><\/iframe><\/div>\n<\/p>\n<h3>8. Telhado em Dois \u00c1guas<\/h3>\n<p>Telhados em <b>duas \u00e1guas<\/b> trazem um charme especial e s\u00e3o pr\u00e1ticos para escoar \u00e1gua da chuva. Essa caracter\u00edstica \u00e9 tradicional e funcional.<\/p>\n<h3>9. Muros Decorativos<\/h3>\n<p>Incorporar <b>muros decorativos<\/b> \u00e0 fachada pode ser uma excelente forma de unir seguran\u00e7a e est\u00e9tica. Um muro bem trabalhado valoriza todo o projeto da casa.<\/p>\n<h3>10. Fachadas com Elementos Naturais<\/h3>\n<p>Utilizar <b>madeira e elementos naturais<\/b> na fachada transmite uma harmonia com o meio ambiente. Essa op\u00e7\u00e3o \u00e9 cada vez mais desejada por quem busca tranquilidade.<\/p>\n<table>\n<tr>\n<th>Estilos de Fachadas<\/th>\n<th>Caracter\u00edsticas<\/th>\n<\/tr>\n<tr>\n<td>Moderna<\/td>\n<td>Vidro e madeira, est\u00e9tica contempor\u00e2nea.<\/td>\n<\/tr>\n<tr>\n<td>T\u00e9rrea<\/td>\n<td>Telhado verde, sustent\u00e1vel e bonito.<\/td>\n<\/tr>\n<tr>\n<td>Sobrados<\/td>\n<td>Linhas geom\u00e9tricas, visual marcante.<\/td>\n<\/tr>\n<tr>\n<td>R\u00fastica<\/td>\n<td>Pedras naturais, acolhedor.<\/td>\n<\/tr>\n<tr>\n<td>Minimalista<\/td>\n<td>Cores neutras, simplicidade.<\/td>\n<\/tr>\n<tr>\n<td>Jardim Vertical<\/td>\n<td>Purifica o ar, \u00f3tima para cidades.<\/td>\n<\/tr>\n<tr>\n<td>Colorida<\/td>\n<td>Expressa personalidade, alegre.<\/td>\n<\/tr>\n<tr>\n<td>Telhado em Duas \u00c1guas<\/td>\n<td>Charmoso, eficiente para a chuva.<\/td>\n<\/tr>\n<tr>\n<td>Muros Decorativos<\/td>\n<td>Uni\u00e3o de seguran\u00e7a e est\u00e9tica.<\/td>\n<\/tr>\n<tr>\n<td>Elementos Naturais<\/td>\n<td>Harmonia com o meio ambiente.<\/td>\n<\/tr>\n<\/table>\n<p>Essas <b>fachadas de casas<\/b> s\u00e3o um verdadeiro convite para a criatividade. Que tal come\u00e7ar a pensar na sua agora mesmo? Compartilhe suas ideias e inspire outros! N\u00e3o esque\u00e7a de explorar mais sobre como transformar sua resid\u00eancia em um lar dos sonhos.<\/p>\n","protected":false},"excerpt":{"rendered":"<p>10 Fachadas de Casas que V\u00e3o Te Deixar Sem Palavras<\/p>\n","protected":false},"author":102,"featured_media":152731,"comment_status":"open","ping_status":"","sticky":false,"template":"","format":"standard","meta":{"footnotes":""},"categories":[249,1484],"tags":[],"class_list":["post-152734","post","type-post","status-publish","format-standard","has-post-thumbnail","category-engenharia-e-construcao-civil","category-decoracao"],"_wp_attached_file":null,"_wp_attachment_metadata":null,"_wp_attachment_context":null,"_wp_attachment_is_custom_header":null,"geo_longitude":null,"geo_public":null,"geo_latitude":null,"_publicize_done_external":null,"_wpas_done_3897181":null,"publicize_twitter_user":null,"_wpas_done_3897175":null,"_wpas_skip_3897181":null,"_wpas_skip_3897175":null,"_wpas_skip_3924723":null,"_wpas_mess":null,"_wpas_done_3924723":null,"wps_subtitle":"","_links":{"self":[{"href":"https:\/\/www.aarquiteta.com.br\/blog\/wp-json\/wp\/v2\/posts\/152734","targetHints":{"allow":["GET"]}}],"collection":[{"href":"https:\/\/www.aarquiteta.com.br\/blog\/wp-json\/wp\/v2\/posts"}],"about":[{"href":"https:\/\/www.aarquiteta.com.br\/blog\/wp-json\/wp\/v2\/types\/post"}],"author":[{"embeddable":true,"href":"https:\/\/www.aarquiteta.com.br\/blog\/wp-json\/wp\/v2\/users\/102"}],"replies":[{"embeddable":true,"href":"https:\/\/www.aarquiteta.com.br\/blog\/wp-json\/wp\/v2\/comments?post=152734"}],"version-history":[{"count":0,"href":"https:\/\/www.aarquiteta.com.br\/blog\/wp-json\/wp\/v2\/posts\/152734\/revisions"}],"wp:featuredmedia":[{"embeddable":true,"href":"https:\/\/www.aarquiteta.com.br\/blog\/wp-json\/wp\/v2\/media\/152731"}],"wp:attachment":[{"href":"https:\/\/www.aarquiteta.com.br\/blog\/wp-json\/wp\/v2\/media?parent=152734"}],"wp:term":[{"taxonomy":"category","embeddable":true,"href":"https:\/\/www.aarquiteta.com.br\/blog\/wp-json\/wp\/v2\/categories?post=152734"},{"taxonomy":"post_tag","embeddable":true,"href":"https:\/\/www.aarquiteta.com.br\/blog\/wp-json\/wp\/v2\/tags?post=152734"}],"curies":[{"name":"wp","href":"https:\/\/api.w.org\/{rel}","templated":true}]}}