{"id":152706,"date":"2025-06-24T07:31:27","date_gmt":"2025-06-24T10:31:27","guid":{"rendered":"https:\/\/www.aarquiteta.com.br\/blog\/porta-francesa\/"},"modified":"2025-06-24T07:31:27","modified_gmt":"2025-06-24T10:31:27","slug":"porta-francesa","status":"publish","type":"post","link":"https:\/\/www.aarquiteta.com.br\/blog\/porta-francesa\/","title":{"rendered":"10 Inspira\u00e7\u00f5es para Transformar sua Casa com Portas Francesas"},"content":{"rendered":"<p>Transformar a sua casa com <b>portas francesas<\/b> \u00e9 super poss\u00edvel e traz um charme inconfund\u00edvel. Elas s\u00e3o pr\u00e1ticas e ainda embelezam o ambiente. Quer saber como?<\/p>\n<figure style=\"width: 1024px\" class=\"wp-caption aligncenter\"><img decoding=\"async\" src=\"https:\/\/www.aarquiteta.com.br\/blog\/wp-content\/uploads\/2025\/06\/porta-francesa01.jpg\" alt=\"https:\/\/www.tuacasa.com.br\/porta-francesa\/\" width=\"1024\" height=\"1024\" title=\"\"><figcaption class=\"wp-caption-text\">https:\/\/www.tuacasa.com.br\/porta-francesa\/<\/figcaption><\/figure>\n<h3>10 Inspira\u00e7\u00f5es para Transformar sua Casa com Portas Francesas<\/h3>\n<p>As <b>portas francesas<\/b> s\u00e3o aquele detalhe que pode mudar a sua casa para melhor. Elas t\u00eam a fun\u00e7\u00e3o de aproveitar a luz natural e a visibilidade de ambientes, dividindo espa\u00e7os com muita eleg\u00e2ncia. Vamos explorar dez inspira\u00e7\u00f5es incr\u00edveis para voc\u00ea se apaixonar por essas portas!<\/p>\n<figure style=\"width: 1024px\" class=\"wp-caption aligncenter\"><img decoding=\"async\" src=\"https:\/\/www.aarquiteta.com.br\/blog\/wp-content\/uploads\/2025\/06\/porta-francesa02.jpg\" alt=\"https:\/\/www.tuacasa.com.br\/porta-francesa\/\" width=\"1024\" height=\"1024\" title=\"\"><figcaption class=\"wp-caption-text\">https:\/\/www.tuacasa.com.br\/porta-francesa\/<\/figcaption><\/figure>\n<h3>1. Abertura Para o Jardim<\/h3>\n<p>Usar portas francesas como acesso ao <b>jardim<\/b> traz um toque acolhedor e permite que a natureza entre no seu lar. \u00c9 ideal para quem ama plantas e cores!<\/p>\n<figure style=\"width: 1024px\" class=\"wp-caption aligncenter\"><img decoding=\"async\" src=\"https:\/\/www.aarquiteta.com.br\/blog\/wp-content\/uploads\/2025\/06\/porta-francesa03.jpg\" alt=\"https:\/\/www.tuacasa.com.br\/porta-francesa\/\" width=\"1024\" height=\"1024\" title=\"\"><figcaption class=\"wp-caption-text\">https:\/\/www.tuacasa.com.br\/porta-francesa\/<\/figcaption><\/figure>\n<h3>2. Divis\u00e3o de Ambientes<\/h3>\n<p>Com portas francesas, \u00e9 poss\u00edvel dividir a sala de estar e o jantar sem perder a integra\u00e7\u00e3o. Essa divis\u00e3o elegante proporciona mais privacidade.<\/p>\n<h3>3. Estilo R\u00fastico com Madeira<\/h3>\n<p>Optar por <b>madeira<\/b> em portas francesas traz um visual r\u00fastico e aconchegante, perfeito para casas de campo ou ambientes mais informais.<\/p>\n<h3>4. Modernidade em Ferro<\/h3>\n<p>Se voc\u00ea busca um ar mais contempor\u00e2neo, as portas de ferro podem ser a escolha certa. Elas s\u00e3o resistentes e oferecem um visual minimalista maravilhoso.<\/p>\n<h3>5. Cores Que Impressionam<\/h3>\n<p>As portas francesas podem ser pintadas com cores vibrantes ou neutras. O <b>branco<\/b> \u00e9 cl\u00e1ssico e clean, enquanto o <b>preto<\/b> d\u00e1 um toque moderno e sofisticado.<\/p>\n<h3>6. Modelos de Correr para Economizar Espa\u00e7o<\/h3>\n<p>As portas de correr s\u00e3o perfeitas para ambientes pequenos. Elas economizam espa\u00e7o e ainda mant\u00eam a eleg\u00e2ncia.<\/p>\n<p><div class=\"youtube-embed\" data-video_id=\"KGORCf8m_zU\"><iframe title=\"Fiz a porta francesa\/ ficou incr\u00edvel, custo de 98 reais\" width=\"696\" height=\"392\" src=\"https:\/\/www.youtube.com\/embed\/KGORCf8m_zU?feature=oembed&#038;enablejsapi=1\" frameborder=\"0\" allow=\"accelerometer; autoplay; clipboard-write; encrypted-media; gyroscope; picture-in-picture; web-share\" referrerpolicy=\"strict-origin-when-cross-origin\" allowfullscreen><\/iframe><\/div>\n<\/p>\n<h3>7. Pain\u00e9is de Vidro<\/h3>\n<p>Optar por <b>pain\u00e9is de vidro<\/b> ajuda a maximizar a luz natural, fazendo o ambiente parecer maior e mais arejado. \u00c9 um recurso excelente para salas e cozinhas.<\/p>\n<h3>8. Integra\u00e7\u00e3o com a Varanda<\/h3>\n<p>Portas francesas permitem uma transi\u00e7\u00e3o suave entre o interior e o exterior. A vista da varanda se torna parte do ambiente, aumentando a sensa\u00e7\u00e3o de liberdade.<\/p>\n<h3>9. Estilo Proven\u00e7al para Sala de Jantar<\/h3>\n<p>A combina\u00e7\u00e3o de portas de vidro com m\u00f3veis de estilo <b>proven\u00e7al<\/b> pode deixar sua sala de jantar deslumbrante. \u00c9 uma inspira\u00e7\u00e3o cl\u00e1ssica que encanta a todos.<\/p>\n<h3>10. Variabilidade em Composi\u00e7\u00f5es<\/h3>\n<p>Voc\u00ea pode misturar diferentes estilos e materiais para compor ambientes \u00fanicos. As <b>portas francesas<\/b> se adaptam facilmente a diversos tipos de decora\u00e7\u00e3o.<\/p>\n<h3>Resumo das Inspira\u00e7\u00f5es<\/h3>\n<table>\n<tr>\n<th>Inspira\u00e7\u00e3o<\/th>\n<th>Descri\u00e7\u00e3o<\/th>\n<\/tr>\n<tr>\n<td>Abertura Para o Jardim<\/td>\n<td>Integra a natureza ao ambiente.<\/td>\n<\/tr>\n<tr>\n<td>Divis\u00e3o de Ambientes<\/td>\n<td>Privacidade com eleg\u00e2ncia.<\/td>\n<\/tr>\n<tr>\n<td>Estilo R\u00fastico com Madeira<\/td>\n<td>Apelo aconchegante e informal.<\/td>\n<\/tr>\n<tr>\n<td>Modernidade em Ferro<\/td>\n<td>Visual minimalista e contempor\u00e2neo.<\/td>\n<\/tr>\n<tr>\n<td>Cores Que Impressionam<\/td>\n<td>Branco clean ou preto sofisticado.<\/td>\n<\/tr>\n<tr>\n<td>Modelos de Correr<\/td>\n<td>Economia de espa\u00e7o e eleg\u00e2ncia.<\/td>\n<\/tr>\n<tr>\n<td>Pain\u00e9is de Vidro<\/td>\n<td>Maximiza a luz natural.<\/td>\n<\/tr>\n<tr>\n<td>Integra\u00e7\u00e3o com a Varanda<\/td>\n<td>Transi\u00e7\u00e3o suave entre ambientes.<\/td>\n<\/tr>\n<tr>\n<td>Estilo Proven\u00e7al<\/td>\n<td>Encanto cl\u00e1ssica na sala de jantar.<\/td>\n<\/tr>\n<tr>\n<td>Variabilidade de Composi\u00e7\u00f5es<\/td>\n<td>Adapta-se a diferentes decora\u00e7\u00f5es.<\/td>\n<\/tr>\n<\/table>\n<p>Investir em <b>portas francesas<\/b> \u00e9 uma escolha que une est\u00e9tica e funcionalidade. Explore essas ideias e transforme a sua casa! Comente aqui qual inspira\u00e7\u00e3o voc\u00ea mais gostou. Vamos trocar ideias e deixar nossas casas ainda mais incr\u00edveis!<\/p>\n","protected":false},"excerpt":{"rendered":"<p>10 Inspira\u00e7\u00f5es para Transformar sua Casa com Portas Francesas<\/p>\n","protected":false},"author":102,"featured_media":152703,"comment_status":"open","ping_status":"","sticky":false,"template":"","format":"standard","meta":{"footnotes":""},"categories":[1484],"tags":[],"class_list":["post-152706","post","type-post","status-publish","format-standard","has-post-thumbnail","category-decoracao"],"_wp_attached_file":null,"_wp_attachment_metadata":null,"_wp_attachment_context":null,"_wp_attachment_is_custom_header":null,"geo_longitude":null,"geo_public":null,"geo_latitude":null,"_publicize_done_external":null,"_wpas_done_3897181":null,"publicize_twitter_user":null,"_wpas_done_3897175":null,"_wpas_skip_3897181":null,"_wpas_skip_3897175":null,"_wpas_skip_3924723":null,"_wpas_mess":null,"_wpas_done_3924723":null,"wps_subtitle":"","_links":{"self":[{"href":"https:\/\/www.aarquiteta.com.br\/blog\/wp-json\/wp\/v2\/posts\/152706","targetHints":{"allow":["GET"]}}],"collection":[{"href":"https:\/\/www.aarquiteta.com.br\/blog\/wp-json\/wp\/v2\/posts"}],"about":[{"href":"https:\/\/www.aarquiteta.com.br\/blog\/wp-json\/wp\/v2\/types\/post"}],"author":[{"embeddable":true,"href":"https:\/\/www.aarquiteta.com.br\/blog\/wp-json\/wp\/v2\/users\/102"}],"replies":[{"embeddable":true,"href":"https:\/\/www.aarquiteta.com.br\/blog\/wp-json\/wp\/v2\/comments?post=152706"}],"version-history":[{"count":0,"href":"https:\/\/www.aarquiteta.com.br\/blog\/wp-json\/wp\/v2\/posts\/152706\/revisions"}],"wp:featuredmedia":[{"embeddable":true,"href":"https:\/\/www.aarquiteta.com.br\/blog\/wp-json\/wp\/v2\/media\/152703"}],"wp:attachment":[{"href":"https:\/\/www.aarquiteta.com.br\/blog\/wp-json\/wp\/v2\/media?parent=152706"}],"wp:term":[{"taxonomy":"category","embeddable":true,"href":"https:\/\/www.aarquiteta.com.br\/blog\/wp-json\/wp\/v2\/categories?post=152706"},{"taxonomy":"post_tag","embeddable":true,"href":"https:\/\/www.aarquiteta.com.br\/blog\/wp-json\/wp\/v2\/tags?post=152706"}],"curies":[{"name":"wp","href":"https:\/\/api.w.org\/{rel}","templated":true}]}}