{"id":152694,"date":"2025-06-23T17:31:31","date_gmt":"2025-06-23T20:31:31","guid":{"rendered":"https:\/\/www.aarquiteta.com.br\/blog\/ambientes-integrados\/"},"modified":"2025-06-23T17:31:31","modified_gmt":"2025-06-23T20:31:31","slug":"ambientes-integrados","status":"publish","type":"post","link":"https:\/\/www.aarquiteta.com.br\/blog\/ambientes-integrados\/","title":{"rendered":"10 Dicas para Ambientes Integrados"},"content":{"rendered":"<p>Integrar ambientes pode ser a solu\u00e7\u00e3o que voc\u00ea procura para otimizar seu espa\u00e7o. Al\u00e9m de dar uma nova cara \u00e0 sua casa, promove praticidade e est\u00e9tica. Neste artigo, vamos explorar 10 dicas valiosas para integrar ambientes de forma harmoniosa e funcional.<\/p>\n<figure style=\"width: 1024px\" class=\"wp-caption aligncenter\"><img decoding=\"async\" src=\"https:\/\/www.aarquiteta.com.br\/blog\/wp-content\/uploads\/2025\/06\/ambientes-integrados01.jpg\" alt=\"https:\/\/www.tuacasa.com.br\/ambientes-integrados\/\" width=\"1024\" height=\"1024\" title=\"\"><figcaption class=\"wp-caption-text\">https:\/\/www.tuacasa.com.br\/ambientes-integrados\/<\/figcaption><\/figure>\n<h3>Dica 1: Planejamento \u00e9 Fundamental<\/h3>\n<p>Antes de tudo, <b>planeje<\/b> a integra\u00e7\u00e3o. Pense na funcionalidade de cada c\u00f4modo e como eles se comunicar\u00e3o.<\/p>\n<figure style=\"width: 1024px\" class=\"wp-caption aligncenter\"><img decoding=\"async\" src=\"https:\/\/www.aarquiteta.com.br\/blog\/wp-content\/uploads\/2025\/06\/ambientes-integrados02.jpg\" alt=\"https:\/\/www.tuacasa.com.br\/ambientes-integrados\/\" width=\"1024\" height=\"1024\" title=\"\"><figcaption class=\"wp-caption-text\">https:\/\/www.tuacasa.com.br\/ambientes-integrados\/<\/figcaption><\/figure>\n<h3>Dica 2: Use M\u00f3veis Multifuncionais<\/h3>\n<p>Invista em <b>m\u00f3veis multifuncionais<\/b>! Um sof\u00e1-camas ou uma mesa dobr\u00e1vel podem otimizar o espa\u00e7o e facilitar a circula\u00e7\u00e3o.<\/p>\n<figure style=\"width: 1024px\" class=\"wp-caption aligncenter\"><img decoding=\"async\" src=\"https:\/\/www.aarquiteta.com.br\/blog\/wp-content\/uploads\/2025\/06\/ambientes-integrados03.jpg\" alt=\"https:\/\/www.tuacasa.com.br\/ambientes-integrados\/\" width=\"1024\" height=\"1024\" title=\"\"><figcaption class=\"wp-caption-text\">https:\/\/www.tuacasa.com.br\/ambientes-integrados\/<\/figcaption><\/figure>\n<h3>Dica 3: Cores e Materiais<\/h3>\n<p>A escolha das <b>cores e materiais<\/b> \u00e9 essencial. Utilize tonalidades que se harmonizem entre os ambientes, criando uma sensa\u00e7\u00e3o de continuidade.<\/p>\n<h3>Dica 4: Ilumina\u00e7\u00e3o Estrat\u00e9gica<\/h3>\n<p>Crie uma <b>ilumina\u00e7\u00e3o adequada<\/b> para cada espa\u00e7o. Lumin\u00e1rias que podem ser dimmerizadas ajudam a definir o clima desejado.<\/p>\n<h3>Dica 5: Separadores de Ambientes<\/h3>\n<p>Use elementos como estantes ou pain\u00e9is para <b>demarcar os espa\u00e7os<\/b> sem precisar de paredes. Isso mant\u00e9m a fluidez entre os ambientes.<\/p>\n<h3>Dica 6: Atraia a Natureza<\/h3>\n<p>Integrar o <b>exterior<\/b> ao interior, com grandes janelas ou portas de vidro, traz luz natural e um toque de natureza \u00e0 \u00e1rea interna.<\/p>\n<h3>Dica 7: Personalize a Decora\u00e7\u00e3o<\/h3>\n<p>Incorporar elementos pessoais, como <b>quadros e objetos decorativos<\/b>, pode trazer aconchego e estilo aos ambientes integrados.<\/p>\n<p><div class=\"youtube-embed\" data-video_id=\"UA3seQ8WETY\"><iframe title=\"Pra quem gosta de casa moderna com ambientes integrados...\" width=\"696\" height=\"392\" src=\"https:\/\/www.youtube.com\/embed\/UA3seQ8WETY?feature=oembed&#038;enablejsapi=1\" frameborder=\"0\" allow=\"accelerometer; autoplay; clipboard-write; encrypted-media; gyroscope; picture-in-picture; web-share\" referrerpolicy=\"strict-origin-when-cross-origin\" allowfullscreen><\/iframe><\/div>\n<\/p>\n<h3>Dica 8: Funcionalidade em Primeiro Lugar<\/h3>\n<p>A disposi\u00e7\u00e3o dos m\u00f3veis deve atender \u00e0s <b>necessidades di\u00e1rias<\/b>. Pense na circula\u00e7\u00e3o e na acessibilidade dos espa\u00e7os.<\/p>\n<h3>Dica 9: Uso de Texturas<\/h3>\n<p>Na hora de decorar, use <b>texturas diferentes<\/b> para enriquecer o visual do ambiente, criando contrastes que atraem o olhar.<\/p>\n<h3>Dica 10: Estar Atento ao Som<\/h3>\n<p>Por fim, n\u00e3o esque\u00e7a do <b>isolamento ac\u00fastico<\/b>. Isso \u00e9 especialmente importante se voc\u00ea integrar um escrit\u00f3rio em casa, por exemplo.<\/p>\n<table>\n<tr>\n<th>Dicas<\/th>\n<th>Resumos<\/th>\n<\/tr>\n<tr>\n<td>Planejamento<\/td>\n<td>Defina como os ambientes se conectar\u00e3o.<\/td>\n<\/tr>\n<tr>\n<td>M\u00f3veis Multifuncionais<\/td>\n<td>Otimize espa\u00e7os com mob\u00edlia vers\u00e1til.<\/td>\n<\/tr>\n<tr>\n<td>Cores e Materiais<\/td>\n<td>Cores harmoniosas criam continuidade.<\/td>\n<\/tr>\n<tr>\n<td>Ilumina\u00e7\u00e3o<\/td>\n<td>Ajuste a luz conforme a atmosfera desejada.<\/td>\n<\/tr>\n<tr>\n<td>Separadores<\/td>\n<td>Use estantes para dividir ambientes.<\/td>\n<\/tr>\n<tr>\n<td>Natureza<\/td>\n<td>Integre o exterior ao interior.<\/td>\n<\/tr>\n<tr>\n<td>Decora\u00e7\u00e3o Pessoal<\/td>\n<td>Adicione elementos decorativos que voc\u00ea ama.<\/td>\n<\/tr>\n<tr>\n<td>Funcionalidade<\/td>\n<td>Pense na circula\u00e7\u00e3o ao arrumar os m\u00f3veis.<\/td>\n<\/tr>\n<tr>\n<td>Texturas<\/td>\n<td>Incorpore diferentes texturas para um visual din\u00e2mico.<\/td>\n<\/tr>\n<tr>\n<td>Isolamento Ac\u00fastico<\/td>\n<td>Garanta conforto sonoro nos ambientes.<\/td>\n<\/tr>\n<\/table>\n<p>Espero que essas <b>dicas<\/b> ajudem voc\u00ea a integrar seus ambientes de maneira pr\u00e1tica e visualmente agrad\u00e1vel. Se voc\u00ea gostou deste conte\u00fado e deseja mais dicas sobre decora\u00e7\u00e3o e otimiza\u00e7\u00e3o de espa\u00e7os, n\u00e3o hesite em comentar ou explorar outros artigos do blog!<\/p>\n","protected":false},"excerpt":{"rendered":"<p>10 Dicas para Ambientes Integrados<\/p>\n","protected":false},"author":102,"featured_media":152691,"comment_status":"open","ping_status":"","sticky":false,"template":"","format":"standard","meta":{"footnotes":""},"categories":[249,1484],"tags":[],"class_list":["post-152694","post","type-post","status-publish","format-standard","has-post-thumbnail","category-engenharia-e-construcao-civil","category-decoracao"],"_wp_attached_file":null,"_wp_attachment_metadata":null,"_wp_attachment_context":null,"_wp_attachment_is_custom_header":null,"geo_longitude":null,"geo_public":null,"geo_latitude":null,"_publicize_done_external":null,"_wpas_done_3897181":null,"publicize_twitter_user":null,"_wpas_done_3897175":null,"_wpas_skip_3897181":null,"_wpas_skip_3897175":null,"_wpas_skip_3924723":null,"_wpas_mess":null,"_wpas_done_3924723":null,"wps_subtitle":"","_links":{"self":[{"href":"https:\/\/www.aarquiteta.com.br\/blog\/wp-json\/wp\/v2\/posts\/152694","targetHints":{"allow":["GET"]}}],"collection":[{"href":"https:\/\/www.aarquiteta.com.br\/blog\/wp-json\/wp\/v2\/posts"}],"about":[{"href":"https:\/\/www.aarquiteta.com.br\/blog\/wp-json\/wp\/v2\/types\/post"}],"author":[{"embeddable":true,"href":"https:\/\/www.aarquiteta.com.br\/blog\/wp-json\/wp\/v2\/users\/102"}],"replies":[{"embeddable":true,"href":"https:\/\/www.aarquiteta.com.br\/blog\/wp-json\/wp\/v2\/comments?post=152694"}],"version-history":[{"count":0,"href":"https:\/\/www.aarquiteta.com.br\/blog\/wp-json\/wp\/v2\/posts\/152694\/revisions"}],"wp:featuredmedia":[{"embeddable":true,"href":"https:\/\/www.aarquiteta.com.br\/blog\/wp-json\/wp\/v2\/media\/152691"}],"wp:attachment":[{"href":"https:\/\/www.aarquiteta.com.br\/blog\/wp-json\/wp\/v2\/media?parent=152694"}],"wp:term":[{"taxonomy":"category","embeddable":true,"href":"https:\/\/www.aarquiteta.com.br\/blog\/wp-json\/wp\/v2\/categories?post=152694"},{"taxonomy":"post_tag","embeddable":true,"href":"https:\/\/www.aarquiteta.com.br\/blog\/wp-json\/wp\/v2\/tags?post=152694"}],"curies":[{"name":"wp","href":"https:\/\/api.w.org\/{rel}","templated":true}]}}