{"id":152665,"date":"2025-06-22T07:31:17","date_gmt":"2025-06-22T10:31:17","guid":{"rendered":"https:\/\/www.aarquiteta.com.br\/blog\/arvore-de-natal-rosa\/"},"modified":"2025-06-22T07:31:17","modified_gmt":"2025-06-22T10:31:17","slug":"arvore-de-natal-rosa","status":"publish","type":"post","link":"https:\/\/www.aarquiteta.com.br\/blog\/arvore-de-natal-rosa\/","title":{"rendered":"5 Tend\u00eancias de \u00c1rvores de Natal Rosa que V\u00e3o Transformar Seu Natal"},"content":{"rendered":"<p>Voc\u00ea sabia que uma <b>\u00e1rvore de Natal rosa<\/b> pode transformar completamente a sua decora\u00e7\u00e3o? Neste artigo, vou te mostrar cinco tend\u00eancias que v\u00e3o deixar seu Natal ainda mais especial e charmoso.<\/p>\n<figure style=\"width: 1024px\" class=\"wp-caption aligncenter\"><img decoding=\"async\" src=\"https:\/\/www.aarquiteta.com.br\/blog\/wp-content\/uploads\/2025\/06\/arvore-de-natal-rosa01.jpg\" alt=\"https:\/\/www.tuacasa.com.br\/arvore-de-natal-rosa\/\" width=\"1024\" height=\"1024\" title=\"\"><figcaption class=\"wp-caption-text\">https:\/\/www.tuacasa.com.br\/arvore-de-natal-rosa\/<\/figcaption><\/figure>\n<h3>1. Mistura de Cores: Rosa e Dourado<\/h3>\n<p>Uma tend\u00eancia que est\u00e1 bombando \u00e9 a combina\u00e7\u00e3o de rosa com o <b>dourado<\/b>. Essa dupla traz um toque de sofistica\u00e7\u00e3o e requinte para a \u00e1rvore. Voc\u00ea pode optar por enfeites dourados e la\u00e7os em diferentes tons de rosa.<\/p>\n<figure style=\"width: 1024px\" class=\"wp-caption aligncenter\"><img decoding=\"async\" src=\"https:\/\/www.aarquiteta.com.br\/blog\/wp-content\/uploads\/2025\/06\/arvore-de-natal-rosa02.jpg\" alt=\"https:\/\/www.tuacasa.com.br\/arvore-de-natal-rosa\/\" width=\"1024\" height=\"1024\" title=\"\"><figcaption class=\"wp-caption-text\">https:\/\/www.tuacasa.com.br\/arvore-de-natal-rosa\/<\/figcaption><\/figure>\n<h3>2. \u00c1rvore Monocrom\u00e1tica<\/h3>\n<p>Se preferir um visual mais clean e impactante, a <b>\u00e1rvore de Natal rosa<\/b> na tonalidade \u00fanica fica incr\u00edvel. Aposte em diferentes formas e texturas para enriquecer a decora\u00e7\u00e3o, mantendo tudo na mesma cor.<\/p>\n<figure style=\"width: 1024px\" class=\"wp-caption aligncenter\"><img decoding=\"async\" src=\"https:\/\/www.aarquiteta.com.br\/blog\/wp-content\/uploads\/2025\/06\/arvore-de-natal-rosa03.jpg\" alt=\"https:\/\/www.tuacasa.com.br\/arvore-de-natal-rosa\/\" width=\"1024\" height=\"1024\" title=\"\"><figcaption class=\"wp-caption-text\">https:\/\/www.tuacasa.com.br\/arvore-de-natal-rosa\/<\/figcaption><\/figure>\n<h3>3. Pequenas \u00c1rvores para Ambientes Menores<\/h3>\n<p>As \u00e1rvores pequenas est\u00e3o super em alta! \ud83d\udd25 Elas s\u00e3o perfeitas para quem tem pouco espa\u00e7o. Mesmo assim, podem ser t\u00e3o encantadoras quanto as grandes. Use-as para enfeitar mesas ou prateleiras.<\/p>\n<h3>4. Enfeites Artesanais<\/h3>\n<p>Voc\u00ea j\u00e1 pensou em criar seus pr\u00f3prios enfeites? Al\u00e9m de ser uma <b>atividade divertida<\/b>, os enfeites feitos \u00e0 m\u00e3o d\u00e3o um ar \u00fanico \u00e0 sua \u00e1rvore. Utilize feltro, papel ou outros materiais que voc\u00ea j\u00e1 tem em casa.<\/p>\n<h3>5. Efeito Glitter e Brilho<\/h3>\n<p>Comece a espalhar brilho! O uso de <b>glitter<\/b> e itens brilhantes faz com que a decora\u00e7\u00e3o fique com um aspecto mais festivo. Combine com la\u00e7os e p\u00e9s de \u00e1rvore cintilantes para uma atmosfera m\u00e1gica.<\/p>\n<table>\n<tr>\n<th>Tend\u00eancia<\/th>\n<th>Descri\u00e7\u00e3o<\/th>\n<\/tr>\n<tr>\n<td>Mistura de Cores: Rosa e Dourado<\/td>\n<td>Combina\u00e7\u00e3o que traz <b>sophistica\u00e7\u00e3o<\/b>.<\/td>\n<\/tr>\n<tr>\n<td>\u00c1rvore Monocrom\u00e1tica<\/td>\n<td>Visual clean com diferentes texturas.<\/td>\n<\/tr>\n<tr>\n<td>Pequenas \u00c1rvores<\/td>\n<td>\u00d3timas para espa\u00e7os reduzidos.<\/td>\n<\/tr>\n<tr>\n<td>Enfeites Artesanais<\/td>\n<td>Toque \u00fanico e pessoal \u00e0 decora\u00e7\u00e3o.<\/td>\n<\/tr>\n<tr>\n<td>Efeito Glitter<\/td>\n<td>Cria uma atmosfera m\u00e1gica e festiva.<\/td>\n<\/tr>\n<\/table>\n<p>Agora que voc\u00ea j\u00e1 conhece essas <b>tend\u00eancias incr\u00edveis<\/b>, que tal come\u00e7ar a planejar a sua decora\u00e7\u00e3o de Natal rosa? Compartilhe suas ideias e vamos garantir que esse Natal seja inesquec\u00edvel!<\/p>\n<p>Se voc\u00ea gostou desse artigo, deixe um coment\u00e1rio! E n\u00e3o esque\u00e7a de conferir outras dicas relacionadas sobre <b>decora\u00e7\u00e3o natalina<\/b> no blog!<\/p>\n<p><div class=\"youtube-embed\" data-video_id=\"7MgrLhd16qU\"><iframe title=\"99 Lindas \u00c1rvores De Natal\/\u00c1rvores De Natal.\" width=\"696\" height=\"392\" src=\"https:\/\/www.youtube.com\/embed\/7MgrLhd16qU?feature=oembed&#038;enablejsapi=1\" frameborder=\"0\" allow=\"accelerometer; autoplay; clipboard-write; encrypted-media; gyroscope; picture-in-picture; web-share\" referrerpolicy=\"strict-origin-when-cross-origin\" allowfullscreen><\/iframe><\/div><\/p>\n","protected":false},"excerpt":{"rendered":"<p>5 Tend\u00eancias de \u00c1rvores de Natal Rosa que V\u00e3o Transformar Seu Natal<\/p>\n","protected":false},"author":102,"featured_media":152662,"comment_status":"open","ping_status":"","sticky":false,"template":"","format":"standard","meta":{"footnotes":""},"categories":[1484],"tags":[],"class_list":["post-152665","post","type-post","status-publish","format-standard","has-post-thumbnail","category-decoracao"],"_wp_attached_file":null,"_wp_attachment_metadata":null,"_wp_attachment_context":null,"_wp_attachment_is_custom_header":null,"geo_longitude":null,"geo_public":null,"geo_latitude":null,"_publicize_done_external":null,"_wpas_done_3897181":null,"publicize_twitter_user":null,"_wpas_done_3897175":null,"_wpas_skip_3897181":null,"_wpas_skip_3897175":null,"_wpas_skip_3924723":null,"_wpas_mess":null,"_wpas_done_3924723":null,"wps_subtitle":"","_links":{"self":[{"href":"https:\/\/www.aarquiteta.com.br\/blog\/wp-json\/wp\/v2\/posts\/152665","targetHints":{"allow":["GET"]}}],"collection":[{"href":"https:\/\/www.aarquiteta.com.br\/blog\/wp-json\/wp\/v2\/posts"}],"about":[{"href":"https:\/\/www.aarquiteta.com.br\/blog\/wp-json\/wp\/v2\/types\/post"}],"author":[{"embeddable":true,"href":"https:\/\/www.aarquiteta.com.br\/blog\/wp-json\/wp\/v2\/users\/102"}],"replies":[{"embeddable":true,"href":"https:\/\/www.aarquiteta.com.br\/blog\/wp-json\/wp\/v2\/comments?post=152665"}],"version-history":[{"count":0,"href":"https:\/\/www.aarquiteta.com.br\/blog\/wp-json\/wp\/v2\/posts\/152665\/revisions"}],"wp:featuredmedia":[{"embeddable":true,"href":"https:\/\/www.aarquiteta.com.br\/blog\/wp-json\/wp\/v2\/media\/152662"}],"wp:attachment":[{"href":"https:\/\/www.aarquiteta.com.br\/blog\/wp-json\/wp\/v2\/media?parent=152665"}],"wp:term":[{"taxonomy":"category","embeddable":true,"href":"https:\/\/www.aarquiteta.com.br\/blog\/wp-json\/wp\/v2\/categories?post=152665"},{"taxonomy":"post_tag","embeddable":true,"href":"https:\/\/www.aarquiteta.com.br\/blog\/wp-json\/wp\/v2\/tags?post=152665"}],"curies":[{"name":"wp","href":"https:\/\/api.w.org\/{rel}","templated":true}]}}