{"id":152655,"date":"2025-06-21T17:31:19","date_gmt":"2025-06-21T20:31:19","guid":{"rendered":"https:\/\/www.aarquiteta.com.br\/blog\/piso-ideal\/"},"modified":"2025-06-21T17:31:19","modified_gmt":"2025-06-21T20:31:19","slug":"piso-ideal","status":"publish","type":"post","link":"https:\/\/www.aarquiteta.com.br\/blog\/piso-ideal\/","title":{"rendered":"7 Inova\u00e7\u00f5es para Transformar seu Espa\u00e7o com o Piso Ideal"},"content":{"rendered":"<p>Transformar seu espa\u00e7o com o piso ideal \u00e9 mais f\u00e1cil do que parece! Aqui, vou te apresentar 7 inova\u00e7\u00f5es que v\u00e3o te ajudar nesta escolha.<\/p>\n<figure style=\"width: 1024px\" class=\"wp-caption aligncenter\"><img decoding=\"async\" src=\"https:\/\/www.aarquiteta.com.br\/blog\/wp-content\/uploads\/2025\/06\/piso-ideal01.jpg\" alt=\"https:\/\/www.tuacasa.com.br\/piso-ideal\/\" width=\"1024\" height=\"1024\" title=\"\"><figcaption class=\"wp-caption-text\">https:\/\/www.tuacasa.com.br\/piso-ideal\/<\/figcaption><\/figure>\n<h3>1. Pisos Vin\u00edlicos: Versatilidade e Conforto<\/h3>\n<p>Os <b>pisos vin\u00edlicos<\/b> s\u00e3o a escolha perfeita para quem busca <b>versatilidade<\/b> e conforto. Com diversas cores e padr\u00f5es, a instala\u00e7\u00e3o \u00e9 simples e a limpeza, r\u00e1pida.<\/p>\n<figure style=\"width: 1024px\" class=\"wp-caption aligncenter\"><img decoding=\"async\" src=\"https:\/\/www.aarquiteta.com.br\/blog\/wp-content\/uploads\/2025\/06\/piso-ideal02.jpg\" alt=\"https:\/\/www.tuacasa.com.br\/piso-ideal\/\" width=\"1024\" height=\"1024\" title=\"\"><figcaption class=\"wp-caption-text\">https:\/\/www.tuacasa.com.br\/piso-ideal\/<\/figcaption><\/figure>\n<h3>2. Porcelanato: Estilo e Durabilidade<\/h3>\n<p>O <b>porcelanato<\/b> \u00e9 sin\u00f4nimo de sofistica\u00e7\u00e3o. Dispon\u00edvel em v\u00e1rias texturas, ele combina muito bem com o <b>estilo moderno<\/b> e \u00e9 f\u00e1cil de manter.<\/p>\n<figure style=\"width: 1024px\" class=\"wp-caption aligncenter\"><img decoding=\"async\" src=\"https:\/\/www.aarquiteta.com.br\/blog\/wp-content\/uploads\/2025\/06\/piso-ideal03.jpg\" alt=\"https:\/\/www.tuacasa.com.br\/piso-ideal\/\" width=\"1024\" height=\"1024\" title=\"\"><figcaption class=\"wp-caption-text\">https:\/\/www.tuacasa.com.br\/piso-ideal\/<\/figcaption><\/figure>\n<h3>3. Pisos Laminados: Praticidade e Eleg\u00e2ncia<\/h3>\n<p>Para quem ama um toque <b>elegante<\/b> sem complica\u00e7\u00f5es, os pisos laminados s\u00e3o uma \u00f3tima op\u00e7\u00e3o. S\u00e3o resistentes a arranh\u00f5es e f\u00e1ceis de instalar.<\/p>\n<h3>4. Cimento Queimado: Estilo Industrial<\/h3>\n<p>O <b>cimento queimado<\/b> trouxe a est\u00e9tica <b>industrial<\/b> para dentro de casa. Ideal para ambientes r\u00fasticos, ele se destaca pela simplicidade e resist\u00eancia.<\/p>\n<h3>5. Ladrilhos Hidr\u00e1ulicos: Cores Vibrantes<\/h3>\n<p>Os <b>ladrilhos hidr\u00e1ulicos<\/b> s\u00e3o uma \u00f3tima pedida para quem gosta de <b>cores vibrantes<\/b> e padr\u00f5es \u00fanicos. Eles se destacam em qualquer ambiente!<\/p>\n<h3>6. Madeira: Conforto T\u00e9rmico<\/h3>\n<p>Se conforto \u00e9 prioridade, o <b>piso de madeira<\/b> \u00e9 insubstitu\u00edvel. Ele traz uma aconchego imbat\u00edvel, ideal para salas e quartos.<\/p>\n<h3>7. Piso de Granilite: Retorno dos Cl\u00e1ssicos<\/h3>\n<p>Por fim, o <b>granilite<\/b> vem voltando \u00e0s tend\u00eancias. Com seus pequenos gr\u00e3os de pedra, ele \u00e9 altamente dur\u00e1vel e perfeito para grandes ambientes.<\/p>\n<p><div class=\"youtube-embed\" data-video_id=\"itOBqj-qoJA\"><iframe title=\"Piso ideal inversi\u00f3n. En Nava por solo 48.500 euros inf\u00f3rmate 984280228 l\u00ednea 4\" width=\"696\" height=\"392\" src=\"https:\/\/www.youtube.com\/embed\/itOBqj-qoJA?feature=oembed&#038;enablejsapi=1\" frameborder=\"0\" allow=\"accelerometer; autoplay; clipboard-write; encrypted-media; gyroscope; picture-in-picture; web-share\" referrerpolicy=\"strict-origin-when-cross-origin\" allowfullscreen><\/iframe><\/div>\n<\/p>\n<table>\n<tr>\n<th>Tipo de Piso<\/th>\n<th>Vantagens<\/th>\n<th>Ambiente Ideal<\/th>\n<\/tr>\n<tr>\n<td>Pisos Vin\u00edlicos<\/td>\n<td>Versatilidade e conforto<\/td>\n<td>Quartos e salas<\/td>\n<\/tr>\n<tr>\n<td>Porcelanato<\/td>\n<td>Estilo e durabilidade<\/td>\n<td>Salas e cozinhas<\/td>\n<\/tr>\n<tr>\n<td>Pisos Laminados<\/td>\n<td>Praticidade e eleg\u00e2ncia<\/td>\n<td>Quartos, salas<\/td>\n<\/tr>\n<tr>\n<td>Cimento Queimado<\/td>\n<td>Estilo industrial<\/td>\n<td>Cozinha, \u00e1reas externas<\/td>\n<\/tr>\n<tr>\n<td>Ladrilhos Hidr\u00e1ulicos<\/td>\n<td>Cores vibrantes<\/td>\n<td>Salas, cozinhas<\/td>\n<\/tr>\n<tr>\n<td>Madeira<\/td>\n<td>Conforto t\u00e9rmico<\/td>\n<td>Salas e quartos<\/td>\n<\/tr>\n<tr>\n<td>Granilite<\/td>\n<td>Requinte e durabilidade<\/td>\n<td>\u00c1reas amplas<\/td>\n<\/tr>\n<\/table>\n<p><b>Escolher o piso ideal<\/b> pode parecer desafiador, mas com essas inova\u00e7\u00f5es, fica muito mais simples. Aproveite e comente qual desses estilos mais combina com o seu espa\u00e7o!<\/p>\n<p>Para quem quer mais inspira\u00e7\u00f5es, tamb\u00e9m recomendo que confira dicas para <b>decorar pequenos ambientes<\/b>. Vamos transformar a sua casa juntos!<\/p>\n","protected":false},"excerpt":{"rendered":"<p>7 Inova\u00e7\u00f5es para Transformar seu Espa\u00e7o com o Piso Ideal<\/p>\n","protected":false},"author":102,"featured_media":152652,"comment_status":"open","ping_status":"","sticky":false,"template":"","format":"standard","meta":{"footnotes":""},"categories":[249,1484],"tags":[],"class_list":["post-152655","post","type-post","status-publish","format-standard","has-post-thumbnail","category-engenharia-e-construcao-civil","category-decoracao"],"_wp_attached_file":null,"_wp_attachment_metadata":null,"_wp_attachment_context":null,"_wp_attachment_is_custom_header":null,"geo_longitude":null,"geo_public":null,"geo_latitude":null,"_publicize_done_external":null,"_wpas_done_3897181":null,"publicize_twitter_user":null,"_wpas_done_3897175":null,"_wpas_skip_3897181":null,"_wpas_skip_3897175":null,"_wpas_skip_3924723":null,"_wpas_mess":null,"_wpas_done_3924723":null,"wps_subtitle":"","_links":{"self":[{"href":"https:\/\/www.aarquiteta.com.br\/blog\/wp-json\/wp\/v2\/posts\/152655","targetHints":{"allow":["GET"]}}],"collection":[{"href":"https:\/\/www.aarquiteta.com.br\/blog\/wp-json\/wp\/v2\/posts"}],"about":[{"href":"https:\/\/www.aarquiteta.com.br\/blog\/wp-json\/wp\/v2\/types\/post"}],"author":[{"embeddable":true,"href":"https:\/\/www.aarquiteta.com.br\/blog\/wp-json\/wp\/v2\/users\/102"}],"replies":[{"embeddable":true,"href":"https:\/\/www.aarquiteta.com.br\/blog\/wp-json\/wp\/v2\/comments?post=152655"}],"version-history":[{"count":0,"href":"https:\/\/www.aarquiteta.com.br\/blog\/wp-json\/wp\/v2\/posts\/152655\/revisions"}],"wp:featuredmedia":[{"embeddable":true,"href":"https:\/\/www.aarquiteta.com.br\/blog\/wp-json\/wp\/v2\/media\/152652"}],"wp:attachment":[{"href":"https:\/\/www.aarquiteta.com.br\/blog\/wp-json\/wp\/v2\/media?parent=152655"}],"wp:term":[{"taxonomy":"category","embeddable":true,"href":"https:\/\/www.aarquiteta.com.br\/blog\/wp-json\/wp\/v2\/categories?post=152655"},{"taxonomy":"post_tag","embeddable":true,"href":"https:\/\/www.aarquiteta.com.br\/blog\/wp-json\/wp\/v2\/tags?post=152655"}],"curies":[{"name":"wp","href":"https:\/\/api.w.org\/{rel}","templated":true}]}}