{"id":152579,"date":"2025-06-17T17:31:42","date_gmt":"2025-06-17T20:31:42","guid":{"rendered":"https:\/\/www.aarquiteta.com.br\/blog\/casas-pequenas-e-modernas\/"},"modified":"2025-06-17T17:31:42","modified_gmt":"2025-06-17T20:31:42","slug":"casas-pequenas-e-modernas","status":"publish","type":"post","link":"https:\/\/www.aarquiteta.com.br\/blog\/casas-pequenas-e-modernas\/","title":{"rendered":"10 Casas Pequenas e Modernas que V\u00e3o Te Surpreender"},"content":{"rendered":"<p>Voc\u00ea j\u00e1 imaginou o quanto uma casa pequena pode ser moderna e surpreendente? Hoje eu vou mostrar 10 op\u00e7\u00f5es que v\u00e3o te deixar encantado!<\/p>\n<figure style=\"width: 1024px\" class=\"wp-caption aligncenter\"><img decoding=\"async\" src=\"https:\/\/www.aarquiteta.com.br\/blog\/wp-content\/uploads\/2025\/06\/casas-pequenas-e-modernas01.jpg\" alt=\"https:\/\/www.tuacasa.com.br\/casas-pequenas-e-modernas\/\" width=\"1024\" height=\"1024\" title=\"\"><figcaption class=\"wp-caption-text\">https:\/\/www.tuacasa.com.br\/casas-pequenas-e-modernas\/<\/figcaption><\/figure>\n<h3>Casas Pequenas e Modernas que Impressionam<\/h3>\n<p>As <b>casas pequenas<\/b> est\u00e3o em alta e, mesmo com tamanhos reduzidos, podem oferecer <b>estilo e funcionalidade<\/b>. Apostar em designs modernos traz uma est\u00e9tica clean e pr\u00e1tica. Que tal conhecer 10 dessas constru\u00e7\u00f5es que s\u00e3o verdadeiros exemplos de como \u00e9 poss\u00edvel unir beleza e efici\u00eancia?<\/p>\n<figure style=\"width: 1024px\" class=\"wp-caption aligncenter\"><img decoding=\"async\" src=\"https:\/\/www.aarquiteta.com.br\/blog\/wp-content\/uploads\/2025\/06\/casas-pequenas-e-modernas02.jpg\" alt=\"https:\/\/www.tuacasa.com.br\/casas-pequenas-e-modernas\/\" width=\"1024\" height=\"1024\" title=\"\"><figcaption class=\"wp-caption-text\">https:\/\/www.tuacasa.com.br\/casas-pequenas-e-modernas\/<\/figcaption><\/figure>\n<h3>1. Gable House por Nic Owen<\/h3>\n<p>A Gable House \u00e9 um dos projetos mais ic\u00f4nicos do escrit\u00f3rio Nic Owen. Com **linhas geom\u00e9tricas e integra\u00e7\u00e3o de ambientes**, ela \u00e9 a defini\u00e7\u00e3o de simplicidade sofisticada. O uso de vidro e madeira, junto a uma decora\u00e7\u00e3o minimalista, faz dela uma refer\u00eancia em casas modernas.<\/p>\n<figure style=\"width: 1024px\" class=\"wp-caption aligncenter\"><img decoding=\"async\" src=\"https:\/\/www.aarquiteta.com.br\/blog\/wp-content\/uploads\/2025\/06\/casas-pequenas-e-modernas03.jpg\" alt=\"https:\/\/www.tuacasa.com.br\/casas-pequenas-e-modernas\/\" width=\"1024\" height=\"1024\" title=\"\"><figcaption class=\"wp-caption-text\">https:\/\/www.tuacasa.com.br\/casas-pequenas-e-modernas\/<\/figcaption><\/figure>\n<h3>2. Solar da Serra por 3.4 Arquitetura<\/h3>\n<p>Com uma <b>fachada horizontal<\/b>, essa casa de 95 m\u00b2 apresenta ambientes integrados. Mesmo com divis\u00f5es, a sensa\u00e7\u00e3o \u00e9 de um espa\u00e7o amplo, proporcionando um contato intenso com a natureza.<\/p>\n<h3>3. Casa de Madeira T\u00e9rrea<\/h3>\n<p>Essa casa \u00e9 um exemplo do uso inteligente do espa\u00e7o pequeno. Seu design \u00e9 <b>funcional e aconchegante<\/b>. A madeira traz um toque acolhedor, enquanto paredes de vidro removem barreiras visuais.<\/p>\n<h3>4. Tiny House Minimalista<\/h3>\n<p>Neste projeto, a <b>simplicidade<\/b> \u00e9 a chave. Cada metro quadrado \u00e9 utilizado com sabedoria, oferecendo um lar confort\u00e1vel e pr\u00e1tico. Ideal para quem busca se desprender da ostenta\u00e7\u00e3o.<\/p>\n<h3>5. Casa Flex\u00edvel do Concreto<\/h3>\n<p>Com um design inovador, essa casa causa impacto. O uso de elementos de concreto e uma <b>paleta de cores neutras<\/b> d\u00e3o leveza ao visual, enquanto as janelas amplas garantem a entrada de luz natural.<\/p>\n<h3>6. Casa entre \u00c1rvores<\/h3>\n<p>Localizada em um cen\u00e1rio verdejante, essa <b>constru\u00e7\u00e3o sustent\u00e1vel<\/b> se destaca por se integrar com a natureza. Utiliza materiais ecol\u00f3gicos e espa\u00e7os abertos que promovem a ventila\u00e7\u00e3o.<\/p>\n<p>https:\/\/www.youtube.com\/watch?v=<\/p>\n<h3>7. Casa Modular<\/h3>\n<p>Uma prova de que \u00e9 poss\u00edvel aliar <b>tecnologia e design<\/b>. O projeto modular permite adapta\u00e7\u00f5es conforme a necessidade dos moradores, tornando-a flex\u00edvel e funcional.<\/p>\n<h3>8. Casa da Praia<\/h3>\n<p>Com um visual inspirador, essa casa \u00e9 ideal para quem ama o contato com o mar. O uso de <b>materiais leves<\/b> e revestimentos que refletem a luz do sol tornam o ambiente perfeito para relaxar.<\/p>\n<h3>9. Habitat Urbano<\/h3>\n<p>\u00c9 o exemplo de casa perfeita para quem busca viver <b>de forma pr\u00e1tica e moderna<\/b>, sem abrir m\u00e3o do estilo. Projetada para a vida na cidade, \u00e9 pequena por fora, mas enorme em funcionalidade.<\/p>\n<h3>10. Casa Retr\u00f4 Moderna<\/h3>\n<p>Um <b>toque vintage<\/b> na arquitetura moderna, esta casa traz um charme especial. Com cores vibrantes e detalhes que remetem ao passado, ela \u00e9 uma verdadeira obra de arte arquitet\u00f4nica.<\/p>\n<table>\n<tr>\n<th>Casa<\/th>\n<th>Caracter\u00edsticas<\/th>\n<\/tr>\n<tr>\n<td>Gable House<\/td>\n<td>Linhas geom\u00e9tricas, integra\u00e7\u00e3o de ambientes<\/td>\n<\/tr>\n<tr>\n<td>Solar da Serra<\/td>\n<td>Ambientes integrados, contato com a natureza<\/td>\n<\/tr>\n<tr>\n<td>Casa de Madeira<\/td>\n<td>Funcional e aconchegante, uso de madeira<\/td>\n<\/tr>\n<tr>\n<td>Tiny House<\/td>\n<td>Simplicidade e funcionalidade<\/td>\n<\/tr>\n<tr>\n<td>Casa do Concreto<\/td>\n<td>Imp\u00e9rio visual, paleta neutra<\/td>\n<\/tr>\n<tr>\n<td>Casa entre \u00c1rvores<\/td>\n<td>Integra\u00e7\u00e3o com a natureza, sustent\u00e1vel<\/td>\n<\/tr>\n<tr>\n<td>Casa Modular<\/td>\n<td>Flex\u00edvel e adapt\u00e1vel<\/td>\n<\/tr>\n<tr>\n<td>Casa da Praia<\/td>\n<td>Materiais leves, ambiente relaxante<\/td>\n<\/tr>\n<tr>\n<td>Habitat Urbano<\/td>\n<td>Pr\u00e1tica e moderna<\/td>\n<\/tr>\n<tr>\n<td>Casa Retr\u00f4<\/td>\n<td>Charmosa, detalhes vintage<\/td>\n<\/tr>\n<\/table>\n<p>Agora que voc\u00ea conheceu essas <b>casas pequenas e modernas<\/b>, qual delas mais te surpreendeu? Deixe seu coment\u00e1rio e compartilhe qual projeto voc\u00ea gostaria de ter em sua vida! N\u00e3o esque\u00e7a de explorar mais inspira\u00e7\u00f5es aqui no blog!<\/p>\n","protected":false},"excerpt":{"rendered":"<p>10 Casas Pequenas e Modernas que V\u00e3o Te Surpreender<\/p>\n","protected":false},"author":102,"featured_media":152576,"comment_status":"open","ping_status":"","sticky":false,"template":"","format":"standard","meta":{"footnotes":""},"categories":[249,1484],"tags":[],"class_list":["post-152579","post","type-post","status-publish","format-standard","has-post-thumbnail","category-engenharia-e-construcao-civil","category-decoracao"],"_wp_attached_file":null,"_wp_attachment_metadata":null,"_wp_attachment_context":null,"_wp_attachment_is_custom_header":null,"geo_longitude":null,"geo_public":null,"geo_latitude":null,"_publicize_done_external":null,"_wpas_done_3897181":null,"publicize_twitter_user":null,"_wpas_done_3897175":null,"_wpas_skip_3897181":null,"_wpas_skip_3897175":null,"_wpas_skip_3924723":null,"_wpas_mess":null,"_wpas_done_3924723":null,"wps_subtitle":"","_links":{"self":[{"href":"https:\/\/www.aarquiteta.com.br\/blog\/wp-json\/wp\/v2\/posts\/152579","targetHints":{"allow":["GET"]}}],"collection":[{"href":"https:\/\/www.aarquiteta.com.br\/blog\/wp-json\/wp\/v2\/posts"}],"about":[{"href":"https:\/\/www.aarquiteta.com.br\/blog\/wp-json\/wp\/v2\/types\/post"}],"author":[{"embeddable":true,"href":"https:\/\/www.aarquiteta.com.br\/blog\/wp-json\/wp\/v2\/users\/102"}],"replies":[{"embeddable":true,"href":"https:\/\/www.aarquiteta.com.br\/blog\/wp-json\/wp\/v2\/comments?post=152579"}],"version-history":[{"count":0,"href":"https:\/\/www.aarquiteta.com.br\/blog\/wp-json\/wp\/v2\/posts\/152579\/revisions"}],"wp:featuredmedia":[{"embeddable":true,"href":"https:\/\/www.aarquiteta.com.br\/blog\/wp-json\/wp\/v2\/media\/152576"}],"wp:attachment":[{"href":"https:\/\/www.aarquiteta.com.br\/blog\/wp-json\/wp\/v2\/media?parent=152579"}],"wp:term":[{"taxonomy":"category","embeddable":true,"href":"https:\/\/www.aarquiteta.com.br\/blog\/wp-json\/wp\/v2\/categories?post=152579"},{"taxonomy":"post_tag","embeddable":true,"href":"https:\/\/www.aarquiteta.com.br\/blog\/wp-json\/wp\/v2\/tags?post=152579"}],"curies":[{"name":"wp","href":"https:\/\/api.w.org\/{rel}","templated":true}]}}