{"id":152560,"date":"2025-06-16T17:31:48","date_gmt":"2025-06-16T20:31:48","guid":{"rendered":"https:\/\/www.aarquiteta.com.br\/blog\/edicula-2\/"},"modified":"2025-06-16T17:31:48","modified_gmt":"2025-06-16T20:31:48","slug":"edicula-2","status":"publish","type":"post","link":"https:\/\/www.aarquiteta.com.br\/blog\/edicula-2\/","title":{"rendered":"As 5 Melhores Dicas para Decorar sua Ed\u00edcula"},"content":{"rendered":"<p>Quer transformar sua ed\u00edcula em um espa\u00e7o aconchegante e funcional? Conferindo estas 5 dicas incr\u00edveis, voc\u00ea vai descobrir como aproveitar cada cantinho dessa constru\u00e7\u00e3o!<\/p>\n<figure style=\"width: 1024px\" class=\"wp-caption aligncenter\"><img decoding=\"async\" src=\"https:\/\/www.aarquiteta.com.br\/blog\/wp-content\/uploads\/2025\/06\/edicula01.jpg\" alt=\"https:\/\/www.tuacasa.com.br\/edicula\/\" width=\"1024\" height=\"1024\" title=\"\"><figcaption class=\"wp-caption-text\">https:\/\/www.tuacasa.com.br\/edicula\/<\/figcaption><\/figure>\n<h3>1. Escolha um Estilo Harmonioso<\/h3>\n<p>Para come\u00e7ar, a <b>harmonia entre a ed\u00edcula e a casa principal \u00e9 fundamental<\/b>. Escolha cores e m\u00f3veis que conversem entre si. Assim, voc\u00ea cria um ambiente que se integra naturalmente ao restante da casa.<\/p>\n<figure style=\"width: 1024px\" class=\"wp-caption aligncenter\"><img decoding=\"async\" src=\"https:\/\/www.aarquiteta.com.br\/blog\/wp-content\/uploads\/2025\/06\/edicula02.jpg\" alt=\"https:\/\/www.tuacasa.com.br\/edicula\/\" width=\"1024\" height=\"1024\" title=\"\"><figcaption class=\"wp-caption-text\">https:\/\/www.tuacasa.com.br\/edicula\/<\/figcaption><\/figure>\n<h3>2. Aposte em M\u00f3veis Multifuncionais<\/h3>\n<p>Os <b>m\u00f3veis multifuncionais<\/b> s\u00e3o uma \u00f3tima pedida para otimizar espa\u00e7os. Um sof\u00e1 que vira cama ou uma mesa de jantar que se transforma em mesa de trabalho podem ser muito \u00fateis em uma ed\u00edcula, que, muitas vezes, tem espa\u00e7o restrito.<\/p>\n<figure style=\"width: 1024px\" class=\"wp-caption aligncenter\"><img decoding=\"async\" src=\"https:\/\/www.aarquiteta.com.br\/blog\/wp-content\/uploads\/2025\/06\/edicula03.jpg\" alt=\"https:\/\/www.tuacasa.com.br\/edicula\/\" width=\"1024\" height=\"1024\" title=\"\"><figcaption class=\"wp-caption-text\">https:\/\/www.tuacasa.com.br\/edicula\/<\/figcaption><\/figure>\n<h3>3. Aproveite a Luz Natural<\/h3>\n<p>Intensifique a luminosidade no ambiente com <b>grandes janelas ou portas de vidro<\/b>. A luz natural deixa o espa\u00e7o mais amplo e acolhedor. Adicione cortinas leves para um toque de estilo e privacidade na medida certa.<\/p>\n<h3>4. Invista em Plantas e Verde<\/h3>\n<p>As plantas trazem vida e frescor para a ed\u00edcula. Use <b>plantas em vasos ou jardins verticais<\/b> para criar um ambiente agrad\u00e1vel. Al\u00e9m de decorar, ajudam a purificar o ar e trazem um toque de natureza para dentro de casa.<\/p>\n<h3>5. Crie Espa\u00e7os de Conviv\u00eancia<\/h3>\n<p>Uma ed\u00edcula \u00e9 perfeita para reunir amigos e fam\u00edlia. Prepare uma <b>\u00e1rea para conv\u00edvio<\/b> com cadeiras e uma mesa. Que tal um espa\u00e7o gourmet? Assim, voc\u00ea pode desfrutar de momentos deliciosos ao lado de quem ama.<\/p>\n<table>\n<tr>\n<th>Dicas para Decorar sua Ed\u00edcula<\/th>\n<th>Descri\u00e7\u00e3o<\/th>\n<\/tr>\n<tr>\n<td>1. Escolha um Estilo Harmonioso<\/td>\n<td>Integre cores e m\u00f3veis da ed\u00edcula com a casa principal.<\/td>\n<\/tr>\n<tr>\n<td>2. Aposte em M\u00f3veis Multifuncionais<\/td>\n<td>Utilize m\u00f3veis que otimizam o espa\u00e7o.<\/td>\n<\/tr>\n<tr>\n<td>3. Aproveite a Luz Natural<\/td>\n<td>Insira janelas grandes para ilumina\u00e7\u00e3o.<\/td>\n<\/tr>\n<tr>\n<td>4. Invista em Plantas e Verde<\/td>\n<td>Adicione plantas para vida e frescor.<\/td>\n<\/tr>\n<tr>\n<td>5. Crie Espa\u00e7os de Conviv\u00eancia<\/td>\n<td>Prepare \u00e1reas para socializa\u00e7\u00e3o e lazer.<\/td>\n<\/tr>\n<\/table>\n<p>Se voc\u00ea quer uma ed\u00edcula que fa\u00e7a a diferen\u00e7a na sua casa, siga essas dicas. N\u00e3o tenha medo de ousar na decora\u00e7\u00e3o! Vamos juntos transformar esse espa\u00e7o em um lugar incr\u00edvel.<\/p>\n<p>Aproveite para conferir mais sobre decora\u00e7\u00e3o, como as melhores op\u00e7\u00f5es de porcelanato para \u00e1reas externas ou sugest\u00f5es de m\u00f3veis que podem facilitar a sua vida. Vamos juntos em busca do lar dos sonhos!<\/p>\n<p><div class=\"youtube-embed\" data-video_id=\"UQRllRVholA\"><iframe title=\"TOP 54 IDEAS DE EDICULAS MODERNAS PARA MORAR 2022-Edicules to live #decora\u00e7\u00e3o #edifica\u00e7\u00e3o #edicula\" width=\"696\" height=\"392\" src=\"https:\/\/www.youtube.com\/embed\/UQRllRVholA?feature=oembed&#038;enablejsapi=1\" frameborder=\"0\" allow=\"accelerometer; autoplay; clipboard-write; encrypted-media; gyroscope; picture-in-picture; web-share\" referrerpolicy=\"strict-origin-when-cross-origin\" allowfullscreen><\/iframe><\/div><\/p>\n","protected":false},"excerpt":{"rendered":"<p>As 5 Melhores Dicas para Decorar sua Ed\u00edcula<\/p>\n","protected":false},"author":102,"featured_media":152557,"comment_status":"open","ping_status":"","sticky":false,"template":"","format":"standard","meta":{"footnotes":""},"categories":[249,1484],"tags":[],"class_list":["post-152560","post","type-post","status-publish","format-standard","has-post-thumbnail","category-engenharia-e-construcao-civil","category-decoracao"],"_wp_attached_file":null,"_wp_attachment_metadata":null,"_wp_attachment_context":null,"_wp_attachment_is_custom_header":null,"geo_longitude":null,"geo_public":null,"geo_latitude":null,"_publicize_done_external":null,"_wpas_done_3897181":null,"publicize_twitter_user":null,"_wpas_done_3897175":null,"_wpas_skip_3897181":null,"_wpas_skip_3897175":null,"_wpas_skip_3924723":null,"_wpas_mess":null,"_wpas_done_3924723":null,"wps_subtitle":"","_links":{"self":[{"href":"https:\/\/www.aarquiteta.com.br\/blog\/wp-json\/wp\/v2\/posts\/152560","targetHints":{"allow":["GET"]}}],"collection":[{"href":"https:\/\/www.aarquiteta.com.br\/blog\/wp-json\/wp\/v2\/posts"}],"about":[{"href":"https:\/\/www.aarquiteta.com.br\/blog\/wp-json\/wp\/v2\/types\/post"}],"author":[{"embeddable":true,"href":"https:\/\/www.aarquiteta.com.br\/blog\/wp-json\/wp\/v2\/users\/102"}],"replies":[{"embeddable":true,"href":"https:\/\/www.aarquiteta.com.br\/blog\/wp-json\/wp\/v2\/comments?post=152560"}],"version-history":[{"count":0,"href":"https:\/\/www.aarquiteta.com.br\/blog\/wp-json\/wp\/v2\/posts\/152560\/revisions"}],"wp:featuredmedia":[{"embeddable":true,"href":"https:\/\/www.aarquiteta.com.br\/blog\/wp-json\/wp\/v2\/media\/152557"}],"wp:attachment":[{"href":"https:\/\/www.aarquiteta.com.br\/blog\/wp-json\/wp\/v2\/media?parent=152560"}],"wp:term":[{"taxonomy":"category","embeddable":true,"href":"https:\/\/www.aarquiteta.com.br\/blog\/wp-json\/wp\/v2\/categories?post=152560"},{"taxonomy":"post_tag","embeddable":true,"href":"https:\/\/www.aarquiteta.com.br\/blog\/wp-json\/wp\/v2\/tags?post=152560"}],"curies":[{"name":"wp","href":"https:\/\/api.w.org\/{rel}","templated":true}]}}