{"id":152555,"date":"2025-06-16T12:01:43","date_gmt":"2025-06-16T15:01:43","guid":{"rendered":"https:\/\/www.aarquiteta.com.br\/blog\/os-7-erros-mais-comuns-no-projeto-e-instalacao-de-jardins-verticais\/"},"modified":"2025-06-16T12:01:43","modified_gmt":"2025-06-16T15:01:43","slug":"os-7-erros-mais-comuns-no-projeto-e-instalacao-de-jardins-verticais","status":"publish","type":"post","link":"https:\/\/www.aarquiteta.com.br\/blog\/os-7-erros-mais-comuns-no-projeto-e-instalacao-de-jardins-verticais\/","title":{"rendered":"7 Erros Comuns na Instala\u00e7\u00e3o de Jardins Verticais que Voc\u00ea Deve Evitar"},"content":{"rendered":"<p>Voc\u00ea sabia que pequenas falhas podem comprometer a beleza de um <b>jardim vertical<\/b>? Neste artigo, vou te mostrar os 7 erros mais comuns na sua instala\u00e7\u00e3o e como evit\u00e1-los.<\/p>\n<figure style=\"width: 1024px\" class=\"wp-caption aligncenter\"><img decoding=\"async\" src=\"https:\/\/www.aarquiteta.com.br\/blog\/wp-content\/uploads\/2025\/06\/os-7-erros-mais-comuns-no-projeto-e-instalacao-de-jardins-verticais-01.jpg\" alt=\"https:\/\/www.jardineiro.net\/os-7-erros-mais-comuns-no-projeto-e-instalacao-de-jardins-verticais.html\" width=\"1024\" height=\"1024\" title=\"\"><figcaption class=\"wp-caption-text\">https:\/\/www.jardineiro.net\/os-7-erros-mais-comuns-no-projeto-e-instalacao-de-jardins-verticais.html<\/figcaption><\/figure>\n<h3>Introdu\u00e7\u00e3o aos Jardins Verticais<\/h3>\n<p>Os <b>jardins verticais<\/b> s\u00e3o uma maneira incr\u00edvel de trazer vida e frescor ao ambiente. Muitas vezes, eles se tornam o destaque de uma casa ou escrit\u00f3rio. No entanto, \u00e9 fundamental evitar erros comuns que podem prejudicar sua instala\u00e7\u00e3o.<\/p>\n<figure style=\"width: 1024px\" class=\"wp-caption aligncenter\"><img decoding=\"async\" src=\"https:\/\/www.aarquiteta.com.br\/blog\/wp-content\/uploads\/2025\/06\/os-7-erros-mais-comuns-no-projeto-e-instalacao-de-jardins-verticais-02.jpg\" alt=\"https:\/\/www.jardineiro.net\/os-7-erros-mais-comuns-no-projeto-e-instalacao-de-jardins-verticais.html\" width=\"1024\" height=\"1024\" title=\"\"><figcaption class=\"wp-caption-text\">https:\/\/www.jardineiro.net\/os-7-erros-mais-comuns-no-projeto-e-instalacao-de-jardins-verticais.html<\/figcaption><\/figure>\n<p>Enquanto alguns podem parecer inofensivos, esses erros podem afetar a vitalidade da sua parede verde a longo prazo. Neste artigo, vou abordar as armadilhas mais frequentes e como voc\u00ea pode se proteger delas na hora de montar o seu jardim vertical.<\/p>\n<figure style=\"width: 1024px\" class=\"wp-caption aligncenter\"><img decoding=\"async\" src=\"https:\/\/www.aarquiteta.com.br\/blog\/wp-content\/uploads\/2025\/06\/os-7-erros-mais-comuns-no-projeto-e-instalacao-de-jardins-verticais-03.jpg\" alt=\"https:\/\/www.jardineiro.net\/os-7-erros-mais-comuns-no-projeto-e-instalacao-de-jardins-verticais.html\" width=\"1024\" height=\"1024\" title=\"\"><figcaption class=\"wp-caption-text\">https:\/\/www.jardineiro.net\/os-7-erros-mais-comuns-no-projeto-e-instalacao-de-jardins-verticais.html<\/figcaption><\/figure>\n<h3>1. Luminosidade Inadequada<\/h3>\n<p>A ilumina\u00e7\u00e3o \u00e9 essencial. Isso mesmo! Jardim vertical e baixa luminosidade n\u00e3o combinam. O ideal \u00e9 que ele fique a no m\u00e1ximo tr\u00eas metros de uma <b>fonte de luz<\/b>. Se necess\u00e1rio, voc\u00ea pode usar l\u00e2mpadas especiais que imitam a luz solar.<\/p>\n<h3>2. M\u00e9todo Construtivo Errado<\/h3>\n<p>Escolher o <b>m\u00e9todo construtivo<\/b> adequado \u00e9 crucial. M\u00f3dulos pl\u00e1sticos s\u00e3o as melhores op\u00e7\u00f5es na maioria dos casos. Avalie as condi\u00e7\u00f5es do local para evitar problemas futuros.<\/p>\n<h3>3. Escolha Errada das Plantas<\/h3>\n<p>A sele\u00e7\u00e3o das <b>esp\u00e9cies vegetais<\/b> \u00e9 fundamental. Algumas plantas precisam de luz direta, enquanto outras se adaptam apenas \u00e0 sombra. Conhecer o ambiente \u00e9 chave para garantir a beleza do seu jardim.<\/p>\n<h3>4. Falhas no Projeto<\/h3>\n<p>Um bom <b>design<\/b> tamb\u00e9m faz toda a diferen\u00e7a. Misturar plantas de diferentes alturas e estilos ajuda a criar um visual mais harmonioso. Cuidado ao optar por plantas adultas, pois podem n\u00e3o se adaptar.<\/p>\n<h3>5. Irriga\u00e7\u00e3o Ineficiente<\/h3>\n<p>A irriga\u00e7\u00e3o \u00e9 o cora\u00e7\u00e3o do seu jardim vertical. Um sistema automatizado \u00e9 mais eficaz. N\u00e3o economize nesta parte, pois isso impacta diretamente na [vitalidade das suas plantas.<\/p>\n<p><div class=\"youtube-embed\" data-video_id=\"oXdGMy6akAE\"><iframe title=\"Jardim Vertical Artificial Com Tecnologia De Prote\u00e7\u00e3o UV - #dicasdedecora\u00e7\u00e3o #paredeverdeartificial\" width=\"696\" height=\"392\" src=\"https:\/\/www.youtube.com\/embed\/oXdGMy6akAE?feature=oembed&#038;enablejsapi=1\" frameborder=\"0\" allow=\"accelerometer; autoplay; clipboard-write; encrypted-media; gyroscope; picture-in-picture; web-share\" referrerpolicy=\"strict-origin-when-cross-origin\" allowfullscreen><\/iframe><\/div>\n<\/p>\n<h3>6. Drenagem Mal Dimensionada<\/h3>\n<p>Uma <b>drenagem<\/b> inadequada pode causar s\u00e9rios danos. Uma boa camada de drenagem e substrato s\u00e3o essenciais para evitar o apodrecimento das ra\u00edzes.<\/p>\n<h3>7. Falha na Comunica\u00e7\u00e3o com o Cliente<\/h3>\n<p>Por fim, alinhe as expectativas. \u00c9 importante que voc\u00ea explique ao cliente que o jardim levar\u00e1 tempo para crescer e se desenvolver. Paci\u00eancia \u00e9 a chave para ter um jardim deslumbrante!<\/p>\n<table>\n<tr>\n<th><b>Erro<\/b><\/th>\n<th><b>Solu\u00e7\u00e3o<\/b><\/th>\n<\/tr>\n<tr>\n<td>Luminosidade Inadequada<\/td>\n<td>Instalar pr\u00f3ximo a uma fonte de luz<\/td>\n<\/tr>\n<tr>\n<td>M\u00e9todo Construtivo Errado<\/td>\n<td>Usar m\u00f3dulos pl\u00e1sticos<\/td>\n<\/tr>\n<tr>\n<td>Escolha Errada das Plantas<\/td>\n<td>Conhecer o ambiente antes de escolher<\/td>\n<\/tr>\n<tr>\n<td>Falhas no Projeto<\/td>\n<td>Planejar um design harmonioso<\/td>\n<\/tr>\n<tr>\n<td>Irriga\u00e7\u00e3o Ineficiente<\/td>\n<td>Instalar sistema de irriga\u00e7\u00e3o autom\u00e1tico<\/td>\n<\/tr>\n<tr>\n<td>Drenagem Mal Dimensionada<\/td>\n<td>Usar camada correta de drenagem<\/td>\n<\/tr>\n<tr>\n<td>Falha na Comunica\u00e7\u00e3o com o Cliente<\/td>\n<td>Alinhar expectativas sobre o crescimento<\/td>\n<\/tr>\n<\/table>\n<p>Ao evitar esses erros, voc\u00ea estar\u00e1 um passo mais perto de ter um verdadeiro <b>para\u00edso verde<\/b> na sua casa. Que tal come\u00e7ar seu projeto agora e fazer desse sonho uma realidade? Deixa eu saber nos coment\u00e1rios como voc\u00ea est\u00e1 planejando o seu jardim vertical!<\/p>\n","protected":false},"excerpt":{"rendered":"<p>7 Erros Comuns na Instala\u00e7\u00e3o de Jardins Verticais que Voc\u00ea Deve Evitar<\/p>\n","protected":false},"author":102,"featured_media":152552,"comment_status":"open","ping_status":"","sticky":false,"template":"","format":"standard","meta":{"footnotes":""},"categories":[9612],"tags":[],"class_list":["post-152555","post","type-post","status-publish","format-standard","has-post-thumbnail","category-jardinagem"],"_wp_attached_file":null,"_wp_attachment_metadata":null,"_wp_attachment_context":null,"_wp_attachment_is_custom_header":null,"geo_longitude":null,"geo_public":null,"geo_latitude":null,"_publicize_done_external":null,"_wpas_done_3897181":null,"publicize_twitter_user":null,"_wpas_done_3897175":null,"_wpas_skip_3897181":null,"_wpas_skip_3897175":null,"_wpas_skip_3924723":null,"_wpas_mess":null,"_wpas_done_3924723":null,"wps_subtitle":"","_links":{"self":[{"href":"https:\/\/www.aarquiteta.com.br\/blog\/wp-json\/wp\/v2\/posts\/152555","targetHints":{"allow":["GET"]}}],"collection":[{"href":"https:\/\/www.aarquiteta.com.br\/blog\/wp-json\/wp\/v2\/posts"}],"about":[{"href":"https:\/\/www.aarquiteta.com.br\/blog\/wp-json\/wp\/v2\/types\/post"}],"author":[{"embeddable":true,"href":"https:\/\/www.aarquiteta.com.br\/blog\/wp-json\/wp\/v2\/users\/102"}],"replies":[{"embeddable":true,"href":"https:\/\/www.aarquiteta.com.br\/blog\/wp-json\/wp\/v2\/comments?post=152555"}],"version-history":[{"count":0,"href":"https:\/\/www.aarquiteta.com.br\/blog\/wp-json\/wp\/v2\/posts\/152555\/revisions"}],"wp:featuredmedia":[{"embeddable":true,"href":"https:\/\/www.aarquiteta.com.br\/blog\/wp-json\/wp\/v2\/media\/152552"}],"wp:attachment":[{"href":"https:\/\/www.aarquiteta.com.br\/blog\/wp-json\/wp\/v2\/media?parent=152555"}],"wp:term":[{"taxonomy":"category","embeddable":true,"href":"https:\/\/www.aarquiteta.com.br\/blog\/wp-json\/wp\/v2\/categories?post=152555"},{"taxonomy":"post_tag","embeddable":true,"href":"https:\/\/www.aarquiteta.com.br\/blog\/wp-json\/wp\/v2\/tags?post=152555"}],"curies":[{"name":"wp","href":"https:\/\/api.w.org\/{rel}","templated":true}]}}