{"id":152519,"date":"2025-06-14T17:31:17","date_gmt":"2025-06-14T20:31:17","guid":{"rendered":"https:\/\/www.aarquiteta.com.br\/blog\/tijolo-de-vidro\/"},"modified":"2025-06-14T17:31:17","modified_gmt":"2025-06-14T20:31:17","slug":"tijolo-de-vidro","status":"publish","type":"post","link":"https:\/\/www.aarquiteta.com.br\/blog\/tijolo-de-vidro\/","title":{"rendered":"7 Inova\u00e7\u00f5es Incr\u00edveis com Tijolos de Vidro"},"content":{"rendered":"<p>Voc\u00ea j\u00e1 se deparou com a potencialidade dos <b>tijolos de vidro<\/b> na decora\u00e7\u00e3o? Esses elementos transparentes v\u00e3o muito al\u00e9m da est\u00e9tica; eles s\u00e3o uma verdadeira revolu\u00e7\u00e3o nos ambientes! Neste artigo, vou mostrar <b>7 inova\u00e7\u00f5es incr\u00edveis<\/b> que voc\u00ea pode aplicar na sua decora\u00e7\u00e3o usando tijolos de vidro.<\/p>\n<figure style=\"width: 1024px\" class=\"wp-caption aligncenter\"><img decoding=\"async\" src=\"https:\/\/www.aarquiteta.com.br\/blog\/wp-content\/uploads\/2025\/06\/tijolo-de-vidro01.jpg\" alt=\"https:\/\/www.tuacasa.com.br\/tijolo-de-vidro\/\" width=\"1024\" height=\"1024\" title=\"\"><figcaption class=\"wp-caption-text\">https:\/\/www.tuacasa.com.br\/tijolo-de-vidro\/<\/figcaption><\/figure>\n<h3>1. Divis\u00f3rias Elegantes entre Ambientes<\/h3>\n<p>Uma das aplica\u00e7\u00f5es mais interessantes do tijolo de vidro \u00e9 sua utiliza\u00e7\u00e3o <b>como divis\u00f3rias<\/b>. Com esse material, voc\u00ea pode separa espa\u00e7os sem perder a luminosidade e a sensa\u00e7\u00e3o de amplitude. Perfeito, n\u00e9?<\/p>\n<figure style=\"width: 1024px\" class=\"wp-caption aligncenter\"><img decoding=\"async\" src=\"https:\/\/www.aarquiteta.com.br\/blog\/wp-content\/uploads\/2025\/06\/tijolo-de-vidro02.jpg\" alt=\"https:\/\/www.tuacasa.com.br\/tijolo-de-vidro\/\" width=\"1024\" height=\"1024\" title=\"\"><figcaption class=\"wp-caption-text\">https:\/\/www.tuacasa.com.br\/tijolo-de-vidro\/<\/figcaption><\/figure>\n<h3>2. Fachadas Modernas e Impactantes<\/h3>\n<p>As fachadas de casas ganham um toque todo especial com <b>tijolos de vidro<\/b>. Eles permitem uma ilumina\u00e7\u00e3o natural incr\u00edvel, transformando o visual externo em algo mais contempor\u00e2neo e convidativo. Pense em como isso pode valorizar sua casa!<\/p>\n<figure style=\"width: 1024px\" class=\"wp-caption aligncenter\"><img decoding=\"async\" src=\"https:\/\/www.aarquiteta.com.br\/blog\/wp-content\/uploads\/2025\/06\/tijolo-de-vidro03.jpg\" alt=\"https:\/\/www.tuacasa.com.br\/tijolo-de-vidro\/\" width=\"1024\" height=\"1024\" title=\"\"><figcaption class=\"wp-caption-text\">https:\/\/www.tuacasa.com.br\/tijolo-de-vidro\/<\/figcaption><\/figure>\n<h3>3. Box de Banheiro com Estilo<\/h3>\n<p>Al\u00e9m da prote\u00e7\u00e3o, o uso de tijolos de vidro em <b>boxes de banheiro<\/b> garante um espa\u00e7o mais \u00edntimo e iluminado. Um verdadeiro charme, n\u00e3o acham?<\/p>\n<h3>4. Elementos Decorativos em Jardinagem<\/h3>\n<p>Voc\u00ea j\u00e1 pensou em usar tijolos de vidro para criar um <b>jardim de inverno<\/b>? Eles s\u00e3o \u00f3timos para criar um ambiente que integre o verde com a luz, garantindo um espa\u00e7o bonito e funcional.<\/p>\n<h3>5. Mosaicos de Tijolos de Vidro<\/h3>\n<p>Uma inova\u00e7\u00e3o muito legal \u00e9 a cria\u00e7\u00e3o de <b>mosaicos<\/b> com tijolos de vidro. Voc\u00ea pode usar cores e texturas diferentes, criando uma parede de destaque que vai ser o ponto alto da decora\u00e7\u00e3o.<\/p>\n<h3>6. Balc\u00f5es da Cozinha Estilosos<\/h3>\n<p>Na cozinha, os tijolos de vidro trazem uma <b>sensa\u00e7\u00e3o de amplitude<\/b>. Eles podem ser utilizados na estrutura de balc\u00f5es, causando um efeito moderno e pr\u00e1tico!<\/p>\n<h3>7. Local de Trabalho Inspirador<\/h3>\n<p>Para quem trabalha em casa, os tijolos de vidro podem ser usados como divis\u00f3rias em escrit\u00f3rios. Eles trazem luz natural e um ar criativo e inspirador para o espa\u00e7o. Vamos trabalhar e aproveitar essa beleza?<\/p>\n<p><div class=\"youtube-embed\" data-video_id=\"swSRBazPLB0\"><iframe title=\"Como ter uma CASA mais ILUMINADA com TIJOLOS DE VIDRO\" width=\"696\" height=\"392\" src=\"https:\/\/www.youtube.com\/embed\/swSRBazPLB0?feature=oembed&#038;enablejsapi=1\" frameborder=\"0\" allow=\"accelerometer; autoplay; clipboard-write; encrypted-media; gyroscope; picture-in-picture; web-share\" referrerpolicy=\"strict-origin-when-cross-origin\" allowfullscreen><\/iframe><\/div>\n<\/p>\n<table>\n<tr>\n<th>Inova\u00e7\u00e3o<\/th>\n<th>Benef\u00edcio<\/th>\n<\/tr>\n<tr>\n<td>Divis\u00f3rias Elegantes<\/td>\n<td>Separa\u00e7\u00e3o de ambientes sem perder a luminosidade<\/td>\n<\/tr>\n<tr>\n<td>Fachadas Modernas<\/td>\n<td>Ilumina\u00e7\u00e3o natural e visual contempor\u00e2neo<\/td>\n<\/tr>\n<tr>\n<td>Box de Banheiro<\/td>\n<td>Privacidade e estilo no banheiro<\/td>\n<\/tr>\n<tr>\n<td>Jardins de Inverno<\/td>\n<td>Integra\u00e7\u00e3o com a natureza e ilumina\u00e7\u00e3o<\/td>\n<\/tr>\n<tr>\n<td>Mosaicos de Tijolos<\/td>\n<td>Ponto de destaque na decora\u00e7\u00e3o<\/td>\n<\/tr>\n<tr>\n<td>Balc\u00f5es de Cozinha<\/td>\n<td>Visual moderno e pr\u00e1tico<\/td>\n<\/tr>\n<tr>\n<td>Divis\u00f3rias em Escrit\u00f3rios<\/td>\n<td>Ambiente criativo e iluminado<\/td>\n<\/tr>\n<\/table>\n<p>Voc\u00ea est\u00e1 pronto para explorar essas <b>inova\u00e7\u00f5es incr\u00edveis<\/b> com tijolos de vidro? Espero que essas ideias tenham inspirado sua criatividade! Compartilhe nos coment\u00e1rios como voc\u00ea pretende usar esses elementos na sua decora\u00e7\u00e3o. E n\u00e3o esque\u00e7a de explorar mais dicas em nosso blog!<\/p>\n","protected":false},"excerpt":{"rendered":"<p>7 Inova\u00e7\u00f5es Incr\u00edveis com Tijolos de Vidro<\/p>\n","protected":false},"author":102,"featured_media":152516,"comment_status":"open","ping_status":"","sticky":false,"template":"","format":"standard","meta":{"footnotes":""},"categories":[249,1484],"tags":[],"class_list":["post-152519","post","type-post","status-publish","format-standard","has-post-thumbnail","category-engenharia-e-construcao-civil","category-decoracao"],"_wp_attached_file":null,"_wp_attachment_metadata":null,"_wp_attachment_context":null,"_wp_attachment_is_custom_header":null,"geo_longitude":null,"geo_public":null,"geo_latitude":null,"_publicize_done_external":null,"_wpas_done_3897181":null,"publicize_twitter_user":null,"_wpas_done_3897175":null,"_wpas_skip_3897181":null,"_wpas_skip_3897175":null,"_wpas_skip_3924723":null,"_wpas_mess":null,"_wpas_done_3924723":null,"wps_subtitle":"","_links":{"self":[{"href":"https:\/\/www.aarquiteta.com.br\/blog\/wp-json\/wp\/v2\/posts\/152519","targetHints":{"allow":["GET"]}}],"collection":[{"href":"https:\/\/www.aarquiteta.com.br\/blog\/wp-json\/wp\/v2\/posts"}],"about":[{"href":"https:\/\/www.aarquiteta.com.br\/blog\/wp-json\/wp\/v2\/types\/post"}],"author":[{"embeddable":true,"href":"https:\/\/www.aarquiteta.com.br\/blog\/wp-json\/wp\/v2\/users\/102"}],"replies":[{"embeddable":true,"href":"https:\/\/www.aarquiteta.com.br\/blog\/wp-json\/wp\/v2\/comments?post=152519"}],"version-history":[{"count":0,"href":"https:\/\/www.aarquiteta.com.br\/blog\/wp-json\/wp\/v2\/posts\/152519\/revisions"}],"wp:featuredmedia":[{"embeddable":true,"href":"https:\/\/www.aarquiteta.com.br\/blog\/wp-json\/wp\/v2\/media\/152516"}],"wp:attachment":[{"href":"https:\/\/www.aarquiteta.com.br\/blog\/wp-json\/wp\/v2\/media?parent=152519"}],"wp:term":[{"taxonomy":"category","embeddable":true,"href":"https:\/\/www.aarquiteta.com.br\/blog\/wp-json\/wp\/v2\/categories?post=152519"},{"taxonomy":"post_tag","embeddable":true,"href":"https:\/\/www.aarquiteta.com.br\/blog\/wp-json\/wp\/v2\/tags?post=152519"}],"curies":[{"name":"wp","href":"https:\/\/api.w.org\/{rel}","templated":true}]}}