{"id":152499,"date":"2025-06-13T17:31:33","date_gmt":"2025-06-13T20:31:33","guid":{"rendered":"https:\/\/www.aarquiteta.com.br\/blog\/calculo-de-lampadas\/"},"modified":"2025-06-13T17:31:33","modified_gmt":"2025-06-13T20:31:33","slug":"calculo-de-lampadas","status":"publish","type":"post","link":"https:\/\/www.aarquiteta.com.br\/blog\/calculo-de-lampadas\/","title":{"rendered":"Descubra os 10 Segredos para Calcular a Ilumina\u00e7\u00e3o Ideal da Sua Casa"},"content":{"rendered":"<p>Quer saber como iluminar sua casa de forma perfeita? Ent\u00e3o vem comigo! Vou te mostrar os 10 segredos para calcular a ilumina\u00e7\u00e3o ideal.<\/p>\n<figure style=\"width: 1024px\" class=\"wp-caption aligncenter\"><img decoding=\"async\" src=\"https:\/\/www.aarquiteta.com.br\/blog\/wp-content\/uploads\/2025\/06\/calculo-de-lampadas01.jpg\" alt=\"https:\/\/www.tuacasa.com.br\/calculo-de-lampadas\/\" width=\"1024\" height=\"1024\" title=\"\"><figcaption class=\"wp-caption-text\">https:\/\/www.tuacasa.com.br\/calculo-de-lampadas\/<\/figcaption><\/figure>\n<h3>1. Entenda o que \u00e9 o projeto luminot\u00e9cnico<\/h3>\n<p>Um <b>projeto luminot\u00e9cnico<\/b> \u00e9 a chave para garantir que a ilumina\u00e7\u00e3o do seu ambiente atenda \u00e0s suas necessidades. Esse projeto busca unir a <b>funcionalidade<\/b> da luz com o design do espa\u00e7o. Isso significa que, dependendo da atividade que voc\u00ea realiza em cada ambiente, a quantidade e o tipo de luz a ser utilizada v\u00e3o variar.<\/p>\n<figure style=\"width: 1024px\" class=\"wp-caption aligncenter\"><img decoding=\"async\" src=\"https:\/\/www.aarquiteta.com.br\/blog\/wp-content\/uploads\/2025\/06\/calculo-de-lampadas02.jpg\" alt=\"https:\/\/www.tuacasa.com.br\/calculo-de-lampadas\/\" width=\"1024\" height=\"1024\" title=\"\"><figcaption class=\"wp-caption-text\">https:\/\/www.tuacasa.com.br\/calculo-de-lampadas\/<\/figcaption><\/figure>\n<h3>2. Calcule a ilumin\u00e2ncia necess\u00e1ria<\/h3>\n<p>A <b>ilumin\u00e2ncia<\/b> se mede em lux. Para saber a quantidade de luz necess\u00e1ria, voc\u00ea deve calcular o total de l\u00famens, que \u00e9 a luz que a l\u00e2mpada emite. Uma regra pr\u00e1tica \u00e9: quanto maior a \u00e1rea, maior precisa ser a intensidade da ilumina\u00e7\u00e3o.<\/p>\n<figure style=\"width: 1024px\" class=\"wp-caption aligncenter\"><img decoding=\"async\" src=\"https:\/\/www.aarquiteta.com.br\/blog\/wp-content\/uploads\/2025\/06\/calculo-de-lampadas03.jpg\" alt=\"https:\/\/www.tuacasa.com.br\/calculo-de-lampadas\/\" width=\"1024\" height=\"1024\" title=\"\"><figcaption class=\"wp-caption-text\">https:\/\/www.tuacasa.com.br\/calculo-de-lampadas\/<\/figcaption><\/figure>\n<h3>3. Use a f\u00f3rmula do l\u00famen<\/h3>\n<p>Para calcular quantos l\u00famens s\u00e3o necess\u00e1rios, a f\u00f3rmula \u00e9 simples: <b>l\u00famens \/ m\u00b2<\/b>. Esse c\u00e1lculo garante que voc\u00ea ter\u00e1 luz suficiente em cada c\u00f4modo da sua casa, conforme o uso espec\u00edfico de cada espa\u00e7o.<\/p>\n<h3>4. Conhe\u00e7a os tipos de l\u00e2mpadas<\/h3>\n<ul>\n<li><b>Incandescentes:<\/b> Menos eficientes, mas boas para ambientes aconchegantes.<\/li>\n<li><b>Fluorescentes:<\/b> Economizam energia e s\u00e3o indicadas para ilumina\u00e7\u00e3o geral.<\/li>\n<li><b>Hal\u00f3genas:<\/b> Ideais para destacar detalhes.<\/li>\n<li><b>LED:<\/b> As mais econ\u00f4micas e dur\u00e1veis!<\/li>\n<\/ul>\n<h3>5. Considere a ilumina\u00e7\u00e3o natural<\/h3>\n<p>Aproveitar a <b>luz solar<\/b> \u00e9 essencial. Janelas e claraboias fazem toda a diferen\u00e7a, funcionando como aliadas na cria\u00e7\u00e3o de um ambiente iluminado e econ\u00f4mico. Coloque em pr\u00e1tica essa dica para reduzir o consumo das l\u00e2mpadas \u00e0 noite.<\/p>\n<h3>6. Misture luzes diretas e indiretas<\/h3>\n<p>A <b>ilumina\u00e7\u00e3o direta<\/b> \u00e9 \u00f3tima para tarefas espec\u00edficas, enquanto a indireta traz aconchego. A mistura desses dois tipos \u00e9 um truque que deixa o ambiente mais interessante e acolhedor.<\/p>\n<h3>7. Atente-se \u00e0s cores das paredes<\/h3>\n<p>Paredes <b>clares<\/b> refletem mais luz. Se voc\u00ea tem um espa\u00e7o com tons escuros, considere o uso de l\u00e2mpadas com mais l\u00famens para contornar essa dificuldade.<\/p>\n<h3>8. Fique atento \u00e0 temperatura de cor<\/h3>\n<p>A <b>temperatura de cor<\/b> das l\u00e2mpadas interfere na atmosfera do ambiente. L\u00e2mpadas quentes (2700K a 3000K) trazem conforto, enquanto as frias (4000K a 6000K) s\u00e3o energizantes. Escolha a ideal para cada espa\u00e7o da sua casa!<\/p>\n<p><div class=\"youtube-embed\" data-video_id=\"_OODWyDQtkE\"><iframe title=\"Como Calcular Ilumina\u00e7\u00e3o de Ambiente Por Metro Quadrado | M\u00e9todo Simplificado\" width=\"696\" height=\"392\" src=\"https:\/\/www.youtube.com\/embed\/_OODWyDQtkE?feature=oembed&#038;enablejsapi=1\" frameborder=\"0\" allow=\"accelerometer; autoplay; clipboard-write; encrypted-media; gyroscope; picture-in-picture; web-share\" referrerpolicy=\"strict-origin-when-cross-origin\" allowfullscreen><\/iframe><\/div>\n<\/p>\n<h3>9. Planeje a instala\u00e7\u00e3o das l\u00e2mpadas<\/h3>\n<p>Um bom planejamento da <b>instala\u00e7\u00e3o<\/b> das l\u00e2mpadas \u00e9 fundamental. Pense no rebaixo de teto e na profundidade das l\u00e2mpadas, especialmente se est\u00e1 reformando ou construindo.<\/p>\n<h3>10. Mantenha um estilo pessoal<\/h3>\n<p>Por \u00faltimo, mas n\u00e3o menos importante: a ilumina\u00e7\u00e3o deve refletir seu <b>estilo pessoal<\/b>. Escolha pe\u00e7as que voc\u00ea ama e combine-as com a funcionalidade que voc\u00ea precisa.<\/p>\n<table>\n<tr>\n<th>Aspecto<\/th>\n<th>Detalhes<\/th>\n<\/tr>\n<tr>\n<td>Tipos de L\u00e2mpadas<\/td>\n<td>Incandescentes, Fluorescentes, Hal\u00f3genas, LED<\/td>\n<\/tr>\n<tr>\n<td>Ilumina\u00e7\u00e3o Ideal<\/td>\n<td>Combina\u00e7\u00e3o de luz natural e artificial<\/td>\n<\/tr>\n<tr>\n<td>Temperatura de Cor<\/td>\n<td>L\u00e2mpadas quentes (2700K a 3000K) e frias (4000K a 6000K)<\/td>\n<\/tr>\n<\/table>\n<p>Com essas dicas, est\u00e1 na hora de colocar a m\u00e3o na massa, n\u00e3o \u00e9? N\u00e3o esquece de compartilhar suas experi\u00eancias e as mudan\u00e7as que voc\u00ea fez por aqui! Vamos juntos deixar cada canto da sua casa iluminado e cheio de vida.<\/p>\n","protected":false},"excerpt":{"rendered":"<p>Descubra os 10 Segredos para Calcular a Ilumina\u00e7\u00e3o Ideal da Sua Casa<\/p>\n","protected":false},"author":102,"featured_media":152496,"comment_status":"open","ping_status":"","sticky":false,"template":"","format":"standard","meta":{"footnotes":""},"categories":[249,1484],"tags":[],"class_list":["post-152499","post","type-post","status-publish","format-standard","has-post-thumbnail","category-engenharia-e-construcao-civil","category-decoracao"],"_wp_attached_file":null,"_wp_attachment_metadata":null,"_wp_attachment_context":null,"_wp_attachment_is_custom_header":null,"geo_longitude":null,"geo_public":null,"geo_latitude":null,"_publicize_done_external":null,"_wpas_done_3897181":null,"publicize_twitter_user":null,"_wpas_done_3897175":null,"_wpas_skip_3897181":null,"_wpas_skip_3897175":null,"_wpas_skip_3924723":null,"_wpas_mess":null,"_wpas_done_3924723":null,"wps_subtitle":"","_links":{"self":[{"href":"https:\/\/www.aarquiteta.com.br\/blog\/wp-json\/wp\/v2\/posts\/152499","targetHints":{"allow":["GET"]}}],"collection":[{"href":"https:\/\/www.aarquiteta.com.br\/blog\/wp-json\/wp\/v2\/posts"}],"about":[{"href":"https:\/\/www.aarquiteta.com.br\/blog\/wp-json\/wp\/v2\/types\/post"}],"author":[{"embeddable":true,"href":"https:\/\/www.aarquiteta.com.br\/blog\/wp-json\/wp\/v2\/users\/102"}],"replies":[{"embeddable":true,"href":"https:\/\/www.aarquiteta.com.br\/blog\/wp-json\/wp\/v2\/comments?post=152499"}],"version-history":[{"count":0,"href":"https:\/\/www.aarquiteta.com.br\/blog\/wp-json\/wp\/v2\/posts\/152499\/revisions"}],"wp:featuredmedia":[{"embeddable":true,"href":"https:\/\/www.aarquiteta.com.br\/blog\/wp-json\/wp\/v2\/media\/152496"}],"wp:attachment":[{"href":"https:\/\/www.aarquiteta.com.br\/blog\/wp-json\/wp\/v2\/media?parent=152499"}],"wp:term":[{"taxonomy":"category","embeddable":true,"href":"https:\/\/www.aarquiteta.com.br\/blog\/wp-json\/wp\/v2\/categories?post=152499"},{"taxonomy":"post_tag","embeddable":true,"href":"https:\/\/www.aarquiteta.com.br\/blog\/wp-json\/wp\/v2\/tags?post=152499"}],"curies":[{"name":"wp","href":"https:\/\/api.w.org\/{rel}","templated":true}]}}