{"id":152476,"date":"2025-06-12T07:31:48","date_gmt":"2025-06-12T10:31:48","guid":{"rendered":"https:\/\/www.aarquiteta.com.br\/blog\/cama-flutuante\/"},"modified":"2025-06-12T07:31:48","modified_gmt":"2025-06-12T10:31:48","slug":"cama-flutuante","status":"publish","type":"post","link":"https:\/\/www.aarquiteta.com.br\/blog\/cama-flutuante\/","title":{"rendered":"As 7 Melhores Inspira\u00e7\u00f5es de Cama Flutuante"},"content":{"rendered":"<p>Voc\u00ea j\u00e1 pensou em transformar seu quarto com uma cama flutuante? Esse m\u00f3vel traz modernidade e estilo, al\u00e9m de ser uma \u00f3tima solu\u00e7\u00e3o para otimizar espa\u00e7os!<\/p>\n<figure style=\"width: 1024px\" class=\"wp-caption aligncenter\"><img decoding=\"async\" src=\"https:\/\/www.aarquiteta.com.br\/blog\/wp-content\/uploads\/2025\/06\/cama-flutuante01.jpg\" alt=\"https:\/\/www.tuacasa.com.br\/cama-flutuante\/\" width=\"1024\" height=\"1024\" title=\"\"><figcaption class=\"wp-caption-text\">https:\/\/www.tuacasa.com.br\/cama-flutuante\/<\/figcaption><\/figure>\n<h3>O que \u00e9 cama flutuante?<\/h3>\n<p>A <b>cama flutuante<\/b> \u00e9 um m\u00f3vel que se destaca pela sua estrutura \u00fanica. Ela parece estar suspensa, devido a uma plataforma invis\u00edvel sob o colch\u00e3o. Isso gera um efeito visual incr\u00edvel e moderno. Al\u00e9m disso, pode variar entre os modelos de casal e solteiro.<\/p>\n<figure style=\"width: 1024px\" class=\"wp-caption aligncenter\"><img decoding=\"async\" src=\"https:\/\/www.aarquiteta.com.br\/blog\/wp-content\/uploads\/2025\/06\/cama-flutuante02.jpg\" alt=\"https:\/\/www.tuacasa.com.br\/cama-flutuante\/\" width=\"1024\" height=\"1024\" title=\"\"><figcaption class=\"wp-caption-text\">https:\/\/www.tuacasa.com.br\/cama-flutuante\/<\/figcaption><\/figure>\n<h3>Por que escolher uma cama flutuante?<\/h3>\n<p>Muita gente busca inova\u00e7\u00e3o na decora\u00e7\u00e3o e a cama flutuante \u00e9 perfeita para isso. Ela <b>traz leveza<\/b> ao ambiente e \u00e9 ideal para quem deseja um quarto com um toque contempor\u00e2neo. Al\u00e9m de beleza, ajuda a maximizar pequenos espa\u00e7os.<\/p>\n<figure style=\"width: 1024px\" class=\"wp-caption aligncenter\"><img decoding=\"async\" src=\"https:\/\/www.aarquiteta.com.br\/blog\/wp-content\/uploads\/2025\/06\/cama-flutuante03.jpg\" alt=\"https:\/\/www.tuacasa.com.br\/cama-flutuante\/\" width=\"1024\" height=\"1024\" title=\"\"><figcaption class=\"wp-caption-text\">https:\/\/www.tuacasa.com.br\/cama-flutuante\/<\/figcaption><\/figure>\n<h3>Sete inspira\u00e7\u00f5es de cama flutuante<\/h3>\n<ol>\n<li><b>Cama flutuante minimalista:<\/b> Combina com decora\u00e7\u00f5es clean e proporciona um visual sofisticado.<\/li>\n<li><b>Cama flutuante com ilumina\u00e7\u00e3o:<\/b> Fitas de LED na parte inferior geram um efeito surpreendente \u00e0 noite.<\/li>\n<li><b>Cama flutuante estilo tatame:<\/b> \u00d3tima para uma est\u00e9tica oriental, com bordas de madeira que elevam o design.<\/li>\n<li><b>Cama flutuante com cabeceira criativa:<\/b> Uma cabeceira diferente pode adicionar personalidade ao quarto!<\/li>\n<li><b>Cama flutuante r\u00fastica:<\/b> A madeira aparente traz um charme extra e combina bem com outros elementos naturais.<\/li>\n<li><b>Cama flutuante colorida:<\/b> Escolher uma cor vibrante pode dar vida ao espa\u00e7o e ser um ponto focal!<\/li>\n<li><b>Cama flutuante com rod\u00edzios:<\/b> Para quem preza por praticidade, esse modelo permite mover a cama facilmente.<\/li>\n<\/ol>\n<h3>Tabela Resumo com Inspira\u00e7\u00f5es<\/h3>\n<table>\n<tr>\n<th>Modelo<\/th>\n<th>Caracter\u00edsticas<\/th>\n<\/tr>\n<tr>\n<td>Minimalista<\/td>\n<td>Visual clean e sofisticado.<\/td>\n<\/tr>\n<tr>\n<td>Ilumina\u00e7\u00e3o<\/td>\n<td>Fitas de LED para efeito noturno.<\/td>\n<\/tr>\n<tr>\n<td>Tatame<\/td>\n<td>Bordas de madeira para estilo oriental.<\/td>\n<\/tr>\n<tr>\n<td>Cabeceira Criativa<\/td>\n<td>Personalidade e estilo \u00fanico.<\/td>\n<\/tr>\n<tr>\n<td>R\u00fastica<\/td>\n<td>Charme natural com madeira aparente.<\/td>\n<\/tr>\n<tr>\n<td>Colorida<\/td>\n<td>Vibrante e ponto focal do quarto.<\/td>\n<\/tr>\n<tr>\n<td>Com Rod\u00edzios<\/td>\n<td>Praticidade para mover a cama.<\/td>\n<\/tr>\n<\/table>\n<h3>Como fazer uma cama flutuante?<\/h3>\n<p>Se voc\u00ea \u00e9 do tipo que ama m\u00e3o na massa, pode fazer a sua pr\u00f3pria cama flutuante! Voc\u00ea precisar\u00e1 de materiais como <b>compensado naval<\/b>, cola para madeira e parafusos. Seguindo tutoriais online, como os que explicamos, fica muito mais simples!<\/p>\n<h3>Onde comprar uma cama flutuante?<\/h3>\n<p>Se voc\u00ea preferir, existem lojas de m\u00f3veis que oferecem modelos prontos. Procure por lojas que trabalham com <b>m\u00f3veis planejados<\/b> para encontrar op\u00e7\u00f5es personalizadas, adaptadas ao seu espa\u00e7o e estilo. Paci\u00eancia e pesquisa sempre valem a pena nessa busca!<\/p>\n<p>Agora que voc\u00ea conhece as <b>melhores inspira\u00e7\u00f5es de cama flutuante<\/b>, que tal come\u00e7ar a planejar a sua? Deixe seu coment\u00e1rio e compartilhe suas ideias! Para mais dicas sobre decora\u00e7\u00e3o, fique ligado no blog!<\/p>\n<p><div class=\"youtube-embed\" data-video_id=\"JDPSXRXATDU\"><iframe title=\"A tal CAMA FLUTUANTE \ud83d\ude2f N\u00e3o vai quebrar? \u00c9 segura? \ud83e\udd14   o que voc\u00eas acharam??\" width=\"696\" height=\"392\" src=\"https:\/\/www.youtube.com\/embed\/JDPSXRXATDU?feature=oembed&#038;enablejsapi=1\" frameborder=\"0\" allow=\"accelerometer; autoplay; clipboard-write; encrypted-media; gyroscope; picture-in-picture; web-share\" referrerpolicy=\"strict-origin-when-cross-origin\" allowfullscreen><\/iframe><\/div><\/p>\n","protected":false},"excerpt":{"rendered":"<p>As 7 Melhores Inspira\u00e7\u00f5es de Cama Flutuante<\/p>\n","protected":false},"author":102,"featured_media":152473,"comment_status":"open","ping_status":"","sticky":false,"template":"","format":"standard","meta":{"footnotes":""},"categories":[1484],"tags":[],"class_list":["post-152476","post","type-post","status-publish","format-standard","has-post-thumbnail","category-decoracao"],"_wp_attached_file":null,"_wp_attachment_metadata":null,"_wp_attachment_context":null,"_wp_attachment_is_custom_header":null,"geo_longitude":null,"geo_public":null,"geo_latitude":null,"_publicize_done_external":null,"_wpas_done_3897181":null,"publicize_twitter_user":null,"_wpas_done_3897175":null,"_wpas_skip_3897181":null,"_wpas_skip_3897175":null,"_wpas_skip_3924723":null,"_wpas_mess":null,"_wpas_done_3924723":null,"wps_subtitle":"","_links":{"self":[{"href":"https:\/\/www.aarquiteta.com.br\/blog\/wp-json\/wp\/v2\/posts\/152476","targetHints":{"allow":["GET"]}}],"collection":[{"href":"https:\/\/www.aarquiteta.com.br\/blog\/wp-json\/wp\/v2\/posts"}],"about":[{"href":"https:\/\/www.aarquiteta.com.br\/blog\/wp-json\/wp\/v2\/types\/post"}],"author":[{"embeddable":true,"href":"https:\/\/www.aarquiteta.com.br\/blog\/wp-json\/wp\/v2\/users\/102"}],"replies":[{"embeddable":true,"href":"https:\/\/www.aarquiteta.com.br\/blog\/wp-json\/wp\/v2\/comments?post=152476"}],"version-history":[{"count":0,"href":"https:\/\/www.aarquiteta.com.br\/blog\/wp-json\/wp\/v2\/posts\/152476\/revisions"}],"wp:featuredmedia":[{"embeddable":true,"href":"https:\/\/www.aarquiteta.com.br\/blog\/wp-json\/wp\/v2\/media\/152473"}],"wp:attachment":[{"href":"https:\/\/www.aarquiteta.com.br\/blog\/wp-json\/wp\/v2\/media?parent=152476"}],"wp:term":[{"taxonomy":"category","embeddable":true,"href":"https:\/\/www.aarquiteta.com.br\/blog\/wp-json\/wp\/v2\/categories?post=152476"},{"taxonomy":"post_tag","embeddable":true,"href":"https:\/\/www.aarquiteta.com.br\/blog\/wp-json\/wp\/v2\/tags?post=152476"}],"curies":[{"name":"wp","href":"https:\/\/api.w.org\/{rel}","templated":true}]}}