{"id":152448,"date":"2025-06-10T17:32:06","date_gmt":"2025-06-10T20:32:06","guid":{"rendered":"https:\/\/www.aarquiteta.com.br\/blog\/diarios-de-reforma-instagram\/"},"modified":"2025-06-10T17:32:06","modified_gmt":"2025-06-10T20:32:06","slug":"diarios-de-reforma-instagram","status":"publish","type":"post","link":"https:\/\/www.aarquiteta.com.br\/blog\/diarios-de-reforma-instagram\/","title":{"rendered":"7 Dicas Imperd\u00edveis Para Contar a Sua Reforma no Instagram"},"content":{"rendered":"<p>Quer saber como contar a sua reforma no Instagram de um jeito marcante? Aqui est\u00e3o 7 dicas imperd\u00edveis que podem fazer toda a diferen\u00e7a!<\/p>\n<figure style=\"width: 1024px\" class=\"wp-caption aligncenter\"><img decoding=\"async\" src=\"https:\/\/www.aarquiteta.com.br\/blog\/wp-content\/uploads\/2025\/06\/diarios-de-reforma-instagram01.jpg\" alt=\"https:\/\/www.tuacasa.com.br\/diarios-de-reforma-instagram\/\" width=\"1024\" height=\"1024\" title=\"\"><figcaption class=\"wp-caption-text\">https:\/\/www.tuacasa.com.br\/diarios-de-reforma-instagram\/<\/figcaption><\/figure>\n<h3>1. Use Imagens Atrativas<\/h3>\n<p><b>Imagens de qualidade<\/b> s\u00e3o fundamentais para capturar a aten\u00e7\u00e3o do seu p\u00fablico. Invista em fotos bem iluminadas e com \u00e2ngulos que mostrem sua transforma\u00e7\u00e3o de forma incr\u00edvel.<\/p>\n<figure style=\"width: 1024px\" class=\"wp-caption aligncenter\"><img decoding=\"async\" src=\"https:\/\/www.aarquiteta.com.br\/blog\/wp-content\/uploads\/2025\/06\/diarios-de-reforma-instagram02.jpg\" alt=\"https:\/\/www.tuacasa.com.br\/diarios-de-reforma-instagram\/\" width=\"1024\" height=\"1024\" title=\"\"><figcaption class=\"wp-caption-text\">https:\/\/www.tuacasa.com.br\/diarios-de-reforma-instagram\/<\/figcaption><\/figure>\n<h3>2. Conte uma Hist\u00f3ria<\/h3>\n<p>As pessoas adoram hist\u00f3rias! Compartilhe o <b>processo da reforma<\/b> com pequenos trechos que mostrem seus desafios e conquistas, isso cria conex\u00e3o com seu p\u00fablico.<\/p>\n<figure style=\"width: 1024px\" class=\"wp-caption aligncenter\"><img decoding=\"async\" src=\"https:\/\/www.aarquiteta.com.br\/blog\/wp-content\/uploads\/2025\/06\/diarios-de-reforma-instagram03.jpg\" alt=\"https:\/\/www.tuacasa.com.br\/diarios-de-reforma-instagram\/\" width=\"1024\" height=\"1024\" title=\"\"><figcaption class=\"wp-caption-text\">https:\/\/www.tuacasa.com.br\/diarios-de-reforma-instagram\/<\/figcaption><\/figure>\n<h3>3. Crie um Cronograma<\/h3>\n<p>Uso de um <b>cronograma<\/b> para documentar seu progresso pode ser super interessante. Mostre como cada etapa foi realizada, desde a escolha do material at\u00e9 a finaliza\u00e7\u00e3o da obra.<\/p>\n<h3>4. Utilize Stories<\/h3>\n<p>Os <b>Stories do Instagram<\/b> s\u00e3o uma \u00f3tima maneira de mostrar detalhes do dia a dia da reforma. Dicas e enquetes tamb\u00e9m ajudam a engajar sua audi\u00eancia!<\/p>\n<h3>5. Compartilhe Dicas e Truques<\/h3>\n<p>N\u00e3o guarde suas dicas s\u00f3 para voc\u00ea! Compartilhar <b>truques de reforma<\/b> pode ser muito \u00fatil para seus seguidores e ainda gera engajamento.<\/p>\n<h3>6. Use Hashtags Estrat\u00e9gicas<\/h3>\n<p>Usar <b>hashtags populares<\/b> relacionadas \u00e0 reforma e decora\u00e7\u00e3o pode aumentar sua visibilidade. Pesquise e aplique as que s\u00e3o mais relevantes para o seu conte\u00fado.<\/p>\n<h3>7. Interaja com seu P\u00fablico<\/h3>\n<p><b>Responder coment\u00e1rios<\/b> e perguntas \u00e9 crucial para criar uma comunidade. Isso pode aumentar sua credibilidade e fazer seu p\u00fablico se sentir valorizado.<\/p>\n<p>https:\/\/www.youtube.com\/watch?v=<\/p>\n<table>\n<tr>\n<th>Dicas<\/th>\n<th>Descri\u00e7\u00e3o<\/th>\n<\/tr>\n<tr>\n<td>Imagens Atrativas<\/td>\n<td>Utilize fotos de qualidade com boa ilumina\u00e7\u00e3o e \u00e2ngulos interessantes.<\/td>\n<\/tr>\n<tr>\n<td>Conte uma Hist\u00f3ria<\/td>\n<td>Compartilhe o processo e os desafios da reforma.<\/td>\n<\/tr>\n<tr>\n<td>Cronograma<\/td>\n<td>Documente as etapas da reforma em um cronograma.<\/td>\n<\/tr>\n<tr>\n<td>Stories<\/td>\n<td>Use Stories para mostrar detalhes e dicas do dia a dia.<\/td>\n<\/tr>\n<tr>\n<td>Dicas e Truques<\/td>\n<td>Compartilhe dicas pr\u00e1ticas que ajudem os seguidores.<\/td>\n<\/tr>\n<tr>\n<td>Hashtags Estrat\u00e9gicas<\/td>\n<td>Pesquise e utilize hashtags relevantes para aumentar a visibilidade.<\/td>\n<\/tr>\n<tr>\n<td>Interaja<\/td>\n<td>Responda coment\u00e1rios e perguntas para criar uma comunidade.<\/td>\n<\/tr>\n<\/table>\n<p><b>Com essas dicas, contar a sua reforma no Instagram pode virar um verdadeiro projeto de engajamento!<\/b> Agora, \u00e9 sua vez de brilhar e inspirar outras pessoas com a sua transforma\u00e7\u00e3o. Que tal come\u00e7ar hoje mesmo? Compartilhe suas experi\u00eancias, e n\u00e3o hesite em deixar um coment\u00e1rio aqui. Estou curioso para saber como est\u00e1 sua reforma!<\/p>\n","protected":false},"excerpt":{"rendered":"<p>7 Dicas Imperd\u00edveis Para Contar a Sua Reforma no Instagram<\/p>\n","protected":false},"author":102,"featured_media":152445,"comment_status":"open","ping_status":"","sticky":false,"template":"","format":"standard","meta":{"footnotes":""},"categories":[249,1484],"tags":[],"class_list":["post-152448","post","type-post","status-publish","format-standard","has-post-thumbnail","category-engenharia-e-construcao-civil","category-decoracao"],"_wp_attached_file":null,"_wp_attachment_metadata":null,"_wp_attachment_context":null,"_wp_attachment_is_custom_header":null,"geo_longitude":null,"geo_public":null,"geo_latitude":null,"_publicize_done_external":null,"_wpas_done_3897181":null,"publicize_twitter_user":null,"_wpas_done_3897175":null,"_wpas_skip_3897181":null,"_wpas_skip_3897175":null,"_wpas_skip_3924723":null,"_wpas_mess":null,"_wpas_done_3924723":null,"wps_subtitle":"","_links":{"self":[{"href":"https:\/\/www.aarquiteta.com.br\/blog\/wp-json\/wp\/v2\/posts\/152448","targetHints":{"allow":["GET"]}}],"collection":[{"href":"https:\/\/www.aarquiteta.com.br\/blog\/wp-json\/wp\/v2\/posts"}],"about":[{"href":"https:\/\/www.aarquiteta.com.br\/blog\/wp-json\/wp\/v2\/types\/post"}],"author":[{"embeddable":true,"href":"https:\/\/www.aarquiteta.com.br\/blog\/wp-json\/wp\/v2\/users\/102"}],"replies":[{"embeddable":true,"href":"https:\/\/www.aarquiteta.com.br\/blog\/wp-json\/wp\/v2\/comments?post=152448"}],"version-history":[{"count":0,"href":"https:\/\/www.aarquiteta.com.br\/blog\/wp-json\/wp\/v2\/posts\/152448\/revisions"}],"wp:featuredmedia":[{"embeddable":true,"href":"https:\/\/www.aarquiteta.com.br\/blog\/wp-json\/wp\/v2\/media\/152445"}],"wp:attachment":[{"href":"https:\/\/www.aarquiteta.com.br\/blog\/wp-json\/wp\/v2\/media?parent=152448"}],"wp:term":[{"taxonomy":"category","embeddable":true,"href":"https:\/\/www.aarquiteta.com.br\/blog\/wp-json\/wp\/v2\/categories?post=152448"},{"taxonomy":"post_tag","embeddable":true,"href":"https:\/\/www.aarquiteta.com.br\/blog\/wp-json\/wp\/v2\/tags?post=152448"}],"curies":[{"name":"wp","href":"https:\/\/api.w.org\/{rel}","templated":true}]}}