{"id":152436,"date":"2025-06-10T07:38:08","date_gmt":"2025-06-10T10:38:08","guid":{"rendered":"https:\/\/www.aarquiteta.com.br\/blog\/parede-cimento-queimado\/"},"modified":"2025-06-10T07:38:08","modified_gmt":"2025-06-10T10:38:08","slug":"parede-cimento-queimado","status":"publish","type":"post","link":"https:\/\/www.aarquiteta.com.br\/blog\/parede-cimento-queimado\/","title":{"rendered":"10 Inspira\u00e7\u00f5es para Decorar com Parede de Cimento Queimado"},"content":{"rendered":"<p>Voc\u00ea j\u00e1 pensou como uma simples <b>parede de cimento queimado<\/b> pode transformar um ambiente? Esse estilo r\u00fastico est\u00e1 em alta e traz eleg\u00e2ncia ao seu d\u00e9cor.<\/p>\n<figure style=\"width: 1024px\" class=\"wp-caption aligncenter\"><img decoding=\"async\" src=\"https:\/\/www.aarquiteta.com.br\/blog\/wp-content\/uploads\/2025\/06\/parede-cimento-queimado01.jpg\" alt=\"https:\/\/www.tuacasa.com.br\/parede-cimento-queimado\/\" width=\"1024\" height=\"1024\" title=\"\"><figcaption class=\"wp-caption-text\">https:\/\/www.tuacasa.com.br\/parede-cimento-queimado\/<\/figcaption><\/figure>\n<h2>10 Inspira\u00e7\u00f5es para Decorar com Parede de Cimento Queimado<\/h2>\n<p>Decorar com <b>parede de cimento queimado<\/b> n\u00e3o \u00e9 apenas tend\u00eancia, mas tamb\u00e9m uma forma de dar personalidade ao seu espa\u00e7o. Essa t\u00e9cnica \u00e9 <b>barata<\/b> e <b>f\u00e1cil<\/b> de se realizar, permitindo que voc\u00ea possa fazer em casa!<\/p>\n<figure style=\"width: 1024px\" class=\"wp-caption aligncenter\"><img decoding=\"async\" src=\"https:\/\/www.aarquiteta.com.br\/blog\/wp-content\/uploads\/2025\/06\/parede-cimento-queimado02.jpg\" alt=\"https:\/\/www.tuacasa.com.br\/parede-cimento-queimado\/\" width=\"1024\" height=\"1024\" title=\"\"><figcaption class=\"wp-caption-text\">https:\/\/www.tuacasa.com.br\/parede-cimento-queimado\/<\/figcaption><\/figure>\n<h3>1. Combine com M\u00f3veis de Madeira<\/h3>\n<p>Uma <b>parede de cimento queimado<\/b> se encaixa perfeitamente com m\u00f3veis de madeira. O contraste entre a rusticidade do cimento e a sofistica\u00e7\u00e3o da madeira cria um ambiente aconchegante e moderno.<\/p>\n<figure style=\"width: 1024px\" class=\"wp-caption aligncenter\"><img decoding=\"async\" src=\"https:\/\/www.aarquiteta.com.br\/blog\/wp-content\/uploads\/2025\/06\/parede-cimento-queimado03.jpg\" alt=\"https:\/\/www.tuacasa.com.br\/parede-cimento-queimado\/\" width=\"1024\" height=\"1024\" title=\"\"><figcaption class=\"wp-caption-text\">https:\/\/www.tuacasa.com.br\/parede-cimento-queimado\/<\/figcaption><\/figure>\n<h3>2. Use Ilumina\u00e7\u00e3o Direta<\/h3>\n<p>Aplicar <b>lumin\u00e1rias<\/b> direcionadas para a parede pode real\u00e7ar sua textura e cor. A ilumina\u00e7\u00e3o adequada transforma o cimento queimado em uma <b>obra de arte<\/b>.<\/p>\n<h3>3. Stones e Plantas em Vaso<\/h3>\n<p>Para equilibrar a frieza do cimento, incorpore <b>plantas verdes<\/b>. Elas trazem vida e cor ao ambiente, criando um perfeito equil\u00edbrio.<\/p>\n<h3>4. Quadros e Arte na Parede<\/h3>\n<p>Outra maneira de decorar \u00e9 pendurar um <b>grande quadro colorido<\/b>. Isso traz vitalidade ao espa\u00e7o, contrastando com a neutra parede de cimento.<\/p>\n<h3>5. Texturas Variadas<\/h3>\n<p>Jogar com diferentes <b>texturas<\/b> pode deixar sua parede ainda mais interessante. Utilize quadros de diferentes materiais, como madeira e metal, para um visual din\u00e2mico.<\/p>\n<h3>6. Tons Neutros na Decora\u00e7\u00e3o<\/h3>\n<p>Utilizar <b>cores neutras<\/b> em outros elementos, como sof\u00e1s e cortinas, ajuda a manter a parede como o destaque da decora\u00e7\u00e3o. Um \u00f3timo equil\u00edbrio visual!<\/p>\n<p><div class=\"youtube-embed\" data-video_id=\"7NGruiic3E0\"><iframe title=\"Cimento Queimado Suvinil #cimentoqueimado #decor #decora\u00e7\u00e3o\" width=\"696\" height=\"392\" src=\"https:\/\/www.youtube.com\/embed\/7NGruiic3E0?feature=oembed&#038;enablejsapi=1\" frameborder=\"0\" allow=\"accelerometer; autoplay; clipboard-write; encrypted-media; gyroscope; picture-in-picture; web-share\" referrerpolicy=\"strict-origin-when-cross-origin\" allowfullscreen><\/iframe><\/div>\n<\/p>\n<h3>7. Piso de Cimento Queimado<\/h3>\n<p>Pense em um <b>piso de cimento queimado<\/b> para complementar a parede. Essa uniformidade \u00e9 moderna e muito apreciada em ambientes minimalistas.<\/p>\n<h3>8. Estilo Industrial<\/h3>\n<p>Se voc\u00ea busca um toque <b>industrial<\/b>, misturar o cimento com elementos de metal ou tijolos \u00e0 vista \u00e9 uma \u00f3tima pedida. Cria uma atmosfera urbana e sofisticada.<\/p>\n<h3>9. Contraste com Cores Vivas<\/h3>\n<p>Adicionar toques de <b>cores vivas<\/b> como azul, amarelo ou rosa pode deixar o ambiente mais alegre e vibrante, sem perder a eleg\u00e2ncia.<\/p>\n<h3>10. Personalidade com Letreiros<\/h3>\n<p>Letreiros decorativos podem trazer um ar de <b>personalidade<\/b> e divers\u00e3o, tornando o espa\u00e7o \u00fanico e cheio de estilo.<\/p>\n<table>\n<tr>\n<th>Elementos<\/th>\n<th>Descritivo<\/th>\n<\/tr>\n<tr>\n<td>M\u00f3veis de Madeira<\/td>\n<td>Contraste r\u00fastico com o cimento<\/td>\n<\/tr>\n<tr>\n<td>Ilumina\u00e7\u00e3o Direta<\/td>\n<td>Real\u00e7a textura e cor<\/td>\n<\/tr>\n<tr>\n<td>Planta\u00e7\u00e3o Verde<\/td>\n<td>Vida e cor ao ambiente<\/td>\n<\/tr>\n<tr>\n<td>Quadros Coloridos<\/td>\n<td>Adiciona vitalidade<\/td>\n<\/tr>\n<tr>\n<td>Texturas Variadas<\/td>\n<td>Visual din\u00e2mico com diferentes materiais<\/td>\n<\/tr>\n<tr>\n<td>Piso de Cimento Queimado<\/td>\n<td>Uniformidade e modernidade<\/td>\n<\/tr>\n<\/table>\n<p>Com essas <b>inspira\u00e7\u00f5es<\/b>, \u00e9 f\u00e1cil ver como a parede de cimento queimado pode trazer uma nova vida ao seu espa\u00e7o. N\u00e3o tenha medo de explorar e personalizar a sua decora\u00e7\u00e3o!<\/p>\n<p>Gostou das dicas? Que tal comentar sobre qual inspira\u00e7\u00e3o mais te encantou? N\u00e3o esque\u00e7a de conferir outras ideias em nosso blog!<\/p>\n","protected":false},"excerpt":{"rendered":"<p>10 Inspira\u00e7\u00f5es para Decorar com Parede de Cimento Queimado<\/p>\n","protected":false},"author":102,"featured_media":152432,"comment_status":"open","ping_status":"","sticky":false,"template":"","format":"standard","meta":{"footnotes":""},"categories":[1484],"tags":[],"class_list":["post-152436","post","type-post","status-publish","format-standard","has-post-thumbnail","category-decoracao"],"_wp_attached_file":null,"_wp_attachment_metadata":null,"_wp_attachment_context":null,"_wp_attachment_is_custom_header":null,"geo_longitude":null,"geo_public":null,"geo_latitude":null,"_publicize_done_external":null,"_wpas_done_3897181":null,"publicize_twitter_user":null,"_wpas_done_3897175":null,"_wpas_skip_3897181":null,"_wpas_skip_3897175":null,"_wpas_skip_3924723":null,"_wpas_mess":null,"_wpas_done_3924723":null,"wps_subtitle":"","_links":{"self":[{"href":"https:\/\/www.aarquiteta.com.br\/blog\/wp-json\/wp\/v2\/posts\/152436","targetHints":{"allow":["GET"]}}],"collection":[{"href":"https:\/\/www.aarquiteta.com.br\/blog\/wp-json\/wp\/v2\/posts"}],"about":[{"href":"https:\/\/www.aarquiteta.com.br\/blog\/wp-json\/wp\/v2\/types\/post"}],"author":[{"embeddable":true,"href":"https:\/\/www.aarquiteta.com.br\/blog\/wp-json\/wp\/v2\/users\/102"}],"replies":[{"embeddable":true,"href":"https:\/\/www.aarquiteta.com.br\/blog\/wp-json\/wp\/v2\/comments?post=152436"}],"version-history":[{"count":0,"href":"https:\/\/www.aarquiteta.com.br\/blog\/wp-json\/wp\/v2\/posts\/152436\/revisions"}],"wp:featuredmedia":[{"embeddable":true,"href":"https:\/\/www.aarquiteta.com.br\/blog\/wp-json\/wp\/v2\/media\/152432"}],"wp:attachment":[{"href":"https:\/\/www.aarquiteta.com.br\/blog\/wp-json\/wp\/v2\/media?parent=152436"}],"wp:term":[{"taxonomy":"category","embeddable":true,"href":"https:\/\/www.aarquiteta.com.br\/blog\/wp-json\/wp\/v2\/categories?post=152436"},{"taxonomy":"post_tag","embeddable":true,"href":"https:\/\/www.aarquiteta.com.br\/blog\/wp-json\/wp\/v2\/tags?post=152436"}],"curies":[{"name":"wp","href":"https:\/\/api.w.org\/{rel}","templated":true}]}}