{"id":152395,"date":"2025-06-08T07:31:24","date_gmt":"2025-06-08T10:31:24","guid":{"rendered":"https:\/\/www.aarquiteta.com.br\/blog\/combinacao-de-cores\/"},"modified":"2025-06-08T07:31:24","modified_gmt":"2025-06-08T10:31:24","slug":"combinacao-de-cores","status":"publish","type":"post","link":"https:\/\/www.aarquiteta.com.br\/blog\/combinacao-de-cores\/","title":{"rendered":"7 Combina\u00e7\u00f5es de Cores Incr\u00edveis que Transformam Seu Ambiente"},"content":{"rendered":"<p>Voc\u00ea sabe como <b>combin\u00e1-las<\/b> para dar aquele charme na sua casa? Neste artigo, vou te mostrar 7 combina\u00e7\u00f5es de cores incr\u00edveis que v\u00e3o transformar seu ambiente e deix\u00e1-lo com a sua cara!<\/p>\n<figure style=\"width: 1024px\" class=\"wp-caption aligncenter\"><img decoding=\"async\" src=\"https:\/\/www.aarquiteta.com.br\/blog\/wp-content\/uploads\/2025\/06\/combinacao-de-cores01.jpg\" alt=\"https:\/\/www.tuacasa.com.br\/combinacao-de-cores\/\" width=\"1024\" height=\"1024\" title=\"\"><figcaption class=\"wp-caption-text\">https:\/\/www.tuacasa.com.br\/combinacao-de-cores\/<\/figcaption><\/figure>\n<h3>Por que a combina\u00e7\u00e3o de cores \u00e9 importante?<\/h3>\n<p>A <b>escolha das cores<\/b> na decora\u00e7\u00e3o interfere diretamente na atmosfera do ambiente. Elas podem transmitir sentimentos e energias diferentes.<\/p>\n<figure style=\"width: 1024px\" class=\"wp-caption aligncenter\"><img decoding=\"async\" src=\"https:\/\/www.aarquiteta.com.br\/blog\/wp-content\/uploads\/2025\/06\/combinacao-de-cores02.jpg\" alt=\"https:\/\/www.tuacasa.com.br\/combinacao-de-cores\/\" width=\"1024\" height=\"1024\" title=\"\"><figcaption class=\"wp-caption-text\">https:\/\/www.tuacasa.com.br\/combinacao-de-cores\/<\/figcaption><\/figure>\n<p>J\u00e1 pensou em como uma parede amarela pode deixar sua sala <b>mais alegre<\/b>? Ou como um quarto em tons de azul pode trazer uma sensa\u00e7\u00e3o de <b>tranquilidade<\/b>? \u00c9 isso que as combina\u00e7\u00f5es fazem!<\/p>\n<figure style=\"width: 1024px\" class=\"wp-caption aligncenter\"><img decoding=\"async\" src=\"https:\/\/www.aarquiteta.com.br\/blog\/wp-content\/uploads\/2025\/06\/combinacao-de-cores03.jpg\" alt=\"https:\/\/www.tuacasa.com.br\/combinacao-de-cores\/\" width=\"1024\" height=\"1024\" title=\"\"><figcaption class=\"wp-caption-text\">https:\/\/www.tuacasa.com.br\/combinacao-de-cores\/<\/figcaption><\/figure>\n<h3>7 combina\u00e7\u00f5es de cores incr\u00edveis<\/h3>\n<p>Vamos direto ao ponto e explorar essas combina\u00e7\u00f5es que v\u00e3o fazer voc\u00ea querer reformar a casa hoje mesmo:<\/p>\n<ol>\n<li><b>Azul e Amarelo:<\/b> Essa dupla traz um ar de frescor e energia. Perfeita para ambientes que precisam de vitalidade.<\/li>\n<li><b>Verde e Cinza:<\/b> Um mix que remete \u00e0 natureza e traz uma <b>eleg\u00e2ncia contempor\u00e2nea<\/b>.<\/li>\n<li><b>Rosa e Bege:<\/b> Essa combina\u00e7\u00e3o \u00e9 ideal para quartos, proporcionando uma atmosfera suave e <b>rom\u00e2ntica<\/b>.<\/li>\n<li><b>Vermelho e Branco:<\/b> Uma combina\u00e7\u00e3o vibrante que d\u00e1 um ar <b>din\u00e2mico<\/b> aos espa\u00e7os.<\/li>\n<li><b>Preto e Dourado:<\/b> Para quem busca sofistica\u00e7\u00e3o, esses tons transmitem <b>luxo<\/b> e estilo.<\/li>\n<li><b>Personalidade com Cores Prim\u00e1rias:<\/b> Usar azul, amarelo e vermelho pode trazer um toque l\u00fadico, ideal para ambientes infantis.<\/li>\n<li><b>Marrom e Terracota:<\/b> Essas cores quentes criam uma sensa\u00e7\u00e3o de <b>acolhimento<\/b>, perfeita para a sala e a cozinha.<\/li>\n<\/ol>\n<h3>Resumo das combina\u00e7\u00f5es<\/h3>\n<table>\n<tr>\n<th>Combina\u00e7\u00e3o<\/th>\n<th>Ambiente Ideal<\/th>\n<th>Sentimento Transmitido<\/th>\n<\/tr>\n<tr>\n<td>Azul e Amarelo<\/td>\n<td>Sala de Estar<\/td>\n<td>Vitalidade<\/td>\n<\/tr>\n<tr>\n<td>Verde e Cinza<\/td>\n<td>Home Office<\/td>\n<td>Eleg\u00e2ncia<\/td>\n<\/tr>\n<tr>\n<td>Rosa e Bege<\/td>\n<td>Quarto<\/td>\n<td>Romanticismo<\/td>\n<\/tr>\n<tr>\n<td>Vermelho e Branco<\/td>\n<td>Cozinha<\/td>\n<td>Dinamismo<\/td>\n<\/tr>\n<tr>\n<td>Preto e Dourado<\/td>\n<td>Sala de Jantar<\/td>\n<td>Luxo<\/td>\n<\/tr>\n<tr>\n<td>Cores Prim\u00e1rias<\/td>\n<td>Quarto Infantil<\/td>\n<td>L\u00fadico<\/td>\n<\/tr>\n<tr>\n<td>Marrom e Terracota<\/td>\n<td>Sala de Estar<\/td>\n<td>Aconchego<\/td>\n<\/tr>\n<\/table>\n<h3>Experimente e transforme!<\/h3>\n<p>Pode apostar que a escolha das cores \u00e9 a chave para <b>transformar qualquer ambiente<\/b>. Sinta-se \u00e0 vontade para misturar e experimentar! Deixe sua marca na decora\u00e7\u00e3o da sua casa!<\/p>\n<p>Quero saber: qual combina\u00e7\u00e3o voc\u00ea mais gostou? Compartilhe nos coment\u00e1rios e me diga se tem alguma d\u00favida sobre cores!<\/p>\n<p>Al\u00e9m disso, n\u00e3o perca as nossas dicas sobre como <b>iluminar seu espa\u00e7o<\/b> e criar um ambiente ainda mais acolhedor com a combina\u00e7\u00e3o certa de cores!<\/p>\n<p><div class=\"youtube-embed\" data-video_id=\"f0OjyQhITv0\"><iframe title=\"R\u00c1PIDO e F\u00c1CIL | AN\u00c1LISE COMBINAT\u00d3RIA | ARRANJO I PERMUTA\u00c7\u00c3O | COMBINA\u00c7\u00c3O\" width=\"696\" height=\"392\" src=\"https:\/\/www.youtube.com\/embed\/f0OjyQhITv0?feature=oembed&#038;enablejsapi=1\" frameborder=\"0\" allow=\"accelerometer; autoplay; clipboard-write; encrypted-media; gyroscope; picture-in-picture; web-share\" referrerpolicy=\"strict-origin-when-cross-origin\" allowfullscreen><\/iframe><\/div><\/p>\n","protected":false},"excerpt":{"rendered":"<p>7 Combina\u00e7\u00f5es de Cores Incr\u00edveis que Transformam Seu Ambiente<\/p>\n","protected":false},"author":102,"featured_media":152392,"comment_status":"open","ping_status":"","sticky":false,"template":"","format":"standard","meta":{"footnotes":""},"categories":[1484],"tags":[],"class_list":["post-152395","post","type-post","status-publish","format-standard","has-post-thumbnail","category-decoracao"],"_wp_attached_file":null,"_wp_attachment_metadata":null,"_wp_attachment_context":null,"_wp_attachment_is_custom_header":null,"geo_longitude":null,"geo_public":null,"geo_latitude":null,"_publicize_done_external":null,"_wpas_done_3897181":null,"publicize_twitter_user":null,"_wpas_done_3897175":null,"_wpas_skip_3897181":null,"_wpas_skip_3897175":null,"_wpas_skip_3924723":null,"_wpas_mess":null,"_wpas_done_3924723":null,"wps_subtitle":"","_links":{"self":[{"href":"https:\/\/www.aarquiteta.com.br\/blog\/wp-json\/wp\/v2\/posts\/152395","targetHints":{"allow":["GET"]}}],"collection":[{"href":"https:\/\/www.aarquiteta.com.br\/blog\/wp-json\/wp\/v2\/posts"}],"about":[{"href":"https:\/\/www.aarquiteta.com.br\/blog\/wp-json\/wp\/v2\/types\/post"}],"author":[{"embeddable":true,"href":"https:\/\/www.aarquiteta.com.br\/blog\/wp-json\/wp\/v2\/users\/102"}],"replies":[{"embeddable":true,"href":"https:\/\/www.aarquiteta.com.br\/blog\/wp-json\/wp\/v2\/comments?post=152395"}],"version-history":[{"count":0,"href":"https:\/\/www.aarquiteta.com.br\/blog\/wp-json\/wp\/v2\/posts\/152395\/revisions"}],"wp:featuredmedia":[{"embeddable":true,"href":"https:\/\/www.aarquiteta.com.br\/blog\/wp-json\/wp\/v2\/media\/152392"}],"wp:attachment":[{"href":"https:\/\/www.aarquiteta.com.br\/blog\/wp-json\/wp\/v2\/media?parent=152395"}],"wp:term":[{"taxonomy":"category","embeddable":true,"href":"https:\/\/www.aarquiteta.com.br\/blog\/wp-json\/wp\/v2\/categories?post=152395"},{"taxonomy":"post_tag","embeddable":true,"href":"https:\/\/www.aarquiteta.com.br\/blog\/wp-json\/wp\/v2\/tags?post=152395"}],"curies":[{"name":"wp","href":"https:\/\/api.w.org\/{rel}","templated":true}]}}