{"id":152366,"date":"2025-06-06T17:31:31","date_gmt":"2025-06-06T20:31:31","guid":{"rendered":"https:\/\/www.aarquiteta.com.br\/blog\/modelos-de-portas\/"},"modified":"2025-06-06T17:31:31","modified_gmt":"2025-06-06T20:31:31","slug":"modelos-de-portas","status":"publish","type":"post","link":"https:\/\/www.aarquiteta.com.br\/blog\/modelos-de-portas\/","title":{"rendered":"As 10 Melhores Inspira\u00e7\u00f5es em Modelos de Portas"},"content":{"rendered":"<p>Se voc\u00ea est\u00e1 buscando inspira\u00e7\u00f5es para modelar as portas da sua casa, veio ao lugar certo! <b>Selecionamos as 10 melhores ideias<\/b> para deixar seus ambientes mais bonitos e funcionais.<\/p>\n<figure style=\"width: 1024px\" class=\"wp-caption aligncenter\"><img decoding=\"async\" src=\"https:\/\/www.aarquiteta.com.br\/blog\/wp-content\/uploads\/2025\/06\/modelos-de-portas01.jpg\" alt=\"https:\/\/www.tuacasa.com.br\/modelos-de-portas\/\" width=\"1024\" height=\"1024\" title=\"\"><figcaption class=\"wp-caption-text\">https:\/\/www.tuacasa.com.br\/modelos-de-portas\/<\/figcaption><\/figure>\n<h3>1. Porta Pivotante<\/h3>\n<p>A <b>porta pivotante<\/b> \u00e9 perfeita para quem busca um visual moderno e sofisticado. Ela \u00e9 imponente e oferece um grande espa\u00e7o de abertura, facilitando a passagem e trazendo eleg\u00e2ncia para a entrada.<\/p>\n<figure style=\"width: 1024px\" class=\"wp-caption aligncenter\"><img decoding=\"async\" src=\"https:\/\/www.aarquiteta.com.br\/blog\/wp-content\/uploads\/2025\/06\/modelos-de-portas02.jpg\" alt=\"https:\/\/www.tuacasa.com.br\/modelos-de-portas\/\" width=\"1024\" height=\"1024\" title=\"\"><figcaption class=\"wp-caption-text\">https:\/\/www.tuacasa.com.br\/modelos-de-portas\/<\/figcaption><\/figure>\n<h3>2. Porta de Uma Folha Tradicional<\/h3>\n<p>Cl\u00e1ssica e simples, <b>porta de uma folha<\/b> \u00e9 a escolha ideal para quem procura economia e praticidade. Seu design permite combina\u00e7\u00f5es com diversos acabamentos, deixando o ambiente incr\u00edvel!<\/p>\n<figure style=\"width: 1024px\" class=\"wp-caption aligncenter\"><img decoding=\"async\" src=\"https:\/\/www.aarquiteta.com.br\/blog\/wp-content\/uploads\/2025\/06\/modelos-de-portas03.jpg\" alt=\"https:\/\/www.tuacasa.com.br\/modelos-de-portas\/\" width=\"1024\" height=\"1024\" title=\"\"><figcaption class=\"wp-caption-text\">https:\/\/www.tuacasa.com.br\/modelos-de-portas\/<\/figcaption><\/figure>\n<h3>3. Porta de Duas Folhas<\/h3>\n<p>Ideal para passagens largas, a <b>porta de duas folhas<\/b> combina estilo e funcionalidade. Al\u00e9m disso, \u00e9 uma \u00f3tima solu\u00e7\u00e3o para ambientes amplos, proporcionando charme na entrada da casa.<\/p>\n<h3>4. Porta de Correr<\/h3>\n<p>Para quem precisa de otimiza\u00e7\u00e3o de espa\u00e7o, a <b>porta de correr<\/b> \u00e9 uma excelente escolha. Com op\u00e7\u00f5es em vidro ou madeira, ela se adapta facilmente ao estilo de cada ambiente.<\/p>\n<h3>5. Porta Camar\u00e3o<\/h3>\n<p>Perfeita para \u00e1reas pequenas, a <b>porta camar\u00e3o<\/b> se abre como um leque, permitindo que voc\u00ea economize espa\u00e7o sem abrir m\u00e3o da eleg\u00e2ncia.<\/p>\n<h3>6. Porta Sanfonada<\/h3>\n<p>A <b>porta sanfonada<\/b> \u00e9 pr\u00e1tica e funcional, ideal para ambientes que precisam de divis\u00e3o tempor\u00e1ria, como closets ou \u00e1reas de servi\u00e7o. Seu design leve facilita a movimenta\u00e7\u00e3o.<\/p>\n<h3>7. Porta Veneziana<\/h3>\n<p>Al\u00e9m de linda, a <b>porta veneziana<\/b> \u00e9 \u00f3tima para ambientes que precisam de ventila\u00e7\u00e3o, como banheiros e cozinhas. Com seu estilo, ela traz leveza e frescor ao espa\u00e7o.<\/p>\n<p><div class=\"youtube-embed\" data-video_id=\"32blsuGTNTY\"><iframe title=\"As melhores portas est\u00e3o aqui! #porta #portas #portademadeira #casa #sala #decoracao #diy #tendencia\" width=\"696\" height=\"392\" src=\"https:\/\/www.youtube.com\/embed\/32blsuGTNTY?feature=oembed&#038;enablejsapi=1\" frameborder=\"0\" allow=\"accelerometer; autoplay; clipboard-write; encrypted-media; gyroscope; picture-in-picture; web-share\" referrerpolicy=\"strict-origin-when-cross-origin\" allowfullscreen><\/iframe><\/div>\n<\/p>\n<h3>8. Porta com Desenhos<\/h3>\n<p>Para quem quer um toque de originalidade, a <b>porta com desenhos<\/b> pode ser uma arte dentro de casa! Aposte em op\u00e7\u00f5es sutis para n\u00e3o sobrecarregar o ambiente.<\/p>\n<h3>9. Porta de Vidro<\/h3>\n<p><b>Portas de vidro<\/b> oferecem uma conex\u00e3o visual com os ambientes externos e trazem luz para dentro da casa. S\u00e3o ideais para varandas e \u00e1reas sociais!<\/p>\n<h3>10. Porta Colorida<\/h3>\n<p>Por \u00faltimo, uma <b>porta colorida<\/b> pode se tornar um verdadeiro destaque na decora\u00e7\u00e3o. Uma porta vermelha ou amarela, por exemplo, traz personalidade e um charme \u00fanico ao espa\u00e7o.<\/p>\n<table>\n<tr>\n<th>Modelo de Porta<\/th>\n<th>Caracter\u00edsticas<\/th>\n<th>Ambientes Ideais<\/th>\n<\/tr>\n<tr>\n<td>Pivotante<\/td>\n<td>Imponente, grande abertura<\/td>\n<td>Entrada principal<\/td>\n<\/tr>\n<tr>\n<td>Uma Folha<\/td>\n<td>Simples, funcional<\/td>\n<td>Qualquer ambiente<\/td>\n<\/tr>\n<tr>\n<td>Duas Folhas<\/td>\n<td>Espa\u00e7osa, elegante<\/td>\n<td>Salas amplas<\/td>\n<\/tr>\n<tr>\n<td>Correr<\/td>\n<td>Otimiza espa\u00e7o<\/td>\n<td>Apartamentos<\/td>\n<\/tr>\n<tr>\n<td>Camar\u00e3o<\/td>\n<td>Leve, pr\u00e1tica<\/td>\n<td>Closets, escrit\u00f3rios<\/td>\n<\/tr>\n<tr>\n<td>Sanfonada<\/td>\n<td>Divis\u00f3ria eficiente<\/td>\n<td>Pequenos espa\u00e7os<\/td>\n<\/tr>\n<tr>\n<td>Veneziana<\/td>\n<td>Boa ventila\u00e7\u00e3o<\/td>\n<td>Banheiros, cozinhas<\/td>\n<\/tr>\n<tr>\n<td>Com Desenhos<\/td>\n<td>Original, art\u00edstica<\/td>\n<td>Ambientes decorativos<\/td>\n<\/tr>\n<tr>\n<td>De Vidro<\/td>\n<td>Luminosidade, conex\u00e3o externa<\/td>\n<td>Varandas, salas<\/td>\n<\/tr>\n<tr>\n<td>Colorida<\/td>\n<td>Estilosa<\/td>\n<td>Entrada, ambientes fashion<\/td>\n<\/tr>\n<\/table>\n<p>Agora que voc\u00ea conheceu as <b>10 melhores inspira\u00e7\u00f5es<\/b> em modelos de portas, que tal compartilhar sua favorita nos coment\u00e1rios? Aproveite e explore mais sobre como as portas podem transformar seu lar!<\/p>\n","protected":false},"excerpt":{"rendered":"<p>As 10 Melhores Inspira\u00e7\u00f5es em Modelos de Portas<\/p>\n","protected":false},"author":102,"featured_media":152363,"comment_status":"open","ping_status":"","sticky":false,"template":"","format":"standard","meta":{"footnotes":""},"categories":[249,1484],"tags":[],"class_list":["post-152366","post","type-post","status-publish","format-standard","has-post-thumbnail","category-engenharia-e-construcao-civil","category-decoracao"],"_wp_attached_file":null,"_wp_attachment_metadata":null,"_wp_attachment_context":null,"_wp_attachment_is_custom_header":null,"geo_longitude":null,"geo_public":null,"geo_latitude":null,"_publicize_done_external":null,"_wpas_done_3897181":null,"publicize_twitter_user":null,"_wpas_done_3897175":null,"_wpas_skip_3897181":null,"_wpas_skip_3897175":null,"_wpas_skip_3924723":null,"_wpas_mess":null,"_wpas_done_3924723":null,"wps_subtitle":"","_links":{"self":[{"href":"https:\/\/www.aarquiteta.com.br\/blog\/wp-json\/wp\/v2\/posts\/152366","targetHints":{"allow":["GET"]}}],"collection":[{"href":"https:\/\/www.aarquiteta.com.br\/blog\/wp-json\/wp\/v2\/posts"}],"about":[{"href":"https:\/\/www.aarquiteta.com.br\/blog\/wp-json\/wp\/v2\/types\/post"}],"author":[{"embeddable":true,"href":"https:\/\/www.aarquiteta.com.br\/blog\/wp-json\/wp\/v2\/users\/102"}],"replies":[{"embeddable":true,"href":"https:\/\/www.aarquiteta.com.br\/blog\/wp-json\/wp\/v2\/comments?post=152366"}],"version-history":[{"count":0,"href":"https:\/\/www.aarquiteta.com.br\/blog\/wp-json\/wp\/v2\/posts\/152366\/revisions"}],"wp:featuredmedia":[{"embeddable":true,"href":"https:\/\/www.aarquiteta.com.br\/blog\/wp-json\/wp\/v2\/media\/152363"}],"wp:attachment":[{"href":"https:\/\/www.aarquiteta.com.br\/blog\/wp-json\/wp\/v2\/media?parent=152366"}],"wp:term":[{"taxonomy":"category","embeddable":true,"href":"https:\/\/www.aarquiteta.com.br\/blog\/wp-json\/wp\/v2\/categories?post=152366"},{"taxonomy":"post_tag","embeddable":true,"href":"https:\/\/www.aarquiteta.com.br\/blog\/wp-json\/wp\/v2\/tags?post=152366"}],"curies":[{"name":"wp","href":"https:\/\/api.w.org\/{rel}","templated":true}]}}