{"id":152356,"date":"2025-06-06T07:31:23","date_gmt":"2025-06-06T10:31:23","guid":{"rendered":"https:\/\/www.aarquiteta.com.br\/blog\/bancada-para-cozinha-pequena-2\/"},"modified":"2025-06-06T07:31:23","modified_gmt":"2025-06-06T10:31:23","slug":"bancada-para-cozinha-pequena-2","status":"publish","type":"post","link":"https:\/\/www.aarquiteta.com.br\/blog\/bancada-para-cozinha-pequena-2\/","title":{"rendered":"7 Inova\u00e7\u00f5es para Bancadas de Cozinha Pequena que V\u00e3o Transformar seu Espa\u00e7o"},"content":{"rendered":"<p>Voc\u00ea sonha com uma cozinha estilosa mesmo em um espa\u00e7o pequeno? Confira 7 inova\u00e7\u00f5es para bancadas que v\u00e3o transformar seu ambiente!<\/p>\n<figure style=\"width: 1024px\" class=\"wp-caption aligncenter\"><img decoding=\"async\" src=\"https:\/\/www.aarquiteta.com.br\/blog\/wp-content\/uploads\/2025\/06\/bancada-para-cozinha-pequena01.jpg\" alt=\"https:\/\/www.tuacasa.com.br\/bancada-para-cozinha-pequena\/\" width=\"1024\" height=\"1024\" title=\"\"><figcaption class=\"wp-caption-text\">https:\/\/www.tuacasa.com.br\/bancada-para-cozinha-pequena\/<\/figcaption><\/figure>\n<h3>1. Bancadas em L para mais funcionalidade<\/h3>\n<p>As <b>bancadas em L<\/b> maximizam o uso do espa\u00e7o. Elas permitem que voc\u00ea aproveite cantos, criando \u00e1reas de trabalho e de refei\u00e7\u00e3o pr\u00e1ticas. Al\u00e9m disso, tornam a \u00e1rea visualmente atrativa.<\/p>\n<figure style=\"width: 1024px\" class=\"wp-caption aligncenter\"><img decoding=\"async\" src=\"https:\/\/www.aarquiteta.com.br\/blog\/wp-content\/uploads\/2025\/06\/bancada-para-cozinha-pequena02.jpg\" alt=\"https:\/\/www.tuacasa.com.br\/bancada-para-cozinha-pequena\/\" width=\"1024\" height=\"1024\" title=\"\"><figcaption class=\"wp-caption-text\">https:\/\/www.tuacasa.com.br\/bancada-para-cozinha-pequena\/<\/figcaption><\/figure>\n<h3>2. Bancadas retr\u00e1teis<\/h3>\n<p>As <b>bancadas retr\u00e1teis<\/b> s\u00e3o perfeitas para quem tem pouco espa\u00e7o. Podem ser guardadas quando n\u00e3o est\u00e3o em uso, evitando obst\u00e1culos e deixando a cozinha mais livre. Uma solu\u00e7\u00e3o inteligente!<\/p>\n<figure style=\"width: 1024px\" class=\"wp-caption aligncenter\"><img decoding=\"async\" src=\"https:\/\/www.aarquiteta.com.br\/blog\/wp-content\/uploads\/2025\/06\/bancada-para-cozinha-pequena03.jpg\" alt=\"https:\/\/www.tuacasa.com.br\/bancada-para-cozinha-pequena\/\" width=\"1024\" height=\"1024\" title=\"\"><figcaption class=\"wp-caption-text\">https:\/\/www.tuacasa.com.br\/bancada-para-cozinha-pequena\/<\/figcaption><\/figure>\n<h3>3. Bancada que vira mesa<\/h3>\n<p>Uma <b>bancada que se transforma em mesa<\/b> \u00e9 ideal para refei\u00e7\u00f5es r\u00e1pidas. Esse modelo traz versatilidade e \u00e9 \u00f3timo para quem recebe visitas no dia a dia, oferecendo funcionalidade e estilo.<\/p>\n<h3>4. Materiais inovadores<\/h3>\n<p>Investir em <b>materiais como o vidro temperado<\/b> ou resina \u00e9 uma \u00f3tima ideia para dar um toque moderno. Esses materiais s\u00e3o f\u00e1ceis de limpar e criam uma apar\u00eancia leve e arejada.<\/p>\n<h3>5. Ilumina\u00e7\u00e3o embutida<\/h3>\n<p>Ilumina\u00e7\u00e3o embutida em sua bancada pode criar um ambiente acolhedor e sofisticado. Usar <b>luz indireta<\/b> destaca a \u00e1rea de trabalho e valoriza materiais, deixando tudo mais agrad\u00e1vel.<\/p>\n<h3>6. Bancadas com nichos e prateleiras<\/h3>\n<p>Incluir <b>nichos e prateleiras<\/b> \u00e9 uma excelente forma de organizar a cozinha. Eles ajudam a manter itens de uso frequente \u00e0 m\u00e3o, sem ocupar muito espa\u00e7o. Um truque simples e eficaz!<\/p>\n<h3>7. Estilos personalizados<\/h3>\n<p>Por fim, escolha <b>cores e acabamentos que reflitam seu estilo pessoal<\/b>. Cores vibrantes trazem alegria, enquanto tons neutros trazem sofistica\u00e7\u00e3o. Pense no que combina com a sua personalidade!<\/p>\n<p><div class=\"youtube-embed\" data-video_id=\"mx759U9Tngw\"><iframe title=\"Bancada Extensora na cozinha\" width=\"696\" height=\"392\" src=\"https:\/\/www.youtube.com\/embed\/mx759U9Tngw?feature=oembed&#038;enablejsapi=1\" frameborder=\"0\" allow=\"accelerometer; autoplay; clipboard-write; encrypted-media; gyroscope; picture-in-picture; web-share\" referrerpolicy=\"strict-origin-when-cross-origin\" allowfullscreen><\/iframe><\/div>\n<\/p>\n<table style=\"width:100%; margin: 20px 0; border-collapse: collapse;\">\n<tr>\n<th style=\"border: 1px solid #ddd; padding: 8px;\">Inova\u00e7\u00e3o<\/th>\n<th style=\"border: 1px solid #ddd; padding: 8px;\">Benef\u00edcios<\/th>\n<\/tr>\n<tr>\n<td style=\"border: 1px solid #ddd; padding: 8px;\">Bancadas em L<\/td>\n<td style=\"border: 1px solid #ddd; padding: 8px;\">Maximiza o espa\u00e7o e cria \u00e1reas de refei\u00e7\u00e3o.<\/td>\n<\/tr>\n<tr>\n<td style=\"border: 1px solid #ddd; padding: 8px;\">Bancadas retr\u00e1teis<\/td>\n<td style=\"border: 1px solid #ddd; padding: 8px;\">Otimiza o espa\u00e7o, permitindo f\u00e1cil armazenamento.<\/td>\n<\/tr>\n<tr>\n<td style=\"border: 1px solid #ddd; padding: 8px;\">Bancadas que viram mesa<\/td>\n<td style=\"border: 1px solid #ddd; padding: 8px;\">Versatilidade pr\u00e1tica em ambientes pequenos.<\/td>\n<\/tr>\n<tr>\n<td style=\"border: 1px solid #ddd; padding: 8px;\">Materiais inovadores<\/td>\n<td style=\"border: 1px solid #ddd; padding: 8px;\">Modernidade e facilidade na limpeza.<\/td>\n<\/tr>\n<tr>\n<td style=\"border: 1px solid #ddd; padding: 8px;\">Ilumina\u00e7\u00e3o embutida<\/td>\n<td style=\"border: 1px solid #ddd; padding: 8px;\">Cria ambientes acolhedores e valoriza o espa\u00e7o.<\/td>\n<\/tr>\n<tr>\n<td style=\"border: 1px solid #ddd; padding: 8px;\">Nichos e prateleiras<\/td>\n<td style=\"border: 1px solid #ddd; padding: 8px;\">Organiza\u00e7\u00e3o e f\u00e1cil acesso aos itens da cozinha.<\/td>\n<\/tr>\n<tr>\n<td style=\"border: 1px solid #ddd; padding: 8px;\">Estilos personalizados<\/td>\n<td style=\"border: 1px solid #ddd; padding: 8px;\">Refletem a personalidade, trazendo vida ao ambiente.<\/td>\n<\/tr>\n<\/table>\n<p>Agora que voc\u00ea conheceu essas inova\u00e7\u00f5es para bancadas de cozinha pequena, escolha a que mais combina com seu espa\u00e7o!<\/p>\n<p>Com uma cozinha bem projetada, sua casa pode se tornar ainda mais acolhedora e pr\u00e1tica. Explore mais ideias e comece a transformar seu ambiente hoje mesmo!<\/p>\n","protected":false},"excerpt":{"rendered":"<p>7 Inova\u00e7\u00f5es para Bancadas de Cozinha Pequena que V\u00e3o Transformar seu Espa\u00e7o<\/p>\n","protected":false},"author":102,"featured_media":152353,"comment_status":"open","ping_status":"","sticky":false,"template":"","format":"standard","meta":{"footnotes":""},"categories":[1484],"tags":[],"class_list":["post-152356","post","type-post","status-publish","format-standard","has-post-thumbnail","category-decoracao"],"_wp_attached_file":null,"_wp_attachment_metadata":null,"_wp_attachment_context":null,"_wp_attachment_is_custom_header":null,"geo_longitude":null,"geo_public":null,"geo_latitude":null,"_publicize_done_external":null,"_wpas_done_3897181":null,"publicize_twitter_user":null,"_wpas_done_3897175":null,"_wpas_skip_3897181":null,"_wpas_skip_3897175":null,"_wpas_skip_3924723":null,"_wpas_mess":null,"_wpas_done_3924723":null,"wps_subtitle":"","_links":{"self":[{"href":"https:\/\/www.aarquiteta.com.br\/blog\/wp-json\/wp\/v2\/posts\/152356","targetHints":{"allow":["GET"]}}],"collection":[{"href":"https:\/\/www.aarquiteta.com.br\/blog\/wp-json\/wp\/v2\/posts"}],"about":[{"href":"https:\/\/www.aarquiteta.com.br\/blog\/wp-json\/wp\/v2\/types\/post"}],"author":[{"embeddable":true,"href":"https:\/\/www.aarquiteta.com.br\/blog\/wp-json\/wp\/v2\/users\/102"}],"replies":[{"embeddable":true,"href":"https:\/\/www.aarquiteta.com.br\/blog\/wp-json\/wp\/v2\/comments?post=152356"}],"version-history":[{"count":0,"href":"https:\/\/www.aarquiteta.com.br\/blog\/wp-json\/wp\/v2\/posts\/152356\/revisions"}],"wp:featuredmedia":[{"embeddable":true,"href":"https:\/\/www.aarquiteta.com.br\/blog\/wp-json\/wp\/v2\/media\/152353"}],"wp:attachment":[{"href":"https:\/\/www.aarquiteta.com.br\/blog\/wp-json\/wp\/v2\/media?parent=152356"}],"wp:term":[{"taxonomy":"category","embeddable":true,"href":"https:\/\/www.aarquiteta.com.br\/blog\/wp-json\/wp\/v2\/categories?post=152356"},{"taxonomy":"post_tag","embeddable":true,"href":"https:\/\/www.aarquiteta.com.br\/blog\/wp-json\/wp\/v2\/tags?post=152356"}],"curies":[{"name":"wp","href":"https:\/\/api.w.org\/{rel}","templated":true}]}}