{"id":152341,"date":"2025-06-05T07:31:27","date_gmt":"2025-06-05T10:31:27","guid":{"rendered":"https:\/\/www.aarquiteta.com.br\/blog\/mesa-dobravel-de-parede\/"},"modified":"2025-06-05T07:31:27","modified_gmt":"2025-06-05T10:31:27","slug":"mesa-dobravel-de-parede","status":"publish","type":"post","link":"https:\/\/www.aarquiteta.com.br\/blog\/mesa-dobravel-de-parede\/","title":{"rendered":"10 Incr\u00edveis Ideias de Mesa Dobravel de Parede que V\u00e3o Transformar Seu Espa\u00e7o"},"content":{"rendered":"<p><b>Quer transformar seu espa\u00e7o com praticidade e estilo?<\/b> A mesa dobr\u00e1vel de parede \u00e9 a solu\u00e7\u00e3o ideal para quem busca funcionalidade em ambientes pequenos.<\/p>\n<figure style=\"width: 1024px\" class=\"wp-caption aligncenter\"><img decoding=\"async\" src=\"https:\/\/www.aarquiteta.com.br\/blog\/wp-content\/uploads\/2025\/06\/mesa-dobravel-de-parede01.jpg\" alt=\"https:\/\/www.tuacasa.com.br\/mesa-dobravel-de-parede\/\" width=\"1024\" height=\"1024\" title=\"\"><figcaption class=\"wp-caption-text\">https:\/\/www.tuacasa.com.br\/mesa-dobravel-de-parede\/<\/figcaption><\/figure>\n<p>A mesa dobr\u00e1vel de parede n\u00e3o apenas economiza espa\u00e7o, mas tamb\u00e9m adiciona um toque de modernidade \u00e0 decora\u00e7\u00e3o. Neste artigo, vou compartilhar <b>10 ideias incr\u00edveis<\/b> para voc\u00ea se inspirar e otimizar cada cantinho da sua casa.<\/p>\n<figure style=\"width: 1024px\" class=\"wp-caption aligncenter\"><img decoding=\"async\" src=\"https:\/\/www.aarquiteta.com.br\/blog\/wp-content\/uploads\/2025\/06\/mesa-dobravel-de-parede02.jpg\" alt=\"https:\/\/www.tuacasa.com.br\/mesa-dobravel-de-parede\/\" width=\"1024\" height=\"1024\" title=\"\"><figcaption class=\"wp-caption-text\">https:\/\/www.tuacasa.com.br\/mesa-dobravel-de-parede\/<\/figcaption><\/figure>\n<h3>1. Mesa Dobr\u00e1vel para Varanda<\/h3>\n<p>Transforme sua varanda em um lugar aconchegante. Uma mesa dobr\u00e1vel de parede permite que voc\u00ea aproveite ao m\u00e1ximo esse espa\u00e7o. <b>Adicione algumas cadeiras<\/b> e crie um cantinho perfeito para relaxar.<\/p>\n<figure style=\"width: 1024px\" class=\"wp-caption aligncenter\"><img decoding=\"async\" src=\"https:\/\/www.aarquiteta.com.br\/blog\/wp-content\/uploads\/2025\/06\/mesa-dobravel-de-parede03.jpg\" alt=\"https:\/\/www.tuacasa.com.br\/mesa-dobravel-de-parede\/\" width=\"1024\" height=\"1024\" title=\"\"><figcaption class=\"wp-caption-text\">https:\/\/www.tuacasa.com.br\/mesa-dobravel-de-parede\/<\/figcaption><\/figure>\n<h3>2. Praticidade na Cozinha<\/h3>\n<p>Utilizar uma mesa dobr\u00e1vel na cozinha \u00e9 uma maneira inteligente de economizar espa\u00e7o. Voc\u00ea pode us\u00e1-la como <b>bancada extra<\/b> para preparar refei\u00e7\u00f5es ou para as refei\u00e7\u00f5es r\u00e1pidas.<\/p>\n<h3>3. Escrivaninha Multifuncional<\/h3>\n<p>Precisando de um espa\u00e7o para trabalhar? Uma mesa dobr\u00e1vel pode se tornar uma <b>escrivaninha pr\u00e1tica<\/b> que voc\u00ea pode guardar quando n\u00e3o estiver usando, garantindo um ambiente mais organizado.<\/p>\n<h3>4. Para as Crian\u00e7as<\/h3>\n<p>Se voc\u00ea tem filhos, essa mesa pode ser o local perfeito para <b>estudos e brincadeiras<\/b>. Instale-a em um canto do quarto, para garantir que eles tenham espa\u00e7o para se divertir sem causar bagun\u00e7a.<\/p>\n<h3>5. Cantinho do Caf\u00e9<\/h3>\n<p>Ideal para os amantes de caf\u00e9! Uma mesa dobr\u00e1vel de parede pode ser transformada em um <b>cantinho para o caf\u00e9<\/b> e fazer do seu espa\u00e7o algo sofisticado e acolhedor.<\/p>\n<h3>6. Mesa Retro na Sala<\/h3>\n<p>Se o seu estilo \u00e9 mais r\u00fastico, uma mesa de madeira pode dar um charme especial. <b>Explore acabamentos de madeira<\/b> e crie um toque vintage na sala.<\/p>\n<p><div class=\"youtube-embed\" data-video_id=\"-Zi1x6DNATc\"><iframe title=\"Conjunto Mesa e Cadeira Dobr\u00e1vel - Madebal\" width=\"696\" height=\"392\" src=\"https:\/\/www.youtube.com\/embed\/-Zi1x6DNATc?feature=oembed&#038;enablejsapi=1\" frameborder=\"0\" allow=\"accelerometer; autoplay; clipboard-write; encrypted-media; gyroscope; picture-in-picture; web-share\" referrerpolicy=\"strict-origin-when-cross-origin\" allowfullscreen><\/iframe><\/div>\n<\/p>\n<h3>7. Decora\u00e7\u00e3o com Espelho<\/h3>\n<p>Uma mesa dobr\u00e1vel com espelho traz um ar de eleg\u00e2ncia e pode ajudar a ampliar o espa\u00e7o visualmente. <b>\u00c9 uma op\u00e7\u00e3o criativa<\/b>, especialmente em \u00e1reas menores.<\/p>\n<h3>8. Modelos Retr\u00e1teis<\/h3>\n<p>Mesas retr\u00e1teis s\u00e3o \u00f3timas porque ficam escondidas quando n\u00e3o est\u00e3o em uso. Isso significa que voc\u00ea pode manter sua sala limpa e organizada. Uma solu\u00e7\u00e3o perfeita para <b>aproveitar cada metro quadrado<\/b>.<\/p>\n<h3>9. Pe\u00e7as Coloridas<\/h3>\n<p>Experimente m\u00f3veis com cores vibrantes! Uma mesa dobr\u00e1vel pode ser uma \u00f3tima oportunidade para <b>injetar cor e vida<\/b> no ambiente.<\/p>\n<h3>10. Combina\u00e7\u00f5es com Banquetas<\/h3>\n<p>Combine sua mesa dobr\u00e1vel com banquetas para um visual descontra\u00eddo e elegante. <b>Essa combina\u00e7\u00e3o<\/b> \u00e9 ideal para um espa\u00e7o moderno e convidativo.<\/p>\n<table>\n<tr>\n<th>Ideia<\/th>\n<th>Benef\u00edcios<\/th>\n<\/tr>\n<tr>\n<td>Varanda<\/td>\n<td>Aproveitamento m\u00e1ximo do espa\u00e7o ao ar livre.<\/td>\n<\/tr>\n<tr>\n<td>Cozinha<\/td>\n<td>Bancada extra para facilitar o preparo de alimentos.<\/td>\n<\/tr>\n<tr>\n<td>Escrivaninha<\/td>\n<td>Espa\u00e7o de trabalho pr\u00e1tico e organizado.<\/td>\n<\/tr>\n<tr>\n<td>Cantinho do Caf\u00e9<\/td>\n<td>Espa\u00e7o charmoso para degustar uma bebida.<\/td>\n<\/tr>\n<\/table>\n<p>Agora ficou mais claro como uma <b>mesa dobr\u00e1vel de parede<\/b> pode fazer toda a diferen\u00e7a na sua casa! Se voc\u00ea j\u00e1 pensou em como transformar seu lar, n\u00e3o perca tempo e venha explorar mais ideias de decora\u00e7\u00e3o em nosso blog.<\/p>\n","protected":false},"excerpt":{"rendered":"<p>10 Incr\u00edveis Ideias de Mesa Dobravel de Parede que V\u00e3o Transformar Seu Espa\u00e7o<\/p>\n","protected":false},"author":102,"featured_media":152338,"comment_status":"open","ping_status":"","sticky":false,"template":"","format":"standard","meta":{"footnotes":""},"categories":[1484],"tags":[],"class_list":["post-152341","post","type-post","status-publish","format-standard","has-post-thumbnail","category-decoracao"],"_wp_attached_file":null,"_wp_attachment_metadata":null,"_wp_attachment_context":null,"_wp_attachment_is_custom_header":null,"geo_longitude":null,"geo_public":null,"geo_latitude":null,"_publicize_done_external":null,"_wpas_done_3897181":null,"publicize_twitter_user":null,"_wpas_done_3897175":null,"_wpas_skip_3897181":null,"_wpas_skip_3897175":null,"_wpas_skip_3924723":null,"_wpas_mess":null,"_wpas_done_3924723":null,"wps_subtitle":"","_links":{"self":[{"href":"https:\/\/www.aarquiteta.com.br\/blog\/wp-json\/wp\/v2\/posts\/152341","targetHints":{"allow":["GET"]}}],"collection":[{"href":"https:\/\/www.aarquiteta.com.br\/blog\/wp-json\/wp\/v2\/posts"}],"about":[{"href":"https:\/\/www.aarquiteta.com.br\/blog\/wp-json\/wp\/v2\/types\/post"}],"author":[{"embeddable":true,"href":"https:\/\/www.aarquiteta.com.br\/blog\/wp-json\/wp\/v2\/users\/102"}],"replies":[{"embeddable":true,"href":"https:\/\/www.aarquiteta.com.br\/blog\/wp-json\/wp\/v2\/comments?post=152341"}],"version-history":[{"count":0,"href":"https:\/\/www.aarquiteta.com.br\/blog\/wp-json\/wp\/v2\/posts\/152341\/revisions"}],"wp:featuredmedia":[{"embeddable":true,"href":"https:\/\/www.aarquiteta.com.br\/blog\/wp-json\/wp\/v2\/media\/152338"}],"wp:attachment":[{"href":"https:\/\/www.aarquiteta.com.br\/blog\/wp-json\/wp\/v2\/media?parent=152341"}],"wp:term":[{"taxonomy":"category","embeddable":true,"href":"https:\/\/www.aarquiteta.com.br\/blog\/wp-json\/wp\/v2\/categories?post=152341"},{"taxonomy":"post_tag","embeddable":true,"href":"https:\/\/www.aarquiteta.com.br\/blog\/wp-json\/wp\/v2\/tags?post=152341"}],"curies":[{"name":"wp","href":"https:\/\/api.w.org\/{rel}","templated":true}]}}