{"id":152291,"date":"2025-06-02T17:31:22","date_gmt":"2025-06-02T20:31:22","guid":{"rendered":"https:\/\/www.aarquiteta.com.br\/blog\/piso-para-garagem-2\/"},"modified":"2025-06-02T17:31:22","modified_gmt":"2025-06-02T20:31:22","slug":"piso-para-garagem-2","status":"publish","type":"post","link":"https:\/\/www.aarquiteta.com.br\/blog\/piso-para-garagem-2\/","title":{"rendered":"As 5 Melhores Dicas para Escolher o Piso Ideal para sua Garagem"},"content":{"rendered":"<p>Est\u00e1 buscando dicas para escolher o piso ideal para a sua garagem? Aqui voc\u00ea vai encontrar as melhores orienta\u00e7\u00f5es para transformar essa \u00e1rea!<\/p>\n<figure style=\"width: 1024px\" class=\"wp-caption aligncenter\"><img decoding=\"async\" src=\"https:\/\/www.aarquiteta.com.br\/blog\/wp-content\/uploads\/2025\/06\/piso-para-garagem01.jpg\" alt=\"https:\/\/www.tuacasa.com.br\/piso-para-garagem\/\" width=\"1024\" height=\"1024\" title=\"\"><figcaption class=\"wp-caption-text\">https:\/\/www.tuacasa.com.br\/piso-para-garagem\/<\/figcaption><\/figure>\n<h3>Por que a escolha do piso da garagem \u00e9 importante?<\/h3>\n<p>Voc\u00ea j\u00e1 parou para pensar que a garagem \u00e9 muito mais do que um local para estacionar ve\u00edculos? Ela se tornou um <b>espa\u00e7o multifuncional<\/b>, que pode servir como oficina, sala de jogos ou at\u00e9 mesmo um local para exibir sua cole\u00e7\u00e3o de carros. Portanto, \u00e9 essencial escolher um piso que atenda \u00e0s suas necessidades e fa\u00e7a bonito.<\/p>\n<figure style=\"width: 1024px\" class=\"wp-caption aligncenter\"><img decoding=\"async\" src=\"https:\/\/www.aarquiteta.com.br\/blog\/wp-content\/uploads\/2025\/06\/piso-para-garagem02.jpg\" alt=\"https:\/\/www.tuacasa.com.br\/piso-para-garagem\/\" width=\"1024\" height=\"1024\" title=\"\"><figcaption class=\"wp-caption-text\">https:\/\/www.tuacasa.com.br\/piso-para-garagem\/<\/figcaption><\/figure>\n<h3>1. Avalie o Uso da Garagem<\/h3>\n<p>A primeira pergunta que devemos fazer \u00e9: qual ser\u00e1 o <b>uso principal<\/b> da garagem? Se for para armazenar ve\u00edculos, um piso resistente \u00e9 fundamental. Para garagens que funcionam como \u00e1reas de lazer, a est\u00e9tica deve entrar em cena!<\/p>\n<figure style=\"width: 1024px\" class=\"wp-caption aligncenter\"><img decoding=\"async\" src=\"https:\/\/www.aarquiteta.com.br\/blog\/wp-content\/uploads\/2025\/06\/piso-para-garagem03.jpg\" alt=\"https:\/\/www.tuacasa.com.br\/piso-para-garagem\/\" width=\"1024\" height=\"1024\" title=\"\"><figcaption class=\"wp-caption-text\">https:\/\/www.tuacasa.com.br\/piso-para-garagem\/<\/figcaption><\/figure>\n<h3>2. Pense na Manuten\u00e7\u00e3o<\/h3>\n<p>Algumas op\u00e7\u00f5es de piso exigem mais <b>manuten\u00e7\u00e3o<\/b> do que outras. Por exemplo, pisos porosos podem absorver sujeira e \u00f3leo, tornando a limpeza um desafio. Por outro lado, op\u00e7\u00f5es como o porcelanato s\u00e3o f\u00e1ceis de limpar e ainda podem ser antiderrapantes.<\/p>\n<h3>3. Considere a Seguran\u00e7a<\/h3>\n<p>Se voc\u00ea tem crian\u00e7as ou idosos em casa, a seguran\u00e7a deve ser uma prioridade. Pisos <b>antiderrapantes<\/b> s\u00e3o indispens\u00e1veis para evitar acidentes quando molhados. Essa preocupa\u00e7\u00e3o \u00e9 ainda mais crucial em garagens internas, onde h\u00e1 maior chance de umidade.<\/p>\n<h3>4. Leve em Conta o Estilo<\/h3>\n<p>Garagem n\u00e3o precisa ser sin\u00f4nimo de descuido! Hoje existem op\u00e7\u00f5es sofisticadas que podem complementar a fachada da sua casa. Um <b>piso bem escolhido<\/b> pode at\u00e9 mesmo valorizar o im\u00f3vel, tornando-o mais atrativo.<\/p>\n<h3>5. Or\u00e7amento e Custo-Benef\u00edcio<\/h3>\n<p>Por fim, mas n\u00e3o menos importante, \u00e9 fundamental avaliar o seu <b>or\u00e7amento<\/b>. \u00c0s vezes, o mais caro n\u00e3o \u00e9 necessariamente o melhor. Busque op\u00e7\u00f5es que equilibrem qualidade e pre\u00e7o. Uma pesquisa detalhada far\u00e1 a diferen\u00e7a!<\/p>\n<table>\n<tr>\n<th>Aspecto<\/th>\n<th>Considera\u00e7\u00f5es<\/th>\n<\/tr>\n<tr>\n<td>Uso principal<\/td>\n<td>Defina se ser\u00e1 para estacionar, \u00e1rea de lazer, etc.<\/td>\n<\/tr>\n<tr>\n<td>Manuten\u00e7\u00e3o<\/td>\n<td>Escolha pisos que s\u00e3o f\u00e1ceis de limpar e manter.<\/td>\n<\/tr>\n<tr>\n<td>Seguran\u00e7a<\/td>\n<td>Priorize pisos antiderrapantes.<\/td>\n<\/tr>\n<tr>\n<td>Estilo<\/td>\n<td>Escolha um piso que complemente a est\u00e9tica da casa.<\/td>\n<\/tr>\n<tr>\n<td>Or\u00e7amento<\/td>\n<td>Encontre o equil\u00edbrio entre custo e qualidade.<\/td>\n<\/tr>\n<\/table>\n<p>A escolha do piso ideal para a sua garagem pode parecer desafiadora, mas com as dicas certas, tudo fica mais f\u00e1cil! <b>Aposte em um material que atenda \u00e0s suas necessidades e que combine com o seu estilo.<\/b> N\u00e3o se esque\u00e7a de compartilhar sua experi\u00eancia ou d\u00favidas nos coment\u00e1rios e continue navegando no blog para mais dicas \u00fateis!<\/p>\n<p><div class=\"youtube-embed\" data-video_id=\"gGEZFVNXyS0\"><iframe title=\"A EP\u00d3XI PARA PISO \u00c9 OFERECIDA EM V\u00c1RIAS CORES, TEM F\u00c1CIL APLICA\u00c7\u00c3O E A CAPACIDADE  IMPERMEABILIDADE\" width=\"696\" height=\"392\" src=\"https:\/\/www.youtube.com\/embed\/gGEZFVNXyS0?feature=oembed&#038;enablejsapi=1\" frameborder=\"0\" allow=\"accelerometer; autoplay; clipboard-write; encrypted-media; gyroscope; picture-in-picture; web-share\" referrerpolicy=\"strict-origin-when-cross-origin\" allowfullscreen><\/iframe><\/div><\/p>\n","protected":false},"excerpt":{"rendered":"<p>As 5 Melhores Dicas para Escolher o Piso Ideal para sua Garagem<\/p>\n","protected":false},"author":102,"featured_media":152288,"comment_status":"open","ping_status":"","sticky":false,"template":"","format":"standard","meta":{"footnotes":""},"categories":[249,1484],"tags":[],"class_list":["post-152291","post","type-post","status-publish","format-standard","has-post-thumbnail","category-engenharia-e-construcao-civil","category-decoracao"],"_wp_attached_file":null,"_wp_attachment_metadata":null,"_wp_attachment_context":null,"_wp_attachment_is_custom_header":null,"geo_longitude":null,"geo_public":null,"geo_latitude":null,"_publicize_done_external":null,"_wpas_done_3897181":null,"publicize_twitter_user":null,"_wpas_done_3897175":null,"_wpas_skip_3897181":null,"_wpas_skip_3897175":null,"_wpas_skip_3924723":null,"_wpas_mess":null,"_wpas_done_3924723":null,"wps_subtitle":"","_links":{"self":[{"href":"https:\/\/www.aarquiteta.com.br\/blog\/wp-json\/wp\/v2\/posts\/152291","targetHints":{"allow":["GET"]}}],"collection":[{"href":"https:\/\/www.aarquiteta.com.br\/blog\/wp-json\/wp\/v2\/posts"}],"about":[{"href":"https:\/\/www.aarquiteta.com.br\/blog\/wp-json\/wp\/v2\/types\/post"}],"author":[{"embeddable":true,"href":"https:\/\/www.aarquiteta.com.br\/blog\/wp-json\/wp\/v2\/users\/102"}],"replies":[{"embeddable":true,"href":"https:\/\/www.aarquiteta.com.br\/blog\/wp-json\/wp\/v2\/comments?post=152291"}],"version-history":[{"count":0,"href":"https:\/\/www.aarquiteta.com.br\/blog\/wp-json\/wp\/v2\/posts\/152291\/revisions"}],"wp:featuredmedia":[{"embeddable":true,"href":"https:\/\/www.aarquiteta.com.br\/blog\/wp-json\/wp\/v2\/media\/152288"}],"wp:attachment":[{"href":"https:\/\/www.aarquiteta.com.br\/blog\/wp-json\/wp\/v2\/media?parent=152291"}],"wp:term":[{"taxonomy":"category","embeddable":true,"href":"https:\/\/www.aarquiteta.com.br\/blog\/wp-json\/wp\/v2\/categories?post=152291"},{"taxonomy":"post_tag","embeddable":true,"href":"https:\/\/www.aarquiteta.com.br\/blog\/wp-json\/wp\/v2\/tags?post=152291"}],"curies":[{"name":"wp","href":"https:\/\/api.w.org\/{rel}","templated":true}]}}