{"id":152286,"date":"2025-06-02T12:02:16","date_gmt":"2025-06-02T15:02:16","guid":{"rendered":"https:\/\/www.aarquiteta.com.br\/blog\/escovinha-de-garrafa-a-arvore-de-flores-vibrantes\/"},"modified":"2025-06-02T12:02:16","modified_gmt":"2025-06-02T15:02:16","slug":"escovinha-de-garrafa-a-arvore-de-flores-vibrantes","status":"publish","type":"post","link":"https:\/\/www.aarquiteta.com.br\/blog\/escovinha-de-garrafa-a-arvore-de-flores-vibrantes\/","title":{"rendered":"Explore a Beleza da Escovinha de Garrafa"},"content":{"rendered":"<p>Vamos explorar o maravilhoso mundo da escovinha de garrafa, uma \u00e1rvore encantadora com flores que fazem qualquer jardim brilhar!<\/p>\n<figure style=\"width: 1024px\" class=\"wp-caption aligncenter\"><img decoding=\"async\" src=\"https:\/\/www.aarquiteta.com.br\/blog\/wp-content\/uploads\/2025\/06\/escovinha-de-garrafa-a-arvore-de-flores-vibrantes01.jpg\" alt=\"https:\/\/maniadeplantas.com.br\/externas\/escovinha-de-garrafa-a-arvore-de-flores-vibrantes\/\" width=\"1024\" height=\"1024\" title=\"\"><figcaption class=\"wp-caption-text\">https:\/\/maniadeplantas.com.br\/externas\/escovinha-de-garrafa-a-arvore-de-flores-vibrantes\/<\/figcaption><\/figure>\n<h2>Descubra a Escovinha de Garrafa<\/h2>\n<p>A <b>escovinha de garrafa<\/b> (Callistemon viminalis) \u00e9 uma \u00e1rvore fascinante, famosa por suas flores que se parecem com escovas. Essas flores tubulares em tons vibrantes de vermelho fazem dela uma <b>op\u00e7\u00e3o ador\u00e1vel<\/b> para qualquer paisagismo. Origin\u00e1ria da Austr\u00e1lia, a escovinha se adapta muito bem ao solo e clima do Brasil, confirmando seu lugar como uma escolha popular para jardins e pra\u00e7as.<\/p>\n<figure style=\"width: 1024px\" class=\"wp-caption aligncenter\"><img decoding=\"async\" src=\"https:\/\/www.aarquiteta.com.br\/blog\/wp-content\/uploads\/2025\/06\/escovinha-de-garrafa-a-arvore-de-flores-vibrantes02.jpg\" alt=\"https:\/\/maniadeplantas.com.br\/externas\/escovinha-de-garrafa-a-arvore-de-flores-vibrantes\/\" width=\"1024\" height=\"1024\" title=\"\"><figcaption class=\"wp-caption-text\">https:\/\/maniadeplantas.com.br\/externas\/escovinha-de-garrafa-a-arvore-de-flores-vibrantes\/<\/figcaption><\/figure>\n<h2>Caracter\u00edsticas e Benef\u00edcios<\/h2>\n<p>Entre suas principais <b>caracter\u00edsticas<\/b>, est\u00e3o as folhas longas e o cheiro suave ao serem amassadas. Essa \u00e1rvore n\u00e3o s\u00f3 embeleza o ambiente, mas tamb\u00e9m traz um toque sensorial ao jardim. Al\u00e9m disso, a escovinha \u00e9 conhecida por sua <b>resist\u00eancia<\/b>, o que a torna ideal para quem busca um elemento decorativo com menos manuten\u00e7\u00e3o.<\/p>\n<figure style=\"width: 1024px\" class=\"wp-caption aligncenter\"><img decoding=\"async\" src=\"https:\/\/www.aarquiteta.com.br\/blog\/wp-content\/uploads\/2025\/06\/escovinha-de-garrafa-a-arvore-de-flores-vibrantes03.jpg\" alt=\"https:\/\/maniadeplantas.com.br\/externas\/escovinha-de-garrafa-a-arvore-de-flores-vibrantes\/\" width=\"1024\" height=\"1024\" title=\"\"><figcaption class=\"wp-caption-text\">https:\/\/maniadeplantas.com.br\/externas\/escovinha-de-garrafa-a-arvore-de-flores-vibrantes\/<\/figcaption><\/figure>\n<h3>Caracter\u00edsticas em Destaque:<\/h3>\n<ul>\n<li><b>Flores coloridas:<\/b> Estendendo-se em forma tubular ao longo dos ramos.<\/li>\n<li><b>Cheiro refrescante:<\/b> O aroma das folhas traz um ar agrad\u00e1vel.<\/li>\n<li><b>Baixa manuten\u00e7\u00e3o:<\/b> Resistente a pragas e exigindo poucos cuidados.<\/li>\n<\/ul>\n<h2>Flora\u00e7\u00e3o Atraente<\/h2>\n<p>A \u00e9poca de <b>flora\u00e7\u00e3o<\/b> da escovinha \u00e9 realmente fascinante. Geralmente, suas flores come\u00e7am a surgir antes da primavera e continuam at\u00e9 o ver\u00e3o. Em climas mais quentes, voc\u00ea pode ter a alegria de v\u00ea-las em outras \u00e9pocas do ano, proporcionando beleza quase o ano todo.<\/p>\n<table>\n<tr>\n<th>Aspecto<\/th>\n<th>Detalhes<\/th>\n<\/tr>\n<tr>\n<td>Origem<\/td>\n<td>Austr\u00e1lia<\/td>\n<\/tr>\n<tr>\n<td>Tipo de solo<\/td>\n<td>Bem drenado e \u00famido<\/td>\n<\/tr>\n<tr>\n<td>Exposi\u00e7\u00e3o ao sol<\/td>\n<td>Sol pleno<\/td>\n<\/tr>\n<tr>\n<td>\u00c9poca de flora\u00e7\u00e3o<\/td>\n<td>Primavera at\u00e9 o ver\u00e3o<\/td>\n<\/tr>\n<\/table>\n<h2>Dicas de Cultivo<\/h2>\n<p>Para colher os melhores resultados da escovinha de garrafa, alguns cuidados s\u00e3o essenciais:<\/p>\n<ul>\n<li><b>Rega regular:<\/b> Mantenha o solo \u00famido, mas evite encharcar.<\/li>\n<li><b>Sol pleno:<\/b> Plante em \u00e1reas bem iluminadas.<\/li>\n<li><b>Poda:<\/b> Remova galhos doentes e mantenha a forma da \u00e1rvore.<\/li>\n<\/ul>\n<h2>Finalizando<\/h2>\n<p>O que voc\u00ea est\u00e1 esperando? Se voc\u00ea quer adicionar um toque vibrante ao seu espa\u00e7o, a <b>escovinha de garrafa<\/b> \u00e9 a escolha certa. Deixe seu jardim mais bonito e, quem sabe, compartilhe suas experi\u00eancias nos coment\u00e1rios! Vamos cultivar beleza juntos!<\/p>\n<p><div class=\"youtube-embed\" data-video_id=\"TMo3j3oVjG0\"><iframe title=\"Escova de garrafa (Callistemon viminalis)\" width=\"696\" height=\"392\" src=\"https:\/\/www.youtube.com\/embed\/TMo3j3oVjG0?feature=oembed&#038;enablejsapi=1\" frameborder=\"0\" allow=\"accelerometer; autoplay; clipboard-write; encrypted-media; gyroscope; picture-in-picture; web-share\" referrerpolicy=\"strict-origin-when-cross-origin\" allowfullscreen><\/iframe><\/div><\/p>\n","protected":false},"excerpt":{"rendered":"<p>Explore a Beleza da Escovinha de Garrafa<\/p>\n","protected":false},"author":102,"featured_media":152283,"comment_status":"open","ping_status":"","sticky":false,"template":"","format":"standard","meta":{"footnotes":""},"categories":[9612],"tags":[],"class_list":["post-152286","post","type-post","status-publish","format-standard","has-post-thumbnail","category-jardinagem"],"_wp_attached_file":null,"_wp_attachment_metadata":null,"_wp_attachment_context":null,"_wp_attachment_is_custom_header":null,"geo_longitude":null,"geo_public":null,"geo_latitude":null,"_publicize_done_external":null,"_wpas_done_3897181":null,"publicize_twitter_user":null,"_wpas_done_3897175":null,"_wpas_skip_3897181":null,"_wpas_skip_3897175":null,"_wpas_skip_3924723":null,"_wpas_mess":null,"_wpas_done_3924723":null,"wps_subtitle":"","_links":{"self":[{"href":"https:\/\/www.aarquiteta.com.br\/blog\/wp-json\/wp\/v2\/posts\/152286","targetHints":{"allow":["GET"]}}],"collection":[{"href":"https:\/\/www.aarquiteta.com.br\/blog\/wp-json\/wp\/v2\/posts"}],"about":[{"href":"https:\/\/www.aarquiteta.com.br\/blog\/wp-json\/wp\/v2\/types\/post"}],"author":[{"embeddable":true,"href":"https:\/\/www.aarquiteta.com.br\/blog\/wp-json\/wp\/v2\/users\/102"}],"replies":[{"embeddable":true,"href":"https:\/\/www.aarquiteta.com.br\/blog\/wp-json\/wp\/v2\/comments?post=152286"}],"version-history":[{"count":0,"href":"https:\/\/www.aarquiteta.com.br\/blog\/wp-json\/wp\/v2\/posts\/152286\/revisions"}],"wp:featuredmedia":[{"embeddable":true,"href":"https:\/\/www.aarquiteta.com.br\/blog\/wp-json\/wp\/v2\/media\/152283"}],"wp:attachment":[{"href":"https:\/\/www.aarquiteta.com.br\/blog\/wp-json\/wp\/v2\/media?parent=152286"}],"wp:term":[{"taxonomy":"category","embeddable":true,"href":"https:\/\/www.aarquiteta.com.br\/blog\/wp-json\/wp\/v2\/categories?post=152286"},{"taxonomy":"post_tag","embeddable":true,"href":"https:\/\/www.aarquiteta.com.br\/blog\/wp-json\/wp\/v2\/tags?post=152286"}],"curies":[{"name":"wp","href":"https:\/\/api.w.org\/{rel}","templated":true}]}}