{"id":152236,"date":"2025-05-30T17:31:19","date_gmt":"2025-05-30T20:31:19","guid":{"rendered":"https:\/\/www.aarquiteta.com.br\/blog\/fachadas-de-sobrados\/"},"modified":"2025-05-30T17:31:19","modified_gmt":"2025-05-30T20:31:19","slug":"fachadas-de-sobrados","status":"publish","type":"post","link":"https:\/\/www.aarquiteta.com.br\/blog\/fachadas-de-sobrados\/","title":{"rendered":"10 Fachadas Incr\u00edveis de Sobrados que Voc\u00ea Precisa Conhecer"},"content":{"rendered":"<p>Conhe\u00e7a 10 fachadas incr\u00edveis de sobrados que v\u00e3o te inspirar a transformar a sua casa. As op\u00e7\u00f5es variam entre o moderno e o cl\u00e1ssico!<\/p>\n<figure style=\"width: 1024px\" class=\"wp-caption aligncenter\"><img decoding=\"async\" src=\"https:\/\/www.aarquiteta.com.br\/blog\/wp-content\/uploads\/2025\/05\/fachadas-de-sobrados01.jpg\" alt=\"https:\/\/www.tuacasa.com.br\/fachadas-de-sobrados\/\" width=\"1024\" height=\"1024\" title=\"\"><figcaption class=\"wp-caption-text\">https:\/\/www.tuacasa.com.br\/fachadas-de-sobrados\/<\/figcaption><\/figure>\n<h3>O impacto de uma fachada bem feita<\/h3>\n<p>Voc\u00ea j\u00e1 pensou no quanto uma <b>fachada pode mudar a apar\u00eancia de um sobrado<\/b>? \u00c9 a primeira impress\u00e3o que visitantes e vizinhos t\u00eam do seu lar. Uma fachada bem projetada pode refletir o <b>estilo de vida e a personalidade dos moradores<\/b>. Al\u00e9m disso, ao escolher materiais e m\u00f3veis adequados, voc\u00ea poder\u00e1 otimizar a luz natural e criar contrastes marcantes.<\/p>\n<figure style=\"width: 1024px\" class=\"wp-caption aligncenter\"><img decoding=\"async\" src=\"https:\/\/www.aarquiteta.com.br\/blog\/wp-content\/uploads\/2025\/05\/fachadas-de-sobrados02.jpg\" alt=\"https:\/\/www.tuacasa.com.br\/fachadas-de-sobrados\/\" width=\"1024\" height=\"1024\" title=\"\"><figcaption class=\"wp-caption-text\">https:\/\/www.tuacasa.com.br\/fachadas-de-sobrados\/<\/figcaption><\/figure>\n<h3>Inspira\u00e7\u00f5es para sua constru\u00e7\u00e3o<\/h3>\n<p>Vou compartilhar 10 fachadas que achei incr\u00edveis! Elas variam em estilo e material. Assim, voc\u00ea pode encontrar a que mais combina com o seu gosto. Vamos a elas:<\/p>\n<figure style=\"width: 1024px\" class=\"wp-caption aligncenter\"><img decoding=\"async\" src=\"https:\/\/www.aarquiteta.com.br\/blog\/wp-content\/uploads\/2025\/05\/fachadas-de-sobrados03.jpg\" alt=\"https:\/\/www.tuacasa.com.br\/fachadas-de-sobrados\/\" width=\"1024\" height=\"1024\" title=\"\"><figcaption class=\"wp-caption-text\">https:\/\/www.tuacasa.com.br\/fachadas-de-sobrados\/<\/figcaption><\/figure>\n<ol>\n<li><b>Fachada moderna com vidros:<\/b> As janelas amplas garantem uma luminosidade incr\u00edvel!<\/li>\n<li><b>Constru\u00e7\u00e3o cl\u00e1ssica em tons terrosos:<\/b> Um toque r\u00fastico que nunca sai de moda.<\/li>\n<li><b>Sobrado com dois andares:<\/b> Ideal para quem busca praticidade e espa\u00e7o.<\/li>\n<li><b>Visual futurista:<\/b> Linhas retas e acabamentos impec\u00e1veis.<\/li>\n<li><b>Simplicidade e beleza:<\/b> Os tons claros transmitem aconchego.<\/li>\n<li><b>Parede espelhada:<\/b> Uma maneira moderna de jogar com reflexos.<\/li>\n<li><b>Jardim de entrada:<\/b> Um toque verde que traz frescor e charme.<\/li>\n<li><b>Uma fachada luxuosa de madeira:<\/b> Essa op\u00e7\u00e3o d\u00e1 um ar sofisticado ao ambiente.<\/li>\n<li><b>Estilo praiano:<\/b> Cores suaves e um toque de natureza.<\/li>\n<li><b>Fachada com pastilhas:<\/b> Um toque de cor e modernidade.<\/li>\n<\/ol>\n<h3>Tabela de Resumo<\/h3>\n<table>\n<tr>\n<th>Estilo<\/th>\n<th>Material<\/th>\n<th>Caracter\u00edsticas<\/th>\n<\/tr>\n<tr>\n<td>Moderna<\/td>\n<td>Vidro<\/td>\n<td>Luminosidade e eleg\u00e2ncia<\/td>\n<\/tr>\n<tr>\n<td>Cl\u00e1ssica<\/td>\n<td>Terra<\/td>\n<td>R\u00fastica e atemporal<\/td>\n<\/tr>\n<tr>\n<td>Futurista<\/td>\n<td>V\u00e1rios<\/td>\n<td>Linhas geom\u00e9tricas marcantes<\/td>\n<\/tr>\n<tr>\n<td>Praiana<\/td>\n<td>Madeira<\/td>\n<td>Conforto e informalidade<\/td>\n<\/tr>\n<\/table>\n<h3>Import\u00e2ncia do Paisagismo<\/h3>\n<p>N\u00e3o podemos esquecer do <b>paisagismo<\/b>. Um belo jardim pode real\u00e7ar ainda mais a fachada do seu sobrado. Plantas como bambus e flores coloridas trazem vida e frescor ao ambiente. Al\u00e9m disso, um espa\u00e7o bem cuidado cria uma sensa\u00e7\u00e3o de acolhimento!<\/p>\n<h3>Escolhas de Cores<\/h3>\n<p>Ao escolher o esquema de cores, opte por <b>tonalidades que combinam entre si<\/b>. Cores neutras podem trazer um ar clean, enquanto tons vibrantes podem dar personalidade \u00e0 fachada.<\/p>\n<p><b>Ap\u00f3s conferir essas op\u00e7\u00f5es, o que voc\u00ea acha de planejar a sua reforma?<\/b> N\u00e3o tenha d\u00favida de que uma fachada bem projetada trar\u00e1 um novo brilho ao seu lar! Compartilhe suas ideias e inspire-se!<\/p>\n<p><div class=\"youtube-embed\" data-video_id=\"VuezhjBDE3Q\"><iframe title=\"Fachadas de Casas Sobrados\" width=\"696\" height=\"392\" src=\"https:\/\/www.youtube.com\/embed\/VuezhjBDE3Q?feature=oembed&#038;enablejsapi=1\" frameborder=\"0\" allow=\"accelerometer; autoplay; clipboard-write; encrypted-media; gyroscope; picture-in-picture; web-share\" referrerpolicy=\"strict-origin-when-cross-origin\" allowfullscreen><\/iframe><\/div><\/p>\n","protected":false},"excerpt":{"rendered":"<p>10 Fachadas Incr\u00edveis de Sobrados que Voc\u00ea Precisa Conhecer<\/p>\n","protected":false},"author":102,"featured_media":152233,"comment_status":"open","ping_status":"","sticky":false,"template":"","format":"standard","meta":{"footnotes":""},"categories":[249,1484],"tags":[],"class_list":["post-152236","post","type-post","status-publish","format-standard","has-post-thumbnail","category-engenharia-e-construcao-civil","category-decoracao"],"_wp_attached_file":null,"_wp_attachment_metadata":null,"_wp_attachment_context":null,"_wp_attachment_is_custom_header":null,"geo_longitude":null,"geo_public":null,"geo_latitude":null,"_publicize_done_external":null,"_wpas_done_3897181":null,"publicize_twitter_user":null,"_wpas_done_3897175":null,"_wpas_skip_3897181":null,"_wpas_skip_3897175":null,"_wpas_skip_3924723":null,"_wpas_mess":null,"_wpas_done_3924723":null,"wps_subtitle":"","_links":{"self":[{"href":"https:\/\/www.aarquiteta.com.br\/blog\/wp-json\/wp\/v2\/posts\/152236","targetHints":{"allow":["GET"]}}],"collection":[{"href":"https:\/\/www.aarquiteta.com.br\/blog\/wp-json\/wp\/v2\/posts"}],"about":[{"href":"https:\/\/www.aarquiteta.com.br\/blog\/wp-json\/wp\/v2\/types\/post"}],"author":[{"embeddable":true,"href":"https:\/\/www.aarquiteta.com.br\/blog\/wp-json\/wp\/v2\/users\/102"}],"replies":[{"embeddable":true,"href":"https:\/\/www.aarquiteta.com.br\/blog\/wp-json\/wp\/v2\/comments?post=152236"}],"version-history":[{"count":0,"href":"https:\/\/www.aarquiteta.com.br\/blog\/wp-json\/wp\/v2\/posts\/152236\/revisions"}],"wp:featuredmedia":[{"embeddable":true,"href":"https:\/\/www.aarquiteta.com.br\/blog\/wp-json\/wp\/v2\/media\/152233"}],"wp:attachment":[{"href":"https:\/\/www.aarquiteta.com.br\/blog\/wp-json\/wp\/v2\/media?parent=152236"}],"wp:term":[{"taxonomy":"category","embeddable":true,"href":"https:\/\/www.aarquiteta.com.br\/blog\/wp-json\/wp\/v2\/categories?post=152236"},{"taxonomy":"post_tag","embeddable":true,"href":"https:\/\/www.aarquiteta.com.br\/blog\/wp-json\/wp\/v2\/tags?post=152236"}],"curies":[{"name":"wp","href":"https:\/\/api.w.org\/{rel}","templated":true}]}}