{"id":152226,"date":"2025-05-30T07:31:23","date_gmt":"2025-05-30T10:31:23","guid":{"rendered":"https:\/\/www.aarquiteta.com.br\/blog\/concregrama-3\/"},"modified":"2025-05-30T07:31:23","modified_gmt":"2025-05-30T10:31:23","slug":"concregrama-3","status":"publish","type":"post","link":"https:\/\/www.aarquiteta.com.br\/blog\/concregrama-3\/","title":{"rendered":"10 Inspira\u00e7\u00f5es para Concregrama que Transformam Ambientes"},"content":{"rendered":"<p>Quer transformar ambientes com um material que une beleza e funcionalidade? O concregrama pode ser a solu\u00e7\u00e3o ideal!<\/p>\n<figure style=\"width: 1024px\" class=\"wp-caption aligncenter\"><img decoding=\"async\" src=\"https:\/\/www.aarquiteta.com.br\/blog\/wp-content\/uploads\/2025\/05\/concregrama01.jpg\" alt=\"https:\/\/www.tuacasa.com.br\/concregrama\/\" width=\"1024\" height=\"1024\" title=\"\"><figcaption class=\"wp-caption-text\">https:\/\/www.tuacasa.com.br\/concregrama\/<\/figcaption><\/figure>\n<h3>O que \u00e9 concregrama?<\/h3>\n<p>O <b>concregrama<\/b>, tamb\u00e9m conhecido como pisograma, \u00e9 uma estrutura que une o concreto \u00e0 possibilidade de cultivo de grama. Essa combina\u00e7\u00e3o n\u00e3o s\u00f3 <b>embelezar<\/b> os espa\u00e7os externos, como tamb\u00e9m ajuda na drenagem de \u00e1gua da chuva, evitando alagamentos. \u00c9 um material que traz um toque de verde e rusticidade para qualquer ambiente.<\/p>\n<figure style=\"width: 1024px\" class=\"wp-caption aligncenter\"><img decoding=\"async\" src=\"https:\/\/www.aarquiteta.com.br\/blog\/wp-content\/uploads\/2025\/05\/concregrama02.jpg\" alt=\"https:\/\/www.tuacasa.com.br\/concregrama\/\" width=\"1024\" height=\"1024\" title=\"\"><figcaption class=\"wp-caption-text\">https:\/\/www.tuacasa.com.br\/concregrama\/<\/figcaption><\/figure>\n<h3>Vantagens do uso do concregrama<\/h3>\n<p>Utilizar o <b>concregrama<\/b> oferece diversas vantagens. Ele \u00e9 resistente e dur\u00e1vel, sendo ideal para estacionamentos e \u00e1reas externas. Sua aplica\u00e7\u00e3o \u00e9 simples e ainda pode ser reaproveitado ao longo do tempo.<\/p>\n<figure style=\"width: 1024px\" class=\"wp-caption aligncenter\"><img decoding=\"async\" src=\"https:\/\/www.aarquiteta.com.br\/blog\/wp-content\/uploads\/2025\/05\/concregrama03.jpg\" alt=\"https:\/\/www.tuacasa.com.br\/concregrama\/\" width=\"1024\" height=\"1024\" title=\"\"><figcaption class=\"wp-caption-text\">https:\/\/www.tuacasa.com.br\/concregrama\/<\/figcaption><\/figure>\n<h3>Inspira\u00e7\u00f5es para Concregrama<\/h3>\n<p>Se voc\u00ea est\u00e1 em busca de ideias para usar o <b>concregrama<\/b> na sua casa ou no seu neg\u00f3cio, confira a tabela abaixo. Ela traz inspira\u00e7\u00f5es que v\u00e3o transformar qualquer espa\u00e7o!<\/p>\n<table>\n<tr>\n<th>Inspira\u00e7\u00e3o<\/th>\n<th>Descri\u00e7\u00e3o<\/th>\n<\/tr>\n<tr>\n<td>Estacionamento Verde<\/td>\n<td>Transforme seu estacionamento com o <b>concregrama<\/b>, permitindo que a grama cres\u00e7a entre as placas.<\/td>\n<\/tr>\n<tr>\n<td>Cal\u00e7adas Drenantes<\/td>\n<td>Utilize o <b>concregrama<\/b> para cal\u00e7adas que evitam alagamentos e ainda trazem est\u00e9tica agrad\u00e1vel.<\/td>\n<\/tr>\n<tr>\n<td>Jardins Art\u00edsticos<\/td>\n<td>Crie desenhos e formas diferentes no seu jardim com placas de <b>concregrama<\/b>.<\/td>\n<\/tr>\n<tr>\n<td>\u00c1reas de Lazer<\/td>\n<td>Utilize o material em \u00e1reas de churrasqueira, criando um espa\u00e7o incr\u00edvel para receber amigos.<\/td>\n<\/tr>\n<tr>\n<td>Entradas Charmosas<\/td>\n<td>Realce a entrada da sua casa com um caminho de <b>concregrama<\/b> que mistura verde e concreto.<\/td>\n<\/tr>\n<\/table>\n<h3>Como aplicar o Concregrama?<\/h3>\n<p>Aplicar o <b>concregrama<\/b> \u00e9 simples. \u00c9 necess\u00e1rio preparar o local, colocando uma camada de areia ou pedras. Depois, \u00e9 s\u00f3 posicionar as pe\u00e7as e iniciar o plantio da grama nos orif\u00edcios. <b>Assim, voc\u00ea mesmo pode transformar seu espa\u00e7o!<\/b><\/p>\n<h3>Manuten\u00e7\u00e3o \u00e9 essencial<\/h3>\n<p>Para que seu <b>concregrama<\/b> permane\u00e7a bonito, a manuten\u00e7\u00e3o \u00e9 necess\u00e1ria. Lembre-se de aparar a grama regularmente para que o concreto continue vis\u00edvel e as ra\u00edzes n\u00e3o a comprometam. Com cuidados simples, seu espa\u00e7o vai brilhar por muito tempo.<\/p>\n<h3>Decis\u00f5es de Estilo<\/h3>\n<p>Seja em um ambiente r\u00fastico ou moderno, o <b>concregrama<\/b> combina com diversos estilos. Sua versatilidade \u00e9 perfeita para atender sua necessidade est\u00e9tica e funcional.<\/p>\n<p>Agora, \u00e9 com voc\u00ea! Que tal escolher seu modelo de <b>concregrama<\/b> e come\u00e7ar a transforma\u00e7\u00e3o? Com essas inspira\u00e7\u00f5es, seu ambiente vai ganhar cara nova de forma pr\u00e1tica e linda! Explore outras ideias em nosso blog e deixe seu espa\u00e7o ainda mais especial.<\/p>\n<p><div class=\"youtube-embed\" data-video_id=\"uoKDywKbo5U\"><iframe title=\"Como assentar Concregrama TR\u00caS MARIAS\" width=\"696\" height=\"392\" src=\"https:\/\/www.youtube.com\/embed\/uoKDywKbo5U?feature=oembed&#038;enablejsapi=1\" frameborder=\"0\" allow=\"accelerometer; autoplay; clipboard-write; encrypted-media; gyroscope; picture-in-picture; web-share\" referrerpolicy=\"strict-origin-when-cross-origin\" allowfullscreen><\/iframe><\/div><\/p>\n","protected":false},"excerpt":{"rendered":"<p>10 Inspira\u00e7\u00f5es para Concregrama que Transformam Ambientes<\/p>\n","protected":false},"author":102,"featured_media":152223,"comment_status":"open","ping_status":"","sticky":false,"template":"","format":"standard","meta":{"footnotes":""},"categories":[1484],"tags":[],"class_list":["post-152226","post","type-post","status-publish","format-standard","has-post-thumbnail","category-decoracao"],"_wp_attached_file":null,"_wp_attachment_metadata":null,"_wp_attachment_context":null,"_wp_attachment_is_custom_header":null,"geo_longitude":null,"geo_public":null,"geo_latitude":null,"_publicize_done_external":null,"_wpas_done_3897181":null,"publicize_twitter_user":null,"_wpas_done_3897175":null,"_wpas_skip_3897181":null,"_wpas_skip_3897175":null,"_wpas_skip_3924723":null,"_wpas_mess":null,"_wpas_done_3924723":null,"wps_subtitle":"","_links":{"self":[{"href":"https:\/\/www.aarquiteta.com.br\/blog\/wp-json\/wp\/v2\/posts\/152226","targetHints":{"allow":["GET"]}}],"collection":[{"href":"https:\/\/www.aarquiteta.com.br\/blog\/wp-json\/wp\/v2\/posts"}],"about":[{"href":"https:\/\/www.aarquiteta.com.br\/blog\/wp-json\/wp\/v2\/types\/post"}],"author":[{"embeddable":true,"href":"https:\/\/www.aarquiteta.com.br\/blog\/wp-json\/wp\/v2\/users\/102"}],"replies":[{"embeddable":true,"href":"https:\/\/www.aarquiteta.com.br\/blog\/wp-json\/wp\/v2\/comments?post=152226"}],"version-history":[{"count":0,"href":"https:\/\/www.aarquiteta.com.br\/blog\/wp-json\/wp\/v2\/posts\/152226\/revisions"}],"wp:featuredmedia":[{"embeddable":true,"href":"https:\/\/www.aarquiteta.com.br\/blog\/wp-json\/wp\/v2\/media\/152223"}],"wp:attachment":[{"href":"https:\/\/www.aarquiteta.com.br\/blog\/wp-json\/wp\/v2\/media?parent=152226"}],"wp:term":[{"taxonomy":"category","embeddable":true,"href":"https:\/\/www.aarquiteta.com.br\/blog\/wp-json\/wp\/v2\/categories?post=152226"},{"taxonomy":"post_tag","embeddable":true,"href":"https:\/\/www.aarquiteta.com.br\/blog\/wp-json\/wp\/v2\/tags?post=152226"}],"curies":[{"name":"wp","href":"https:\/\/api.w.org\/{rel}","templated":true}]}}