{"id":152221,"date":"2025-05-29T21:01:34","date_gmt":"2025-05-30T00:01:34","guid":{"rendered":"https:\/\/www.aarquiteta.com.br\/blog\/5-dicas-incriveis-para-transformar-seu-espaco-com-verde\/"},"modified":"2025-05-29T21:01:34","modified_gmt":"2025-05-30T00:01:34","slug":"5-dicas-incriveis-para-transformar-seu-espaco-com-verde","status":"publish","type":"post","link":"https:\/\/www.aarquiteta.com.br\/blog\/5-dicas-incriveis-para-transformar-seu-espaco-com-verde\/","title":{"rendered":"5 Dicas Incr\u00edveis para Transformar Seu Espa\u00e7o com Verde"},"content":{"rendered":"<p>Voc\u00ea sabia que plantas podem transformar completamente seu espa\u00e7o? Neste artigo, vou te mostrar 5 dicas incr\u00edveis para incorporar verde na sua decora\u00e7\u00e3o.<\/p>\n<figure style=\"width: 1024px\" class=\"wp-caption aligncenter\"><img decoding=\"async\" src=\"https:\/\/www.aarquiteta.com.br\/blog\/wp-content\/uploads\/2025\/05\/01.jpg\" alt=\"https:\/\/www.lorddecor.com\/blog\/transform-your-home-how-greenery-enhances-indoor-and-outdoor-spaces\" width=\"1024\" height=\"1024\" title=\"\"><figcaption class=\"wp-caption-text\">https:\/\/www.lorddecor.com\/blog\/transform-your-home-how-greenery-enhances-indoor-and-outdoor-spaces<\/figcaption><\/figure>\n<h3>1. Escolha Plantas Adequadas<\/h3>\n<p>Comece escolhendo plantas que se ajustem ao seu ambiente. <b>Plantas como a espada-de-s\u00e3o-jorge<\/b> e a zamioculca s\u00e3o \u00f3timas para interiores. Elas n\u00e3o precisam de muita luz e s\u00e3o super f\u00e1ceis de cuidar.<\/p>\n<figure style=\"width: 1024px\" class=\"wp-caption aligncenter\"><img decoding=\"async\" src=\"https:\/\/www.aarquiteta.com.br\/blog\/wp-content\/uploads\/2025\/05\/02.jpg\" alt=\"https:\/\/www.lorddecor.com\/blog\/transform-your-home-how-greenery-enhances-indoor-and-outdoor-spaces\" width=\"1024\" height=\"1024\" title=\"\"><figcaption class=\"wp-caption-text\">https:\/\/www.lorddecor.com\/blog\/transform-your-home-how-greenery-enhances-indoor-and-outdoor-spaces<\/figcaption><\/figure>\n<h3>2. Crie um Cantinho Verde<\/h3>\n<p>Reserve um espa\u00e7o na sua casa para um verdadeiro <b>cantinho verde<\/b>. Pode ser uma estante cheia de vasos ou uma mesa com decora\u00e7\u00e3o bot\u00e2nica. Isso traz frescor e alegria ao ambiente.<\/p>\n<figure style=\"width: 1024px\" class=\"wp-caption aligncenter\"><img decoding=\"async\" src=\"https:\/\/www.aarquiteta.com.br\/blog\/wp-content\/uploads\/2025\/05\/03.jpg\" alt=\"https:\/\/www.lorddecor.com\/blog\/transform-your-home-how-greenery-enhances-indoor-and-outdoor-spaces\" width=\"1024\" height=\"1024\" title=\"\"><figcaption class=\"wp-caption-text\">https:\/\/www.lorddecor.com\/blog\/transform-your-home-how-greenery-enhances-indoor-and-outdoor-spaces<\/figcaption><\/figure>\n<h3>3. Invista em Jardins Verticais<\/h3>\n<p>Os <b>jardins verticais<\/b> est\u00e3o super em alta e s\u00e3o uma excelente forma de maximizar o uso do espa\u00e7o. Aproveite paredes para criar um jardim vertical, trazendo naturalidade e charme para qualquer c\u00f4modo.<\/p>\n<h3>4. Combine com Elementos Naturais<\/h3>\n<p>Para uma harmonia perfeita, <b>combine suas plantas com outros elementos naturais<\/b>. Utilize m\u00f3veis de madeira, tecidos em tons terrosos e ilumina\u00e7\u00e3o suave para criar um ambiente acolhedor e relaxante.<\/p>\n<h3>5. Cuidados e Manuten\u00e7\u00e3o<\/h3>\n<p>Manter suas plantas saud\u00e1veis \u00e9 essencial. <b>Regue-os regularmente<\/b>, mas sempre verifique a umidade da terra. Al\u00e9m disso, escolha substratos adequados e n\u00e3o esque\u00e7a de adubar a cada dois meses para um crescimento bonito!<\/p>\n<table>\n<tr>\n<th>Dica<\/th>\n<th>Descri\u00e7\u00e3o<\/th>\n<\/tr>\n<tr>\n<td>Escolha Plantas Adequadas<\/td>\n<td>Plantas como espada-de-s\u00e3o-jorge e zamioculca s\u00e3o ideais para interiores.<\/td>\n<\/tr>\n<tr>\n<td>Cantinho Verde<\/td>\n<td>Crie um espa\u00e7o dedicado a vasos e decora\u00e7\u00e3o bot\u00e2nica.<\/td>\n<\/tr>\n<tr>\n<td>Jardins Verticais<\/td>\n<td>Aproveite paredes para criar jardins verticais.<\/td>\n<\/tr>\n<tr>\n<td>Elementos Naturais<\/td>\n<td>Combine com m\u00f3veis de madeira e cores terrosas.<\/td>\n<\/tr>\n<tr>\n<td>Cuidados e Manuten\u00e7\u00e3o<\/td>\n<td>Regue, adube e escolha o substrato adequado.<\/td>\n<\/tr>\n<\/table>\n<p>Essas dicas s\u00e3o apenas o come\u00e7o para transformar sua decora\u00e7\u00e3o com verde! Se voc\u00ea gosta de natureza, porque n\u00e3o come\u00e7ar agora mesmo? <b>Explore a possibilidade de criar seu pr\u00f3prio espa\u00e7o verde<\/b> e compartilhe sua experi\u00eancia nos coment\u00e1rios. Vamos juntos tornar nossos lares mais saud\u00e1veis e bonitos!<\/p>\n<p><div class=\"youtube-embed\" data-video_id=\"a-oK-Svsr1k\"><iframe title=\"Tintas mais usadas e tend\u00eancias para 2025\" width=\"696\" height=\"392\" src=\"https:\/\/www.youtube.com\/embed\/a-oK-Svsr1k?feature=oembed&#038;enablejsapi=1\" frameborder=\"0\" allow=\"accelerometer; autoplay; clipboard-write; encrypted-media; gyroscope; picture-in-picture; web-share\" referrerpolicy=\"strict-origin-when-cross-origin\" allowfullscreen><\/iframe><\/div><\/p>\n","protected":false},"excerpt":{"rendered":"<p>5 Dicas Incr\u00edveis para Transformar Seu Espa\u00e7o com Verde<\/p>\n","protected":false},"author":102,"featured_media":152218,"comment_status":"open","ping_status":"","sticky":false,"template":"","format":"standard","meta":{"footnotes":""},"categories":[1484],"tags":[],"class_list":["post-152221","post","type-post","status-publish","format-standard","has-post-thumbnail","category-decoracao"],"_wp_attached_file":null,"_wp_attachment_metadata":null,"_wp_attachment_context":null,"_wp_attachment_is_custom_header":null,"geo_longitude":null,"geo_public":null,"geo_latitude":null,"_publicize_done_external":null,"_wpas_done_3897181":null,"publicize_twitter_user":null,"_wpas_done_3897175":null,"_wpas_skip_3897181":null,"_wpas_skip_3897175":null,"_wpas_skip_3924723":null,"_wpas_mess":null,"_wpas_done_3924723":null,"wps_subtitle":"","_links":{"self":[{"href":"https:\/\/www.aarquiteta.com.br\/blog\/wp-json\/wp\/v2\/posts\/152221","targetHints":{"allow":["GET"]}}],"collection":[{"href":"https:\/\/www.aarquiteta.com.br\/blog\/wp-json\/wp\/v2\/posts"}],"about":[{"href":"https:\/\/www.aarquiteta.com.br\/blog\/wp-json\/wp\/v2\/types\/post"}],"author":[{"embeddable":true,"href":"https:\/\/www.aarquiteta.com.br\/blog\/wp-json\/wp\/v2\/users\/102"}],"replies":[{"embeddable":true,"href":"https:\/\/www.aarquiteta.com.br\/blog\/wp-json\/wp\/v2\/comments?post=152221"}],"version-history":[{"count":0,"href":"https:\/\/www.aarquiteta.com.br\/blog\/wp-json\/wp\/v2\/posts\/152221\/revisions"}],"wp:featuredmedia":[{"embeddable":true,"href":"https:\/\/www.aarquiteta.com.br\/blog\/wp-json\/wp\/v2\/media\/152218"}],"wp:attachment":[{"href":"https:\/\/www.aarquiteta.com.br\/blog\/wp-json\/wp\/v2\/media?parent=152221"}],"wp:term":[{"taxonomy":"category","embeddable":true,"href":"https:\/\/www.aarquiteta.com.br\/blog\/wp-json\/wp\/v2\/categories?post=152221"},{"taxonomy":"post_tag","embeddable":true,"href":"https:\/\/www.aarquiteta.com.br\/blog\/wp-json\/wp\/v2\/tags?post=152221"}],"curies":[{"name":"wp","href":"https:\/\/api.w.org\/{rel}","templated":true}]}}