{"id":152158,"date":"2025-05-28T18:10:30","date_gmt":"2025-05-28T21:10:30","guid":{"rendered":"https:\/\/www.aarquiteta.com.br\/blog\/decoracao-com-fita-isolante\/"},"modified":"2025-05-28T18:10:30","modified_gmt":"2025-05-28T21:10:30","slug":"decoracao-com-fita-isolante","status":"publish","type":"post","link":"https:\/\/www.aarquiteta.com.br\/blog\/decoracao-com-fita-isolante\/","title":{"rendered":"Ideias Criativas para Decora\u00e7\u00e3o com Fita Isolante"},"content":{"rendered":"<p>Voc\u00ea j\u00e1 percebeu <b>como a fita isolante pode transformar sua decora\u00e7\u00e3o<\/b>? Essa op\u00e7\u00e3o criativa e acess\u00edvel est\u00e1 se tornando cada vez mais popular. Com ela, voc\u00ea pode criar arte nas paredes, dar um novo visual aos m\u00f3veis e personalizar ambientes de forma \u00fanica. Vamos explorar maneiras inspiradoras para usar fita isolante na sua decora\u00e7\u00e3o!<\/p>\n<h3>O que \u00e9 Tape Art?<\/h3>\n<figure style=\"width: 1024px\" class=\"wp-caption aligncenter\"><img decoding=\"async\" src=\"https:\/\/www.aarquiteta.com.br\/blog\/wp-content\/uploads\/2025\/05\/decoracao-com-fita-isolante-7-730x730.jpg\" alt=\"Vale apostar em fitas de cores diferentes para um visual ainda mais interessante\" title=\"\"><figcaption class=\"wp-caption-text\">Vale apostar em fitas de cores diferentes para um visual ainda mais interessante<\/figcaption><\/figure>\n<p>Em resumo, <b>tape art<\/b> \u00e9 uma forma de arte que utiliza fitas adesivas coloridas para criar desenhos e formas. \u00c9 uma tend\u00eancia que come\u00e7ou nas ruas e agora invade lares. A beleza deste tipo de decora\u00e7\u00e3o est\u00e1 em sua versatilidade e na liberdade de cria\u00e7\u00e3o. Voc\u00ea pode personalizar qualquer espa\u00e7o da maneira que desejar.<\/p>\n<h3>10 Ideias Criativas para Decora\u00e7\u00e3o com Fita Isolante<\/h3>\n<figure style=\"width: 1024px\" class=\"wp-caption aligncenter\"><img decoding=\"async\" src=\"https:\/\/www.aarquiteta.com.br\/blog\/wp-content\/uploads\/2025\/05\/decoracao-com-fita-isolante01.jpg\" alt=\"Decora\u00e7\u00e3o com Fita Isolante: 90 Inspira\u00e7\u00f5es para Fazer J\u00e1!\" width=\"1024\" height=\"1024\" title=\"\"><figcaption class=\"wp-caption-text\">Decora\u00e7\u00e3o com Fita Isolante: 90 Inspira\u00e7\u00f5es para Fazer J\u00e1!<\/figcaption><\/figure>\n<ul>\n<li><b>Desenhos geom\u00e9tricos<\/b>: Crie padr\u00f5es e formas nas paredes para um efeito contempor\u00e2neo.<\/li>\n<li><b>Silhuetas de animais<\/b>: Use fita preta para destacar a silhueta do seu animal favorito.<\/li>\n<li><b>Pain\u00e9is de cores<\/b>: Combine fitas de diferentes cores em pain\u00e9is para dar vida ao ambiente.<\/li>\n<li><b>Frases inspiradoras<\/b>: Escreva e destaque frases motivacionais na parede do seu home office.<\/li>\n<li><b>Cabeceira de cama<\/b>: Monte uma cabeceira estilizada apenas com fita isolante.<\/li>\n<li><b>Quadros decorativos<\/b>: Use a fita para emoldurar fotos e cria\u00e7\u00f5es art\u00edsticas.<\/li>\n<li><b>Ilumina\u00e7\u00e3o criativa<\/b>: Simule luzes de cidades com fita brilhante.<\/li>\n<li><b>Cozinha estilizada<\/b>: Transforme azulejos utilizando a fita para criar desenhos.<\/li>\n<li><b>Artes tridimensionais<\/b>: Crie efeitos de 3D com camadas de fita.<\/li>\n<li><b>Decora\u00e7\u00e3o para festas<\/b>: Use fitas para criar decora\u00e7\u00f5es tempor\u00e1rias e alegres para eventos.<\/li>\n<\/ul>\n<h3>Tabela Resumida de Ideias<\/h3>\n<figure style=\"width: 1024px\" class=\"wp-caption aligncenter\"><img decoding=\"async\" src=\"https:\/\/www.aarquiteta.com.br\/blog\/wp-content\/uploads\/2025\/05\/decoracao-com-fita-isolante-0.jpg\" alt=\"Decora\u00e7\u00e3o com fita isolante: 90 inspira\u00e7\u00f5es para fazer j\u00e1!\" title=\"\"><figcaption class=\"wp-caption-text\">Decora\u00e7\u00e3o com fita isolante: 90 inspira\u00e7\u00f5es para fazer j\u00e1!<\/figcaption><\/figure>\n<table border=\"1\">\n<tr>\n<th><b>Ideia<\/b><\/th>\n<th><b>Descri\u00e7\u00e3o<\/b><\/th>\n<\/tr>\n<tr>\n<td>Desenhos Geom\u00e9tricos<\/td>\n<td>Padr\u00f5es modernos nas paredes.<\/td>\n<\/tr>\n<tr>\n<td>Silhuetas de Animais<\/td>\n<td>Cria\u00e7\u00e3o de silhuetas com fita.<\/td>\n<\/tr>\n<tr>\n<td>Pain\u00e9is de Cores<\/td>\n<td>Combina\u00e7\u00f5es vibrantes na parede.<\/td>\n<\/tr>\n<tr>\n<td>Frases Inspiradoras<\/td>\n<td>Motiva\u00e7\u00e3o em forma de arte.<\/td>\n<\/tr>\n<tr>\n<td>Cabeceira de Cama<\/td>\n<td>Design estilizado com fita.<\/td>\n<\/tr>\n<\/table>\n<h3>Dicas Finais para Usar Fita Isolante<\/h3>\n<figure style=\"width: 1024px\" class=\"wp-caption aligncenter\"><img decoding=\"async\" src=\"https:\/\/www.aarquiteta.com.br\/blog\/wp-content\/uploads\/2025\/05\/decoracao-com-fita-isolante02.jpg\" alt=\"Decora\u00e7\u00e3o com Fita Isolante: 90 Inspira\u00e7\u00f5es para Fazer J\u00e1!\" width=\"1024\" height=\"1024\" title=\"\"><figcaption class=\"wp-caption-text\">Decora\u00e7\u00e3o com Fita Isolante: 90 Inspira\u00e7\u00f5es para Fazer J\u00e1!<\/figcaption><\/figure>\n<p>Antes de iniciar seu projeto, lembre-se de que <b>a aplica\u00e7\u00e3o da fita deve ser cuidadosa<\/b>. Garanta que a superf\u00edcie esteja limpa e lisa. Al\u00e9m disso, evite produtos de limpeza que possam descolar a fita. Aprender as t\u00e9cnicas b\u00e1sicas pode fazer toda a diferen\u00e7a na durabilidade da sua arte.<\/p>\n<p>Agora que voc\u00ea tem v\u00e1rias <b>ideias criativas<\/b> para aplicar a fita isolante, que tal colocar as m\u00e3os \u00e0 obra? Compartilhe sua experi\u00eancia ou as fotos do seu projeto nos coment\u00e1rios. Vamos trocar inspira\u00e7\u00f5es e deixar a decora\u00e7\u00e3o ainda mais divertida! Conhe\u00e7a tamb\u00e9m outros conte\u00fados no blog que podem te ajudar a deixar sua casa incr\u00edvel.<\/p>\n<figure style=\"width: 1024px\" class=\"wp-caption aligncenter\"><img decoding=\"async\" src=\"https:\/\/www.aarquiteta.com.br\/blog\/wp-content\/uploads\/2025\/05\/decoracao-com-fita-isolante-1-1.jpg\" alt=\"Combinando cores para um resultado lindo e delicado\" title=\"\"><figcaption class=\"wp-caption-text\">Combinando cores para um resultado lindo e delicado<\/figcaption><\/figure>\n<figure style=\"width: 1024px\" class=\"wp-caption aligncenter\"><img decoding=\"async\" src=\"https:\/\/www.aarquiteta.com.br\/blog\/wp-content\/uploads\/2025\/05\/decoracao-com-fita-isolante03.jpg\" alt=\"Decora\u00e7\u00e3o com Fita Isolante: 90 Inspira\u00e7\u00f5es para Fazer J\u00e1!\" width=\"1024\" height=\"1024\" title=\"\"><figcaption class=\"wp-caption-text\">Decora\u00e7\u00e3o com Fita Isolante: 90 Inspira\u00e7\u00f5es para Fazer J\u00e1!<\/figcaption><\/figure>\n<figure style=\"width: 1024px\" class=\"wp-caption aligncenter\"><img decoding=\"async\" src=\"https:\/\/www.aarquiteta.com.br\/blog\/wp-content\/uploads\/2025\/05\/decoracao-com-fita-isolante-2-730x913.jpg\" alt=\"A beleza est\u00e1 nos pequenos detalhes\" title=\"\"><figcaption class=\"wp-caption-text\">A beleza est\u00e1 nos pequenos detalhes<\/figcaption><\/figure>\n<figure style=\"width: 1024px\" class=\"wp-caption aligncenter\"><img decoding=\"async\" src=\"https:\/\/www.aarquiteta.com.br\/blog\/wp-content\/uploads\/2025\/05\/decoracao-com-fita-isolante4.jpg\" alt=\"Decora\u00e7\u00e3o com Fita Isolante: 90 Inspira\u00e7\u00f5es para Fazer J\u00e1!\" width=\"1024\" height=\"1024\" title=\"\"><figcaption class=\"wp-caption-text\">Decora\u00e7\u00e3o com Fita Isolante: 90 Inspira\u00e7\u00f5es para Fazer J\u00e1!<\/figcaption><\/figure>\n<figure style=\"width: 1024px\" class=\"wp-caption aligncenter\"><img decoding=\"async\" src=\"https:\/\/www.aarquiteta.com.br\/blog\/wp-content\/uploads\/2025\/05\/decoracao-com-fita-isolante-5.jpg\" alt=\"Uma decora\u00e7\u00e3o em zigue-zague f\u00e1cil de fazer\" title=\"\"><figcaption class=\"wp-caption-text\">Uma decora\u00e7\u00e3o em zigue-zague f\u00e1cil de fazer<\/figcaption><\/figure>\n<h3>Para se aprofundar mais sobre o tema, veja a minha recomenda\u00e7\u00e3o sobre o tema deste artigo no v\u00eddeo a seguir abaixo:<\/h3>\n<p><iframe title=\"YouTube video player\" src=\"https:\/\/www.youtube.com\/embed\/gHRkMnm5O-4\" width=\"560\" height=\"315\" frameborder=\"0\" allowfullscreen=\"allowfullscreen\"><\/iframe><\/p>\n<figure style=\"width: 1024px\" class=\"wp-caption aligncenter\"><img decoding=\"async\" src=\"https:\/\/www.aarquiteta.com.br\/blog\/wp-content\/uploads\/2025\/05\/decoracao-com-fita-isolante-6-730x730.jpg\" alt=\"Feito especialmente para encantar os pequenos\" title=\"\"><figcaption class=\"wp-caption-text\">Feito especialmente para encantar os pequenos<\/figcaption><\/figure>\n","protected":false},"excerpt":{"rendered":"<p>Voc\u00ea j\u00e1 percebeu como a fita isolante pode transformar sua decora\u00e7\u00e3o? Essa op\u00e7\u00e3o criativa e acess\u00edvel est\u00e1 se tornando cada vez mais popular. Com ela, voc\u00ea pode criar arte nas paredes, dar um novo visual aos m\u00f3veis e personalizar ambientes de forma \u00fanica. Vamos explorar maneiras inspiradoras para usar fita isolante na sua decora\u00e7\u00e3o! O [&hellip;]<\/p>\n","protected":false},"author":102,"featured_media":152151,"comment_status":"open","ping_status":"","sticky":false,"template":"","format":"standard","meta":{"footnotes":""},"categories":[1484],"tags":[],"class_list":["post-152158","post","type-post","status-publish","format-standard","has-post-thumbnail","category-decoracao"],"_wp_attached_file":null,"_wp_attachment_metadata":null,"_wp_attachment_context":null,"_wp_attachment_is_custom_header":null,"geo_longitude":null,"geo_public":null,"geo_latitude":null,"_publicize_done_external":null,"_wpas_done_3897181":null,"publicize_twitter_user":null,"_wpas_done_3897175":null,"_wpas_skip_3897181":null,"_wpas_skip_3897175":null,"_wpas_skip_3924723":null,"_wpas_mess":null,"_wpas_done_3924723":null,"wps_subtitle":"","_links":{"self":[{"href":"https:\/\/www.aarquiteta.com.br\/blog\/wp-json\/wp\/v2\/posts\/152158","targetHints":{"allow":["GET"]}}],"collection":[{"href":"https:\/\/www.aarquiteta.com.br\/blog\/wp-json\/wp\/v2\/posts"}],"about":[{"href":"https:\/\/www.aarquiteta.com.br\/blog\/wp-json\/wp\/v2\/types\/post"}],"author":[{"embeddable":true,"href":"https:\/\/www.aarquiteta.com.br\/blog\/wp-json\/wp\/v2\/users\/102"}],"replies":[{"embeddable":true,"href":"https:\/\/www.aarquiteta.com.br\/blog\/wp-json\/wp\/v2\/comments?post=152158"}],"version-history":[{"count":0,"href":"https:\/\/www.aarquiteta.com.br\/blog\/wp-json\/wp\/v2\/posts\/152158\/revisions"}],"wp:featuredmedia":[{"embeddable":true,"href":"https:\/\/www.aarquiteta.com.br\/blog\/wp-json\/wp\/v2\/media\/152151"}],"wp:attachment":[{"href":"https:\/\/www.aarquiteta.com.br\/blog\/wp-json\/wp\/v2\/media?parent=152158"}],"wp:term":[{"taxonomy":"category","embeddable":true,"href":"https:\/\/www.aarquiteta.com.br\/blog\/wp-json\/wp\/v2\/categories?post=152158"},{"taxonomy":"post_tag","embeddable":true,"href":"https:\/\/www.aarquiteta.com.br\/blog\/wp-json\/wp\/v2\/tags?post=152158"}],"curies":[{"name":"wp","href":"https:\/\/api.w.org\/{rel}","templated":true}]}}