{"id":152137,"date":"2025-05-28T12:01:29","date_gmt":"2025-05-28T15:01:29","guid":{"rendered":"https:\/\/www.aarquiteta.com.br\/blog\/principios-de-composicao-da-paisagem\/"},"modified":"2025-05-28T12:01:29","modified_gmt":"2025-05-28T15:01:29","slug":"principios-de-composicao-da-paisagem","status":"publish","type":"post","link":"https:\/\/www.aarquiteta.com.br\/blog\/principios-de-composicao-da-paisagem\/","title":{"rendered":"As 5 Melhores Estrat\u00e9gias Para Compor sua Paisagem"},"content":{"rendered":"<p>Vamos explorar as <b>5 melhores estrat\u00e9gias<\/b> para compor sua paisagem e deixar seu espa\u00e7o ao ar livre ainda mais bonito.<\/p>\n<figure style=\"width: 1024px\" class=\"wp-caption aligncenter\"><img decoding=\"async\" src=\"https:\/\/www.aarquiteta.com.br\/blog\/wp-content\/uploads\/2025\/05\/principios-de-composicao-da-paisagem-01.jpg\" alt=\"https:\/\/www.jardineiro.net\/principios-de-composicao-da-paisagem.html\" width=\"1024\" height=\"1024\" title=\"\"><figcaption class=\"wp-caption-text\">https:\/\/www.jardineiro.net\/principios-de-composicao-da-paisagem.html<\/figcaption><\/figure>\n<h3>1. Mensagem e Emo\u00e7\u00e3o<\/h3>\n<p>Em cada jardim, deve existir uma <b>mensagem<\/b> que transpare\u00e7a emo\u00e7\u00e3o. Ao escolher elementos, lembre-se que eles precisam despertar sensa\u00e7\u00f5es diferentes, atrav\u00e9s de <b>cores, formas e texturas<\/b>. Um jardim que fala com o cora\u00e7\u00e3o \u00e9 certamente inesquec\u00edvel!<\/p>\n<figure style=\"width: 1024px\" class=\"wp-caption aligncenter\"><img decoding=\"async\" src=\"https:\/\/www.aarquiteta.com.br\/blog\/wp-content\/uploads\/2025\/05\/principios-de-composicao-da-paisagem-02.jpg\" alt=\"https:\/\/www.jardineiro.net\/principios-de-composicao-da-paisagem.html\" width=\"1024\" height=\"1024\" title=\"\"><figcaption class=\"wp-caption-text\">https:\/\/www.jardineiro.net\/principios-de-composicao-da-paisagem.html<\/figcaption><\/figure>\n<h3>2. Unidade e Variedade<\/h3>\n<p>A <b>unidade<\/b> \u00e9 fundamental em qualquer composi\u00e7\u00e3o. Isso significa que todos os elementos devem se conversar, criando uma harmonia visual. No entanto, \u00e9 preciso tamb\u00e9m ter <b>variedade<\/b>. Um equil\u00edbrio saud\u00e1vel entre esses fatores traz vida ao espa\u00e7o.<\/p>\n<figure style=\"width: 1024px\" class=\"wp-caption aligncenter\"><img decoding=\"async\" src=\"https:\/\/www.aarquiteta.com.br\/blog\/wp-content\/uploads\/2025\/05\/principios-de-composicao-da-paisagem-03.jpg\" alt=\"https:\/\/www.jardineiro.net\/principios-de-composicao-da-paisagem.html\" width=\"1024\" height=\"1024\" title=\"\"><figcaption class=\"wp-caption-text\">https:\/\/www.jardineiro.net\/principios-de-composicao-da-paisagem.html<\/figcaption><\/figure>\n<h3>3. Propor\u00e7\u00e3o Harm\u00f4nica<\/h3>\n<p>A <b>propor\u00e7\u00e3o<\/b> diz respeito ao tamanho dos elementos em rela\u00e7\u00e3o ao todo. Para isso, \u00e9 importante que os objetos tenham medidas compat\u00edveis, proporcionando <b>equil\u00edbrio visual<\/b> e evitando aquela sensa\u00e7\u00e3o de &#8220;desconforto&#8221; na composi\u00e7\u00e3o.<\/p>\n<h3>4. Ritmo na Composi\u00e7\u00e3o<\/h3>\n<p>Imagine um jardim onde o olhar flui tranquilo. O <b>ritmo<\/b> pode ser alcan\u00e7ado atrav\u00e9s da repeti\u00e7\u00e3o de formas e cores. Essa <b>din\u00e2mica visual<\/b> facilita a percep\u00e7\u00e3o de diferentes \u00e1reas dentro do espa\u00e7o, tornando tudo mais coerente e agrad\u00e1vel.<\/p>\n<h3>5. Centro de Interesse<\/h3>\n<p>Todo espa\u00e7o deve ter um <b>centro de interesse<\/b>, algo que chame a aten\u00e7\u00e3o do observador. Pode ser uma planta imponente ou uma fonte surpreendente. O segredo \u00e9 planejar para que esse elemento se destaque, sem criar confus\u00e3o com outros pontos de interesse.<\/p>\n<table>\n<tr>\n<th>Estrat\u00e9gia<\/th>\n<th>Descri\u00e7\u00e3o<\/th>\n<\/tr>\n<tr>\n<td>Mensagem e Emo\u00e7\u00e3o<\/td>\n<td>Criar emo\u00e7\u00f5es atrav\u00e9s das escolhas de elementos<\/td>\n<\/tr>\n<tr>\n<td>Unidade e Variedade<\/td>\n<td>Elementos que se comunicam em harmonia<\/td>\n<\/tr>\n<tr>\n<td>Propor\u00e7\u00e3o Harm\u00f4nica<\/td>\n<td>Rela\u00e7\u00e3o adequada entre tamanhos dos elementos<\/td>\n<\/tr>\n<tr>\n<td>Ritmo na Composi\u00e7\u00e3o<\/td>\n<td>Cria\u00e7\u00e3o de fluxo visual atrav\u00e9s de repeti\u00e7\u00f5es<\/td>\n<\/tr>\n<tr>\n<td>Centro de Interesse<\/td>\n<td>Elemento que destaca e atrai a aten\u00e7\u00e3o<\/td>\n<\/tr>\n<\/table>\n<p>Essas <b>estrat\u00e9gias<\/b> ajudam a transformar qualquer \u00e1rea externa em um verdadeiro para\u00edso. Ao implementar essas dicas, voc\u00ea ver\u00e1 seu espa\u00e7o ganhar vida.<\/p>\n<p>Agora, que tal aplicar essas ideias e come\u00e7ar a criar? Me conte como foi sua experi\u00eancia e compartilhe suas fotos. Vamos juntos em busca de um jardim incr\u00edvel!<\/p>\n<p>https:\/\/www.youtube.com\/watch?v=<\/p>\n","protected":false},"excerpt":{"rendered":"<p>As 5 Melhores Estrat\u00e9gias Para Compor sua Paisagem<\/p>\n","protected":false},"author":102,"featured_media":152134,"comment_status":"open","ping_status":"","sticky":false,"template":"","format":"standard","meta":{"footnotes":""},"categories":[9612],"tags":[],"class_list":["post-152137","post","type-post","status-publish","format-standard","has-post-thumbnail","category-jardinagem"],"_wp_attached_file":null,"_wp_attachment_metadata":null,"_wp_attachment_context":null,"_wp_attachment_is_custom_header":null,"geo_longitude":null,"geo_public":null,"geo_latitude":null,"_publicize_done_external":null,"_wpas_done_3897181":null,"publicize_twitter_user":null,"_wpas_done_3897175":null,"_wpas_skip_3897181":null,"_wpas_skip_3897175":null,"_wpas_skip_3924723":null,"_wpas_mess":null,"_wpas_done_3924723":null,"wps_subtitle":"","_links":{"self":[{"href":"https:\/\/www.aarquiteta.com.br\/blog\/wp-json\/wp\/v2\/posts\/152137","targetHints":{"allow":["GET"]}}],"collection":[{"href":"https:\/\/www.aarquiteta.com.br\/blog\/wp-json\/wp\/v2\/posts"}],"about":[{"href":"https:\/\/www.aarquiteta.com.br\/blog\/wp-json\/wp\/v2\/types\/post"}],"author":[{"embeddable":true,"href":"https:\/\/www.aarquiteta.com.br\/blog\/wp-json\/wp\/v2\/users\/102"}],"replies":[{"embeddable":true,"href":"https:\/\/www.aarquiteta.com.br\/blog\/wp-json\/wp\/v2\/comments?post=152137"}],"version-history":[{"count":0,"href":"https:\/\/www.aarquiteta.com.br\/blog\/wp-json\/wp\/v2\/posts\/152137\/revisions"}],"wp:featuredmedia":[{"embeddable":true,"href":"https:\/\/www.aarquiteta.com.br\/blog\/wp-json\/wp\/v2\/media\/152134"}],"wp:attachment":[{"href":"https:\/\/www.aarquiteta.com.br\/blog\/wp-json\/wp\/v2\/media?parent=152137"}],"wp:term":[{"taxonomy":"category","embeddable":true,"href":"https:\/\/www.aarquiteta.com.br\/blog\/wp-json\/wp\/v2\/categories?post=152137"},{"taxonomy":"post_tag","embeddable":true,"href":"https:\/\/www.aarquiteta.com.br\/blog\/wp-json\/wp\/v2\/tags?post=152137"}],"curies":[{"name":"wp","href":"https:\/\/api.w.org\/{rel}","templated":true}]}}