{"id":152121,"date":"2025-05-27T19:25:33","date_gmt":"2025-05-27T22:25:33","guid":{"rendered":"https:\/\/www.aarquiteta.com.br\/blog\/parede-geometrica-3\/"},"modified":"2025-05-27T19:25:33","modified_gmt":"2025-05-27T22:25:33","slug":"parede-geometrica-3","status":"publish","type":"post","link":"https:\/\/www.aarquiteta.com.br\/blog\/parede-geometrica-3\/","title":{"rendered":"Inspira\u00e7\u00f5es para Decorar Seu Espa\u00e7o com Parede Geom\u00e9trica"},"content":{"rendered":"<p>Voc\u00ea quer dar um toque especial na sua casa? A <b>parede geom\u00e9trica<\/b> \u00e9 a solu\u00e7\u00e3o perfeita! Vamos explorar diversas <b>inspira\u00e7\u00f5es<\/b> que v\u00e3o transformar seu espa\u00e7o com estilo e personalidade.<\/p>\n<p>A parede geom\u00e9trica se tornou uma das tend\u00eancias mais procuradas na <b>decora\u00e7\u00e3o de interiores<\/b>. Al\u00e9m de ser uma op\u00e7\u00e3o econ\u00f4mica, essa t\u00e9cnica traz um ar moderno e vibrante para qualquer ambiente. Dizer adeus ao comum e se jogar nas formas geom\u00e9tricas \u00e9 a proposta da vez!<\/p>\n<p>Seja voc\u00ea um amante de cores ou mais discreto, as op\u00e7\u00f5es s\u00e3o infinitas. Escolha o seu estilo, as suas cores e transforme o seu espa\u00e7o do zero. Vamos conferir?<\/p>\n<h3>Vantagens de Usar Parede Geom\u00e9trica<\/h3>\n<figure style=\"width: 1024px\" class=\"wp-caption aligncenter\"><img decoding=\"async\" src=\"https:\/\/www.aarquiteta.com.br\/blog\/wp-content\/uploads\/2025\/05\/parede-geometrica-3.jpg\" alt=\"Uso de cores contrastantes para demarcar \u00e1reas no ambiente.\" title=\"\"><figcaption class=\"wp-caption-text\">Uso de cores contrastantes para demarcar \u00e1reas no ambiente.<\/figcaption><\/figure>\n<ul>\n<li><b>Custo-efetivo:<\/b> Um jeito simples de renovar o ambiente sem gastar muito.<\/li>\n<li><b>Versatilidade:<\/b> Funciona em qualquer c\u00f4modo, como sala, quarto ou escrit\u00f3rio.<\/li>\n<li><b>Este estilo \u00e9 \u00fanico:<\/b> Cada projeto pode ser criado de acordo com o gosto pessoal.<\/li>\n<\/ul>\n<h3>Estilos de Parede Geom\u00e9trica para Te Inspirar<\/h3>\n<figure style=\"width: 1024px\" class=\"wp-caption aligncenter\"><img decoding=\"async\" src=\"https:\/\/www.aarquiteta.com.br\/blog\/wp-content\/uploads\/2025\/05\/parede-geometrica01.jpg\" alt=\"Parede Geom\u00e9trica: 70 Inspira\u00e7\u00f5es para Decorar Seu Canto\" width=\"1024\" height=\"1024\" title=\"\"><figcaption class=\"wp-caption-text\">Parede Geom\u00e9trica: 70 Inspira\u00e7\u00f5es para Decorar Seu Canto<\/figcaption><\/figure>\n<p>Veja algumas ideias criativas:<\/p>\n<ol>\n<li><b>Mosaico de Tri\u00e2ngulos:<\/b> Tri\u00e2ngulos de cores diferentes para uma parede animada.<\/li>\n<li><b>Formas 3D:<\/b> Crie um efeito tridimensional utilizando uma combina\u00e7\u00e3o de cores.<\/li>\n<li><b>Parede Vertical:<\/b> Uma demarca\u00e7\u00e3o vertical com cores marcantes para dar profundidade.<\/li>\n<\/ol>\n<h3>Tabela Resumo das Ideias<\/h3>\n<figure style=\"width: 1024px\" class=\"wp-caption aligncenter\"><img decoding=\"async\" src=\"https:\/\/www.aarquiteta.com.br\/blog\/wp-content\/uploads\/2025\/05\/parede-geometrica-0.jpg\" alt=\"Parede geom\u00e9trica em cores vibrantes e diferentes formatos para decorar o ambiente.\" title=\"\"><figcaption class=\"wp-caption-text\">Parede geom\u00e9trica em cores vibrantes e diferentes formatos para decorar o ambiente.<\/figcaption><\/figure>\n<table>\n<tr>\n<th>Estilo<\/th>\n<th>Descri\u00e7\u00e3o<\/th>\n<\/tr>\n<tr>\n<td>Mosaico<\/td>\n<td>Tri\u00e2ngulos com m\u00faltiplas cores.<\/td>\n<\/tr>\n<tr>\n<td>Formas 3D<\/td>\n<td>Efeito tridimensional com tonalidades.<\/td>\n<\/tr>\n<tr>\n<td>Parede Vertical<\/td>\n<td>Demarca\u00e7\u00e3o com cores que se destacam.<\/td>\n<\/tr>\n<\/table>\n<h3>Dicas para Come\u00e7ar Seu Projeto<\/h3>\n<figure style=\"width: 1024px\" class=\"wp-caption aligncenter\"><img decoding=\"async\" src=\"https:\/\/www.aarquiteta.com.br\/blog\/wp-content\/uploads\/2025\/05\/parede-geometrica02.jpg\" alt=\"Parede Geom\u00e9trica: 70 Inspira\u00e7\u00f5es para Decorar Seu Canto\" width=\"1024\" height=\"1024\" title=\"\"><figcaption class=\"wp-caption-text\">Parede Geom\u00e9trica: 70 Inspira\u00e7\u00f5es para Decorar Seu Canto<\/figcaption><\/figure>\n<ul>\n<li><b>Escolha de Cores:<\/b> Combine tons que harmonizem com a mob\u00edlia.<\/li>\n<li><b>Planejamento:<\/b> Desenhe o projeto antes de come\u00e7ar a pintura.<\/li>\n<li><b>Materiais Necess\u00e1rios:<\/b> Fita crepe, pinc\u00e9is e tintas s\u00e3o essenciais.<\/li>\n<\/ul>\n<p>Gostou do que viu? A <b>parede geom\u00e9trica<\/b> \u00e9 uma maneira incr\u00edvel de adicionar um toque pessoal \u00e0 sua casa. N\u00e3o tenha medo de ousar e testar novos estilos!<\/p>\n<p>Ficou animado para come\u00e7ar sua transforma\u00e7\u00e3o? Comente abaixo o que achou das inspira\u00e7\u00f5es e compartilhe suas experi\u00eancias. Para mais dicas, continue navegando!<\/p>\n<figure style=\"width: 1024px\" class=\"wp-caption aligncenter\"><img decoding=\"async\" src=\"https:\/\/www.aarquiteta.com.br\/blog\/wp-content\/uploads\/2025\/05\/decoracao-faca-voce-mesmo-capa0-286x160.png\" alt=\"Design geom\u00e9trico em branco e azul, trazendo modernidade ao espa\u00e7o.\" title=\"\"><figcaption class=\"wp-caption-text\">Design geom\u00e9trico em branco e azul, trazendo modernidade ao espa\u00e7o.<\/figcaption><\/figure>\n<figure style=\"width: 1024px\" class=\"wp-caption aligncenter\"><img decoding=\"async\" src=\"https:\/\/www.aarquiteta.com.br\/blog\/wp-content\/uploads\/2025\/05\/parede-geometrica03.jpg\" alt=\"Parede Geom\u00e9trica: 70 Inspira\u00e7\u00f5es para Decorar Seu Canto\" width=\"1024\" height=\"1024\" title=\"\"><figcaption class=\"wp-caption-text\">Parede Geom\u00e9trica: 70 Inspira\u00e7\u00f5es para Decorar Seu Canto<\/figcaption><\/figure>\n<figure style=\"width: 1024px\" class=\"wp-caption aligncenter\"><img decoding=\"async\" src=\"https:\/\/www.aarquiteta.com.br\/blog\/wp-content\/uploads\/2025\/05\/salas-modernas-00-286x160.png\" alt=\"Salas modernas com toques geom\u00e9tricos nas paredes.\" title=\"\"><figcaption class=\"wp-caption-text\">Salas modernas com toques geom\u00e9tricos nas paredes.<\/figcaption><\/figure>\n<figure style=\"width: 1024px\" class=\"wp-caption aligncenter\"><img decoding=\"async\" src=\"https:\/\/www.aarquiteta.com.br\/blog\/wp-content\/uploads\/2025\/05\/parede-geometrica4.jpg\" alt=\"Parede Geom\u00e9trica: 70 Inspira\u00e7\u00f5es para Decorar Seu Canto\" width=\"1024\" height=\"1024\" title=\"\"><figcaption class=\"wp-caption-text\">Parede Geom\u00e9trica: 70 Inspira\u00e7\u00f5es para Decorar Seu Canto<\/figcaption><\/figure>\n<figure style=\"width: 1024px\" class=\"wp-caption aligncenter\"><img decoding=\"async\" src=\"https:\/\/www.aarquiteta.com.br\/blog\/wp-content\/uploads\/2025\/05\/rosa-millennial-0-286x160.png\" alt=\"Parede com rosa millennial, uma das cores queridinhas do momento.\" title=\"\"><figcaption class=\"wp-caption-text\">Parede com rosa millennial, uma das cores queridinhas do momento.<\/figcaption><\/figure>\n<h3>Para se aprofundar mais sobre o tema, veja a minha recomenda\u00e7\u00e3o sobre o tema deste artigo no v\u00eddeo a seguir abaixo:<\/h3>\n<p><iframe title=\"YouTube video player\" src=\"https:\/\/www.youtube.com\/embed\/uA2CRGaffYg\" width=\"560\" height=\"315\" frameborder=\"0\" allowfullscreen=\"allowfullscreen\"><\/iframe><\/p>\n<figure style=\"width: 1024px\" class=\"wp-caption aligncenter\"><img decoding=\"async\" src=\"https:\/\/www.aarquiteta.com.br\/blog\/wp-content\/uploads\/2025\/05\/parede-geometrica-2.jpg\" alt=\"Parede geom\u00e9trica colorida com figuras diferentes.\" title=\"\"><figcaption class=\"wp-caption-text\">Parede geom\u00e9trica colorida com figuras diferentes.<\/figcaption><\/figure>\n","protected":false},"excerpt":{"rendered":"<p>Voc\u00ea quer dar um toque especial na sua casa? A parede geom\u00e9trica \u00e9 a solu\u00e7\u00e3o perfeita! Vamos explorar diversas inspira\u00e7\u00f5es que v\u00e3o transformar seu espa\u00e7o com estilo e personalidade. A parede geom\u00e9trica se tornou uma das tend\u00eancias mais procuradas na decora\u00e7\u00e3o de interiores. Al\u00e9m de ser uma op\u00e7\u00e3o econ\u00f4mica, essa t\u00e9cnica traz um ar moderno [&hellip;]<\/p>\n","protected":false},"author":102,"featured_media":152114,"comment_status":"open","ping_status":"","sticky":false,"template":"","format":"standard","meta":{"footnotes":""},"categories":[1484],"tags":[],"class_list":["post-152121","post","type-post","status-publish","format-standard","has-post-thumbnail","category-decoracao"],"_wp_attached_file":null,"_wp_attachment_metadata":null,"_wp_attachment_context":null,"_wp_attachment_is_custom_header":null,"geo_longitude":null,"geo_public":null,"geo_latitude":null,"_publicize_done_external":null,"_wpas_done_3897181":null,"publicize_twitter_user":null,"_wpas_done_3897175":null,"_wpas_skip_3897181":null,"_wpas_skip_3897175":null,"_wpas_skip_3924723":null,"_wpas_mess":null,"_wpas_done_3924723":null,"wps_subtitle":"","_links":{"self":[{"href":"https:\/\/www.aarquiteta.com.br\/blog\/wp-json\/wp\/v2\/posts\/152121","targetHints":{"allow":["GET"]}}],"collection":[{"href":"https:\/\/www.aarquiteta.com.br\/blog\/wp-json\/wp\/v2\/posts"}],"about":[{"href":"https:\/\/www.aarquiteta.com.br\/blog\/wp-json\/wp\/v2\/types\/post"}],"author":[{"embeddable":true,"href":"https:\/\/www.aarquiteta.com.br\/blog\/wp-json\/wp\/v2\/users\/102"}],"replies":[{"embeddable":true,"href":"https:\/\/www.aarquiteta.com.br\/blog\/wp-json\/wp\/v2\/comments?post=152121"}],"version-history":[{"count":0,"href":"https:\/\/www.aarquiteta.com.br\/blog\/wp-json\/wp\/v2\/posts\/152121\/revisions"}],"wp:featuredmedia":[{"embeddable":true,"href":"https:\/\/www.aarquiteta.com.br\/blog\/wp-json\/wp\/v2\/media\/152114"}],"wp:attachment":[{"href":"https:\/\/www.aarquiteta.com.br\/blog\/wp-json\/wp\/v2\/media?parent=152121"}],"wp:term":[{"taxonomy":"category","embeddable":true,"href":"https:\/\/www.aarquiteta.com.br\/blog\/wp-json\/wp\/v2\/categories?post=152121"},{"taxonomy":"post_tag","embeddable":true,"href":"https:\/\/www.aarquiteta.com.br\/blog\/wp-json\/wp\/v2\/tags?post=152121"}],"curies":[{"name":"wp","href":"https:\/\/api.w.org\/{rel}","templated":true}]}}