{"id":152077,"date":"2025-05-27T17:14:06","date_gmt":"2025-05-27T20:14:06","guid":{"rendered":"https:\/\/www.aarquiteta.com.br\/blog\/reflexoes-sobre-a-carreira-de-arquiteto-na-juventude\/"},"modified":"2025-05-27T17:14:06","modified_gmt":"2025-05-27T20:14:06","slug":"reflexoes-sobre-a-carreira-de-arquiteto-na-juventude","status":"publish","type":"post","link":"https:\/\/www.aarquiteta.com.br\/blog\/reflexoes-sobre-a-carreira-de-arquiteto-na-juventude\/","title":{"rendered":"Reflex\u00f5es sobre a carreira de arquiteto na juventude"},"content":{"rendered":"<p>Na adolesc\u00eancia, muitos jovens sonham em seguir carreiras brilhantes. A arquitetura \u00e9 uma delas. Por\u00e9m, o caminho para se tornar um arquiteto pode ser repleto de desafios e descobertas.<\/p>\n<h3>Como a Arquitetura se Revela na Juventude?<\/h3>\n<figure style=\"width: 1024px\" class=\"wp-caption aligncenter\"><img decoding=\"async\" src=\"https:\/\/www.aarquiteta.com.br\/blog\/wp-content\/uploads\/2025\/05\/BBorson-and-AHawkins-signature.jpg\" alt=\"Assinatura de Bob Borson e Andrew Hawkins.\" title=\"\"><figcaption class=\"wp-caption-text\">Assinatura de Bob Borson e Andrew Hawkins.<\/figcaption><\/figure>\n<p>Desde pequenos, as crian\u00e7as t\u00eam o desejo de ser muitas coisas, como astronautas ou bombeiros. Para alguns, a ideia de ser <b>arquiteto<\/b> surge cedo. A paix\u00e3o por criar e construir se manifesta por meio de brincadeiras com <b>Legos<\/b> ou desenhos simples em papel.<\/p>\n<p>Contudo, nem todos percebem essa voca\u00e7\u00e3o t\u00e3o rapidamente. <b>Andrew Hawkins<\/b>, por exemplo, s\u00f3 decidiu se tornar arquiteto na faculdade, ap\u00f3s experimentar diversas op\u00e7\u00f5es. Essa flexibilidade \u00e9 comum entre os jovens, que muitas vezes exploram suas habilidades antes de se comprometer com uma carreira.<\/p>\n<h3>A Import\u00e2ncia da Educa\u00e7\u00e3o na Arquitetura<\/h3>\n<figure style=\"width: 1024px\" class=\"wp-caption aligncenter\"><img decoding=\"async\" src=\"https:\/\/www.aarquiteta.com.br\/blog\/wp-content\/uploads\/2025\/05\/quando-eu-crescer-arquitetura01.jpg\" alt=\"Quando eu crescer: Reflex\u00f5es sobre a profiss\u00e3o de arquiteto\" width=\"1024\" height=\"1024\" title=\"\"><figcaption class=\"wp-caption-text\">Quando eu crescer: Reflex\u00f5es sobre a profiss\u00e3o de arquiteto<\/figcaption><\/figure>\n<p>A jornada educacional na arquitetura pode ser surpreendente. Na faculdade, os estudantes se deparam com <b>desafios criativos<\/b> e t\u00e9cnicos. O que para muitos era apenas um sonho infantil, agora se torna uma realidade.<\/p>\n<p>Um momento crucial \u00e9 quando se percebe a responsabilidade de construir. Durante as aulas, muitos enfrentam um <b>choque de realidade<\/b>. Ao se compararem com colegas talentosos, pode surgir a inseguran\u00e7a. Contudo, essa fase de amadurecimento \u00e9 fundamental para criar resili\u00eancia.<\/p>\n<h3>Momentos de Reflex\u00e3o Durante a Forma\u00e7\u00e3o<\/h3>\n<figure style=\"width: 1024px\" class=\"wp-caption aligncenter\"><img decoding=\"async\" src=\"https:\/\/www.aarquiteta.com.br\/blog\/wp-content\/uploads\/2025\/05\/Bob-Borson-Christmas-Morning.jpg\" alt=\"Bob Borson em uma manh\u00e3 de Natal.\" title=\"\"><figcaption class=\"wp-caption-text\">Bob Borson em uma manh\u00e3 de Natal.<\/figcaption><\/figure>\n<p>O que acontece quando a realidade escolar n\u00e3o atende \u00e0s expectativas? Essa \u00e9 uma quest\u00e3o que muitos arquitetos enfrentam. A press\u00e3o para ter um bom desempenho e a liberdade rec\u00e9m-descoberta podem levar a um <b>conflito interno<\/b>.<\/p>\n<p>Diante desse dilema, \u00e9 vital reavaliar prioridades e encontrar um novo foco. Aprender a equilibrar liberdade e responsabilidade pode ser transformador. Muitos, como a experi\u00eancia de <b>Bob Borson<\/b>, entendem que essa fase \u00e9 um passo importante para o desenvolvimento pessoal.<\/p>\n<h3>A Primeira Oportunidade de Trabalho no Setor<\/h3>\n<figure style=\"width: 1024px\" class=\"wp-caption aligncenter\"><img decoding=\"async\" src=\"https:\/\/www.aarquiteta.com.br\/blog\/wp-content\/uploads\/2025\/05\/quando-eu-crescer-arquitetura02.jpg\" alt=\"Quando eu crescer: Reflex\u00f5es sobre a profiss\u00e3o de arquiteto\" width=\"1024\" height=\"1024\" title=\"\"><figcaption class=\"wp-caption-text\">Quando eu crescer: Reflex\u00f5es sobre a profiss\u00e3o de arquiteto<\/figcaption><\/figure>\n<p>Ap\u00f3s a gradua\u00e7\u00e3o, muitos se deparam com a realidade do mercado de trabalho. A <b>primeira experi\u00eancia profissional<\/b> pode ser desafiadora, especialmente se a oferta de emprego n\u00e3o se alinha com as expectativas.<\/p>\n<p>Trabalhar em uma <b>pequena empresa<\/b> pode oferecer uma valiosa experi\u00eancia pr\u00e1tica. \u00c9 o momento de aprender fazendo, de descobrir habilidades que n\u00e3o eram evidentes durante os estudos. Para muitos, os primeiros empregos revelam um mundo de possibilidades al\u00e9m do design.<\/p>\n<h3>Explorando Novos Caminhos na Vida Profissional<\/h3>\n<figure style=\"width: 1024px\" class=\"wp-caption aligncenter\"><img decoding=\"async\" src=\"https:\/\/www.aarquiteta.com.br\/blog\/wp-content\/uploads\/2025\/05\/Bob-Borson-University-of-Texas-Architecture-Studio.jpg\" alt=\"Bob Borson no est\u00fadio de arquitetura da Universidade do Texas.\" title=\"\"><figcaption class=\"wp-caption-text\">Bob Borson no est\u00fadio de arquitetura da Universidade do Texas.<\/figcaption><\/figure>\n<p>Ap\u00f3s a primeira experi\u00eancia de trabalho, surge a pergunta: &#8220;O que vem a seguir?&#8221;. Essa pausa para reflex\u00e3o muitas vezes leva \u00e0 <b>explora\u00e7\u00e3o de novas \u00e1reas<\/b> dentro da arquitetura, como gest\u00e3o de projetos ou especializa\u00e7\u00f5es t\u00e9cnicas.<\/p>\n<p>A jornada de cada um \u00e9 \u00fanica e muitas vezes cheia de surpresas. O que parecia certo na juventude pode mudar drasticamente. <b>Andrew<\/b>, por exemplo, se despojou da ideia de ser um arquiteto tradicional para se tornar um professor universit\u00e1rio, um grande desvio de sua trajet\u00f3ria esperada.<\/p>\n<h3>A Evolu\u00e7\u00e3o da Carreira ao Longo do Tempo<\/h3>\n<figure style=\"width: 1024px\" class=\"wp-caption aligncenter\"><img decoding=\"async\" src=\"https:\/\/www.aarquiteta.com.br\/blog\/wp-content\/uploads\/2025\/05\/quando-eu-crescer-arquitetura03.jpg\" alt=\"Quando eu crescer: Reflex\u00f5es sobre a profiss\u00e3o de arquiteto\" width=\"1024\" height=\"1024\" title=\"\"><figcaption class=\"wp-caption-text\">Quando eu crescer: Reflex\u00f5es sobre a profiss\u00e3o de arquiteto<\/figcaption><\/figure>\n<p>Conforme os profissionais amadurecem, suas carreiras tamb\u00e9m evoluem. <b>Mudan\u00e7as de rumo<\/b> s\u00e3o frequentemente inevit\u00e1veis. Durante a vida profissional, \u00e9 essencial estar aberto a novas atividades e desafios.<\/p>\n<p>Essa adapta\u00e7\u00e3o \u00e9 o que garante um crescimento cont\u00ednuo. A capacidade de <b>reconhecer oportunidades<\/b> e se reinventar pode fazer toda a diferen\u00e7a. Encaminhar-se para pap\u00e9is que n\u00e3o foram inicialmente considerados pode levar a experi\u00eancias muito interessantes e enriquecedoras.<\/p>\n<h3>Tabela Resumo da Carreira de Arquiteto<\/h3>\n<figure style=\"width: 1024px\" class=\"wp-caption aligncenter\"><img decoding=\"async\" src=\"https:\/\/www.aarquiteta.com.br\/blog\/wp-content\/uploads\/2025\/05\/Andrew-as-Firefighter.jpg\" alt=\"Andrew como bombeiro.\" title=\"\"><figcaption class=\"wp-caption-text\">Andrew como bombeiro.<\/figcaption><\/figure>\n<table>\n<tr>\n<th>Fase<\/th>\n<th>Descobertas<\/th>\n<th>Desafios<\/th>\n<th>Oportunidades<\/th>\n<\/tr>\n<tr>\n<td>Inf\u00e2ncia<\/td>\n<td>Brincadeiras criativas<\/td>\n<td>Falta de clareza na voca\u00e7\u00e3o<\/td>\n<td>Explora\u00e7\u00e3o de interesses variados<\/td>\n<\/tr>\n<tr>\n<td>Faculdade<\/td>\n<td>Desenvolvimento de habilidades<\/td>\n<td>Press\u00e3o e inseguran\u00e7a<\/td>\n<td>Maturidade e crescimento pessoal<\/td>\n<\/tr>\n<tr>\n<td>In\u00edcio de Carreira<\/td>\n<td>Experi\u00eancia pr\u00e1tica<\/td>\n<td>Expectativas vs. Realidade<\/td>\n<td>Descoberta de novas habilidades<\/td>\n<\/tr>\n<tr>\n<td>Desenvolvimento Cont\u00ednuo<\/td>\n<td>Redefini\u00e7\u00e3o de objetivos<\/td>\n<td>Adapta\u00e7\u00e3o a novos pap\u00e9is<\/td>\n<td>Possibilidades al\u00e9m do design<\/td>\n<\/tr>\n<\/table>\n<h3>O Que Esperar no Futuro da Arquitetura?<\/h3>\n<figure style=\"width: 1024px\" class=\"wp-caption aligncenter\"><img decoding=\"async\" src=\"https:\/\/www.aarquiteta.com.br\/blog\/wp-content\/uploads\/2025\/05\/quando-eu-crescer-arquitetura4.jpg\" alt=\"Quando eu crescer: Reflex\u00f5es sobre a profiss\u00e3o de arquiteto\" width=\"1024\" height=\"1024\" title=\"\"><figcaption class=\"wp-caption-text\">Quando eu crescer: Reflex\u00f5es sobre a profiss\u00e3o de arquiteto<\/figcaption><\/figure>\n<p>A arquitectura \u00e9 uma carreira em constante transforma\u00e7\u00e3o. Novas tecnologias e tend\u00eancias frequentemente desafiam os arqu\u00e9tipos tradicionais. Para os jovens que desejam seguir este caminho, \u00e9 crucial <b>manter-se atualizado<\/b> e adapt\u00e1vel \u00e0s mudan\u00e7as.<\/p>\n<p>Seja qual for a trajet\u00f3ria escolhida, a curiosidade e a paix\u00e3o pela cria\u00e7\u00e3o s\u00e3o fundamentais. Cada novo projeto \u00e9 uma chance de inovar e se expressar de forma \u00fanica. Assim, a jornada de um arquiteto se torna um <b>caminho de aprendizado cont\u00ednuo<\/b>.<\/p>\n<p>Quer saber mais sobre a carreira de arquitetura? <b>Comente abaixo<\/b> suas d\u00favidas ou experi\u00eancias, e continue explorando nosso blog para mais dicas e reflex\u00f5es sobre esta emocionante profiss\u00e3o!<\/p>\n<figure style=\"width: 1024px\" class=\"wp-caption aligncenter\"><img decoding=\"async\" src=\"https:\/\/www.aarquiteta.com.br\/blog\/wp-content\/uploads\/2025\/05\/Architectural-Firm-Management.jpg\" alt=\"Gest\u00e3o de escrit\u00f3rio de arquitetura.\" title=\"\"><figcaption class=\"wp-caption-text\">Gest\u00e3o de escrit\u00f3rio de arquitetura.<\/figcaption><\/figure>\n<h3>Para se aprofundar mais sobre o tema, veja a minha recomenda\u00e7\u00e3o sobre o tema deste artigo no v\u00eddeo a seguir abaixo:<\/h3>\n<p><iframe title=\"YouTube video player\" src=\"https:\/\/www.youtube.com\/embed\/ahM2X6zgGuc\" width=\"560\" height=\"315\" frameborder=\"0\" allowfullscreen=\"allowfullscreen\"><\/iframe><\/p>\n<figure style=\"width: 1024px\" class=\"wp-caption aligncenter\"><img decoding=\"async\" src=\"https:\/\/www.aarquiteta.com.br\/blog\/wp-content\/uploads\/2025\/05\/Life-of-an-Architect-Hypothetical-2020.jpg\" alt=\"Hipot\u00e9tico 2020: Uma representa\u00e7\u00e3o do projeto.\" title=\"\"><figcaption class=\"wp-caption-text\">Hipot\u00e9tico 2020: Uma representa\u00e7\u00e3o do projeto.<\/figcaption><\/figure>\n","protected":false},"excerpt":{"rendered":"<p>Na adolesc\u00eancia, muitos jovens sonham em seguir carreiras brilhantes. A arquitetura \u00e9 uma delas. Por\u00e9m, o caminho para se tornar um arquiteto pode ser repleto de desafios e descobertas. Como a Arquitetura se Revela na Juventude? Desde pequenos, as crian\u00e7as t\u00eam o desejo de ser muitas coisas, como astronautas ou bombeiros. Para alguns, a ideia [&hellip;]<\/p>\n","protected":false},"author":102,"featured_media":152072,"comment_status":"open","ping_status":"","sticky":false,"template":"","format":"standard","meta":{"footnotes":""},"categories":[1507],"tags":[],"class_list":["post-152077","post","type-post","status-publish","format-standard","has-post-thumbnail","category-arquitetura"],"_wp_attached_file":null,"_wp_attachment_metadata":null,"_wp_attachment_context":null,"_wp_attachment_is_custom_header":null,"geo_longitude":null,"geo_public":null,"geo_latitude":null,"_publicize_done_external":null,"_wpas_done_3897181":null,"publicize_twitter_user":null,"_wpas_done_3897175":null,"_wpas_skip_3897181":null,"_wpas_skip_3897175":null,"_wpas_skip_3924723":null,"_wpas_mess":null,"_wpas_done_3924723":null,"wps_subtitle":"","_links":{"self":[{"href":"https:\/\/www.aarquiteta.com.br\/blog\/wp-json\/wp\/v2\/posts\/152077","targetHints":{"allow":["GET"]}}],"collection":[{"href":"https:\/\/www.aarquiteta.com.br\/blog\/wp-json\/wp\/v2\/posts"}],"about":[{"href":"https:\/\/www.aarquiteta.com.br\/blog\/wp-json\/wp\/v2\/types\/post"}],"author":[{"embeddable":true,"href":"https:\/\/www.aarquiteta.com.br\/blog\/wp-json\/wp\/v2\/users\/102"}],"replies":[{"embeddable":true,"href":"https:\/\/www.aarquiteta.com.br\/blog\/wp-json\/wp\/v2\/comments?post=152077"}],"version-history":[{"count":0,"href":"https:\/\/www.aarquiteta.com.br\/blog\/wp-json\/wp\/v2\/posts\/152077\/revisions"}],"wp:featuredmedia":[{"embeddable":true,"href":"https:\/\/www.aarquiteta.com.br\/blog\/wp-json\/wp\/v2\/media\/152072"}],"wp:attachment":[{"href":"https:\/\/www.aarquiteta.com.br\/blog\/wp-json\/wp\/v2\/media?parent=152077"}],"wp:term":[{"taxonomy":"category","embeddable":true,"href":"https:\/\/www.aarquiteta.com.br\/blog\/wp-json\/wp\/v2\/categories?post=152077"},{"taxonomy":"post_tag","embeddable":true,"href":"https:\/\/www.aarquiteta.com.br\/blog\/wp-json\/wp\/v2\/tags?post=152077"}],"curies":[{"name":"wp","href":"https:\/\/api.w.org\/{rel}","templated":true}]}}