{"id":152028,"date":"2025-05-26T17:22:25","date_gmt":"2025-05-26T20:22:25","guid":{"rendered":"https:\/\/www.aarquiteta.com.br\/blog\/cores-que-combinam-com-preto\/"},"modified":"2025-05-26T17:22:25","modified_gmt":"2025-05-26T20:22:25","slug":"cores-que-combinam-com-preto","status":"publish","type":"post","link":"https:\/\/www.aarquiteta.com.br\/blog\/cores-que-combinam-com-preto\/","title":{"rendered":"Cores que Harmonizam com Preto e Sugest\u00f5es para Melhorar sua Decora\u00e7\u00e3o"},"content":{"rendered":"<p><b>Se voc\u00ea busca harmonia na decora\u00e7\u00e3o, as op\u00e7\u00f5es que combinam com preto s\u00e3o muitas e variadas.<\/b> O preto \u00e9 uma cor vers\u00e1til que pode ser utilizada para criar ambientes sofisticados e vibrantes. No texto a seguir, vou explorar as cores que harmonizam com o preto e oferecer dicas para deixar sua decora\u00e7\u00e3o ainda mais bonita.<\/p>\n<h3>Cores que combinam com preto<\/h3>\n<figure style=\"width: 1024px\" class=\"wp-caption aligncenter\"><img decoding=\"async\" src=\"https:\/\/www.aarquiteta.com.br\/blog\/wp-content\/uploads\/2025\/05\/cores-que-combinam-com-preto-2-730x449.png\" alt=\"Imagem de um ambiente com detalhes em metalizados.\" title=\"\"><figcaption class=\"wp-caption-text\">Imagem de um ambiente com detalhes em metalizados.<\/figcaption><\/figure>\n<p>O preto, por ser profundo, <b>dialoga com praticamente todas as cores<\/b>. Aqui est\u00e3o algumas combina\u00e7\u00f5es que podem funcionar perfeitamente:<\/p>\n<ul>\n<li><b>Branco:<\/b> A combina\u00e7\u00e3o cl\u00e1ssica que nunca sai de moda.<\/li>\n<li><b>Metalizados:<\/b> Dourado, prata e cobre criam um efeito glamouroso.<\/li>\n<li><b>Tons de madeira:<\/b> Adicionam aconchego ao ambiente.<\/li>\n<li><b>Tons vibrantes:<\/b> Verde ou azul podem destacar o preto, como em plantas.<\/li>\n<li><b>Tons de rosa:<\/b> O rosa queimado com detalhes pretos traz um charme especial.<\/li>\n<\/ul>\n<h3>Combina\u00e7\u00f5es sofisticadas<\/h3>\n<figure style=\"width: 1024px\" class=\"wp-caption aligncenter\"><img decoding=\"async\" src=\"https:\/\/www.aarquiteta.com.br\/blog\/wp-content\/uploads\/2025\/05\/cores-que-combinam-com-preto01.jpg\" alt=\"6 Cores que Combinam com Preto e Dicas para Acertar na Decora\u00e7\u00e3o\" width=\"1024\" height=\"1024\" title=\"\"><figcaption class=\"wp-caption-text\">6 Cores que Combinam com Preto e Dicas para Acertar na Decora\u00e7\u00e3o<\/figcaption><\/figure>\n<p>Quaisquer que sejam suas prefer\u00eancias, a paleta de cores \u00e9 crucial. <b>Os elementos de textura<\/b> tamb\u00e9m devem ser levados em conta para criar contrastes e enriquecer a visualidade do ambiente.<\/p>\n<table>\n<tr>\n<th>Cor<\/th>\n<th>Tipo de Efeito<\/th>\n<\/tr>\n<tr>\n<td>Branco<\/td>\n<td>Clareza e simplicidade<\/td>\n<\/tr>\n<tr>\n<td>Metalizados<\/td>\n<td>Glamour e sofistica\u00e7\u00e3o<\/td>\n<\/tr>\n<tr>\n<td>Madeira<\/td>\n<td>Aconchego e rusticidade<\/td>\n<\/tr>\n<tr>\n<td>Tons vibrantes<\/td>\n<td>Alegria e energia<\/td>\n<\/tr>\n<tr>\n<td>Tons de rosa<\/td>\n<td>Charme e delicadeza<\/td>\n<\/tr>\n<\/table>\n<h3>Quando evitar o preto<\/h3>\n<figure style=\"width: 1024px\" class=\"wp-caption aligncenter\"><img decoding=\"async\" src=\"https:\/\/www.aarquiteta.com.br\/blog\/wp-content\/uploads\/2025\/05\/cores-que-combinam-com-preto-00.png\" alt=\"Imagem de uma paleta de cores que combinam com preto.\" title=\"\"><figcaption class=\"wp-caption-text\">Imagem de uma paleta de cores que combinam com preto.<\/figcaption><\/figure>\n<p>Embora vers\u00e1til, o preto precisa ser utilizado com <b>cuidado<\/b>. Em ambientes pequenos ou com pouca ilumina\u00e7\u00e3o, pode acabar deixando o espa\u00e7o mais pesado e escuro. Pense nesta dica fundamental!<\/p>\n<h3>Dicas finais para a sua decora\u00e7\u00e3o<\/h3>\n<figure style=\"width: 1024px\" class=\"wp-caption aligncenter\"><img decoding=\"async\" src=\"https:\/\/www.aarquiteta.com.br\/blog\/wp-content\/uploads\/2025\/05\/cores-que-combinam-com-preto02.jpg\" alt=\"6 Cores que Combinam com Preto e Dicas para Acertar na Decora\u00e7\u00e3o\" width=\"1024\" height=\"1024\" title=\"\"><figcaption class=\"wp-caption-text\">6 Cores que Combinam com Preto e Dicas para Acertar na Decora\u00e7\u00e3o<\/figcaption><\/figure>\n<p>Lembre-se, <b>o equil\u00edbrio \u00e9 a chave<\/b>. Um toque de cor diferente pode fazer toda a diferen\u00e7a! Aposte em itens que conversem entre si para um resultado harm\u00f4nico e atraente.<\/p>\n<p>Agora que voc\u00ea j\u00e1 tem v\u00e1rias dicas e combina\u00e7\u00f5es, <b>que tal colocar tudo em pr\u00e1tica?<\/b> Siga nosso blog para mais conte\u00fados sobre decora\u00e7\u00e3o e compartilhe suas experi\u00eancias! Voc\u00ea j\u00e1 usou o preto em sua decora\u00e7\u00e3o? Comente abaixo suas impress\u00f5es e ideias!<\/p>\n<h3>Conte\u00fados relacionados<\/h3>\n<figure style=\"width: 1024px\" class=\"wp-caption aligncenter\"><img decoding=\"async\" src=\"https:\/\/www.aarquiteta.com.br\/blog\/wp-content\/uploads\/2025\/05\/cores-para-sala-pequena-00-1-286x160.jpg\" alt=\"Foto de uma sala pequena com cores combinadas.\" title=\"\"><figcaption class=\"wp-caption-text\">Foto de uma sala pequena com cores combinadas.<\/figcaption><\/figure>\n<ul>\n<li><a href=\"#\">Como usar o c\u00edrculo crom\u00e1tico na decora\u00e7\u00e3o<\/a><\/li>\n<li><a href=\"#\">Dicas para ambientes pequenos<\/a><\/li>\n<li><a href=\"#\">Design de interiores: erros comuns a evitar<\/a><\/li>\n<\/ul>\n<figure style=\"width: 1024px\" class=\"wp-caption aligncenter\"><img decoding=\"async\" src=\"https:\/\/www.aarquiteta.com.br\/blog\/wp-content\/uploads\/2025\/05\/cores-que-combinam-com-preto03.jpg\" alt=\"6 Cores que Combinam com Preto e Dicas para Acertar na Decora\u00e7\u00e3o\" width=\"1024\" height=\"1024\" title=\"\"><figcaption class=\"wp-caption-text\">6 Cores que Combinam com Preto e Dicas para Acertar na Decora\u00e7\u00e3o<\/figcaption><\/figure>\n<figure style=\"width: 1024px\" class=\"wp-caption aligncenter\"><img decoding=\"async\" src=\"https:\/\/www.aarquiteta.com.br\/blog\/wp-content\/uploads\/2025\/05\/cinza-chumbo-286x160.jpg\" alt=\"Imagem de um espa\u00e7o decorado com cinzas e preto.\" title=\"\"><figcaption class=\"wp-caption-text\">Imagem de um espa\u00e7o decorado com cinzas e preto.<\/figcaption><\/figure>\n<figure style=\"width: 1024px\" class=\"wp-caption aligncenter\"><img decoding=\"async\" src=\"https:\/\/www.aarquiteta.com.br\/blog\/wp-content\/uploads\/2025\/05\/cores-que-combinam-com-preto4.jpg\" alt=\"6 Cores que Combinam com Preto e Dicas para Acertar na Decora\u00e7\u00e3o\" width=\"1024\" height=\"1024\" title=\"\"><figcaption class=\"wp-caption-text\">6 Cores que Combinam com Preto e Dicas para Acertar na Decora\u00e7\u00e3o<\/figcaption><\/figure>\n<figure style=\"width: 1024px\" class=\"wp-caption aligncenter\"><img decoding=\"async\" src=\"https:\/\/www.aarquiteta.com.br\/blog\/wp-content\/uploads\/2025\/05\/cores-que-combinam-com-azul-286x160.jpg\" alt=\"Imagem que mostra v\u00e1rias combina\u00e7\u00f5es de azul com preto.\" title=\"\"><figcaption class=\"wp-caption-text\">Imagem que mostra v\u00e1rias combina\u00e7\u00f5es de azul com preto.<\/figcaption><\/figure>\n<h3>Para se aprofundar mais sobre o tema, veja a minha recomenda\u00e7\u00e3o sobre o tema deste artigo no v\u00eddeo a seguir abaixo:<\/h3>\n<p><iframe title=\"YouTube video player\" src=\"https:\/\/www.youtube.com\/embed\/FW1K-I1HqOE\" width=\"560\" height=\"315\" frameborder=\"0\" allowfullscreen=\"allowfullscreen\"><\/iframe><\/p>\n<figure style=\"width: 1024px\" class=\"wp-caption aligncenter\"><img decoding=\"async\" src=\"https:\/\/www.aarquiteta.com.br\/blog\/wp-content\/uploads\/2025\/05\/cores-que-combinam-com-preto-1-730x449.png\" alt=\"Imagem que mostra elementos de decora\u00e7\u00e3o em preto e branco.\" title=\"\"><figcaption class=\"wp-caption-text\">Imagem que mostra elementos de decora\u00e7\u00e3o em preto e branco.<\/figcaption><\/figure>\n","protected":false},"excerpt":{"rendered":"<p>Se voc\u00ea busca harmonia na decora\u00e7\u00e3o, as op\u00e7\u00f5es que combinam com preto s\u00e3o muitas e variadas. O preto \u00e9 uma cor vers\u00e1til que pode ser utilizada para criar ambientes sofisticados e vibrantes. No texto a seguir, vou explorar as cores que harmonizam com o preto e oferecer dicas para deixar sua decora\u00e7\u00e3o ainda mais bonita. [&hellip;]<\/p>\n","protected":false},"author":102,"featured_media":152023,"comment_status":"open","ping_status":"","sticky":false,"template":"","format":"standard","meta":{"footnotes":""},"categories":[1484],"tags":[],"class_list":["post-152028","post","type-post","status-publish","format-standard","has-post-thumbnail","category-decoracao"],"_wp_attached_file":null,"_wp_attachment_metadata":null,"_wp_attachment_context":null,"_wp_attachment_is_custom_header":null,"geo_longitude":null,"geo_public":null,"geo_latitude":null,"_publicize_done_external":null,"_wpas_done_3897181":null,"publicize_twitter_user":null,"_wpas_done_3897175":null,"_wpas_skip_3897181":null,"_wpas_skip_3897175":null,"_wpas_skip_3924723":null,"_wpas_mess":null,"_wpas_done_3924723":null,"wps_subtitle":"","_links":{"self":[{"href":"https:\/\/www.aarquiteta.com.br\/blog\/wp-json\/wp\/v2\/posts\/152028","targetHints":{"allow":["GET"]}}],"collection":[{"href":"https:\/\/www.aarquiteta.com.br\/blog\/wp-json\/wp\/v2\/posts"}],"about":[{"href":"https:\/\/www.aarquiteta.com.br\/blog\/wp-json\/wp\/v2\/types\/post"}],"author":[{"embeddable":true,"href":"https:\/\/www.aarquiteta.com.br\/blog\/wp-json\/wp\/v2\/users\/102"}],"replies":[{"embeddable":true,"href":"https:\/\/www.aarquiteta.com.br\/blog\/wp-json\/wp\/v2\/comments?post=152028"}],"version-history":[{"count":0,"href":"https:\/\/www.aarquiteta.com.br\/blog\/wp-json\/wp\/v2\/posts\/152028\/revisions"}],"wp:featuredmedia":[{"embeddable":true,"href":"https:\/\/www.aarquiteta.com.br\/blog\/wp-json\/wp\/v2\/media\/152023"}],"wp:attachment":[{"href":"https:\/\/www.aarquiteta.com.br\/blog\/wp-json\/wp\/v2\/media?parent=152028"}],"wp:term":[{"taxonomy":"category","embeddable":true,"href":"https:\/\/www.aarquiteta.com.br\/blog\/wp-json\/wp\/v2\/categories?post=152028"},{"taxonomy":"post_tag","embeddable":true,"href":"https:\/\/www.aarquiteta.com.br\/blog\/wp-json\/wp\/v2\/tags?post=152028"}],"curies":[{"name":"wp","href":"https:\/\/api.w.org\/{rel}","templated":true}]}}