{"id":151969,"date":"2025-05-25T17:43:55","date_gmt":"2025-05-25T20:43:55","guid":{"rendered":"https:\/\/www.aarquiteta.com.br\/blog\/motivos-que-levam-as-pessoas-a-trabalhar\/"},"modified":"2025-05-25T17:43:55","modified_gmt":"2025-05-25T20:43:55","slug":"motivos-que-levam-as-pessoas-a-trabalhar","status":"publish","type":"post","link":"https:\/\/www.aarquiteta.com.br\/blog\/motivos-que-levam-as-pessoas-a-trabalhar\/","title":{"rendered":"Motivos que Levam as Pessoas a Trabalhar"},"content":{"rendered":"<p>Trabalhar n\u00e3o \u00e9 apenas uma quest\u00e3o de obriga\u00e7\u00e3o; \u00e9 uma oportunidade de criar momentos significativos na vida. Neste artigo, vamos explorar os <b>motivos que levam as pessoas a trabalhar<\/b> e como isso impacta suas vidas.<\/p>\n<p>Por que as pessoas optam por dedicar horas ao trabalho? A resposta vai al\u00e9m do simples recebimento de um sal\u00e1rio. As motiva\u00e7\u00f5es s\u00e3o diversas e complexas, variando de situa\u00e7\u00f5es pessoais a objetivos financeiros. Este artigo entender\u00e1 melhor essas raz\u00f5es. Vamos nessa?<\/p>\n<h3>1. Sustenta\u00e7\u00e3o Financeira<\/h3>\n<figure style=\"width: 1024px\" class=\"wp-caption aligncenter\"><img decoding=\"async\" src=\"https:\/\/www.aarquiteta.com.br\/blog\/wp-content\/uploads\/2025\/05\/HAWAII09-261.jpg\" alt=\"Mais uma captura de momentos preciosos em fam\u00edlia no Havai.\" title=\"\"><figcaption class=\"wp-caption-text\">Mais uma captura de momentos preciosos em fam\u00edlia no Havai.<\/figcaption><\/figure>\n<p>A primeira raz\u00e3o que vem \u00e0 mente \u00e9, sem d\u00favida, a <b>necessidade financeira<\/b>. Trabalhar fornece a seguran\u00e7a econ\u00f4mica necess\u00e1ria para sustentar a fam\u00edlia, pagar as contas e manter um padr\u00e3o de vida. Sem essa base, muitos indiv\u00edduos enfrentariam dificuldades para suprir suas necessidades b\u00e1sicas.<\/p>\n<h3>2. Realiza\u00e7\u00e3o Pessoal e Profissional<\/h3>\n<figure style=\"width: 1024px\" class=\"wp-caption aligncenter\"><img decoding=\"async\" src=\"https:\/\/www.aarquiteta.com.br\/blog\/wp-content\/uploads\/2025\/05\/por-que-voce-trabalha01.jpg\" alt=\"Por que voc\u00ea trabalha?\" width=\"1024\" height=\"1024\" title=\"\"><figcaption class=\"wp-caption-text\">Por que voc\u00ea trabalha?<\/figcaption><\/figure>\n<p>Muitas pessoas buscam um trabalho que traga <b>realiza\u00e7\u00e3o pessoal<\/b>. Para elas, a satisfa\u00e7\u00e3o em desempenhar uma fun\u00e7\u00e3o que gosta \u00e9 fundamental. O trabalho se torna um meio para expressar talentos, habilidades e paix\u00f5es. A sensa\u00e7\u00e3o de fazer o que se ama \u00e9 incompar\u00e1vel!<\/p>\n<h3>3. Constru\u00e7\u00e3o de Rela\u00e7\u00f5es Sociais<\/h3>\n<figure style=\"width: 1024px\" class=\"wp-caption aligncenter\"><img decoding=\"async\" src=\"https:\/\/www.aarquiteta.com.br\/blog\/wp-content\/uploads\/2025\/05\/HAWAII09-375.jpg\" alt=\"Kate e Bob Borson em uma foto especial de sua \u00faltima viagem em fam\u00edlia ao Havai.\" title=\"\"><figcaption class=\"wp-caption-text\">Kate e Bob Borson em uma foto especial de sua \u00faltima viagem em fam\u00edlia ao Havai.<\/figcaption><\/figure>\n<p>Al\u00e9m disso, o ambiente de trabalho oferece oportunidades para <b>construir rela\u00e7\u00f5es sociais<\/b>. Criar la\u00e7os com colegas fortalece n\u00e3o s\u00f3 o relacionamento interpessoal como tamb\u00e9m melhora o clima organizacional. Ter amigos no trabalho pode fazer o dia a dia mais leve e agrad\u00e1vel.<\/p>\n<h3>4. Crescimento de Carreira<\/h3>\n<figure style=\"width: 1024px\" class=\"wp-caption aligncenter\"><img decoding=\"async\" src=\"https:\/\/www.aarquiteta.com.br\/blog\/wp-content\/uploads\/2025\/05\/por-que-voce-trabalha02.jpg\" alt=\"Por que voc\u00ea trabalha?\" width=\"1024\" height=\"1024\" title=\"\"><figcaption class=\"wp-caption-text\">Por que voc\u00ea trabalha?<\/figcaption><\/figure>\n<p>Outro motivo muito importante \u00e9 o <b>crescimento profissional<\/b>. Muitos profissionais t\u00eam o desejo de evoluir em suas carreiras. Trabalhar em um ambiente que proporciona oportunidades de aprendizado e desenvolvimento \u00e9 essencial para quem busca ascens\u00e3o. Cada desafio pode ser visto como uma chance de crescer.<\/p>\n<h3>5. Contribui\u00e7\u00e3o para a Sociedade<\/h3>\n<figure style=\"width: 1024px\" class=\"wp-caption aligncenter\"><img decoding=\"async\" src=\"https:\/\/www.aarquiteta.com.br\/blog\/wp-content\/uploads\/2025\/05\/HAWAII09-243.jpg\" alt=\"Uma bela paisagem tropical do Havai.\" title=\"\"><figcaption class=\"wp-caption-text\">Uma bela paisagem tropical do Havai.<\/figcaption><\/figure>\n<p>Trabalhar tamb\u00e9m permite que as pessoas <b>contribuam para a sociedade<\/b>. Muitas profiss\u00f5es t\u00eam um impacto direto na comunidade, ajudando a melhorar a vida das pessoas. Saber que seu trabalho faz a diferen\u00e7a pode ser uma forte motiva\u00e7\u00e3o.<\/p>\n<h3>6. Experi\u00eancias e Mem\u00f3rias<\/h3>\n<figure style=\"width: 1024px\" class=\"wp-caption aligncenter\"><img decoding=\"async\" src=\"https:\/\/www.aarquiteta.com.br\/blog\/wp-content\/uploads\/2025\/05\/por-que-voce-trabalha03.jpg\" alt=\"Por que voc\u00ea trabalha?\" width=\"1024\" height=\"1024\" title=\"\"><figcaption class=\"wp-caption-text\">Por que voc\u00ea trabalha?<\/figcaption><\/figure>\n<p>Trabalhar possibilita a <b>cria\u00e7\u00e3o de experi\u00eancias e mem\u00f3rias<\/b>. Seja em viagens a trabalho ou celebra\u00e7\u00f5es com colegas, cada momento vivido pode se tornar uma lembran\u00e7a importante. Essas experi\u00eancias enriquecem a vida pessoal e trazer uma nova perspectiva ao dia a dia.<\/p>\n<h3>7. Estabilidade e Seguran\u00e7a<\/h3>\n<figure style=\"width: 1024px\" class=\"wp-caption aligncenter\"><img decoding=\"async\" src=\"https:\/\/www.aarquiteta.com.br\/blog\/wp-content\/uploads\/2025\/05\/HAWAII09-089.jpg\" alt=\"Kate e Bob Borson desfrutando de um momento em fam\u00edlia.\" title=\"\"><figcaption class=\"wp-caption-text\">Kate e Bob Borson desfrutando de um momento em fam\u00edlia.<\/figcaption><\/figure>\n<p>A estabilidade que um emprego oferece \u00e9 outro ponto positivo. Ter um trabalho garante uma <b>seguran\u00e7a financeira<\/b> a longo prazo e ajuda a planejar o futuro, seja para realizar sonhos pessoais ou garantir uma aposentadoria tranquila.<\/p>\n<h3>8. Equil\u00edbrio Entre Vida Pessoal e Profissional<\/h3>\n<figure style=\"width: 1024px\" class=\"wp-caption aligncenter\"><img decoding=\"async\" src=\"https:\/\/www.aarquiteta.com.br\/blog\/wp-content\/uploads\/2025\/05\/por-que-voce-trabalha4.jpg\" alt=\"Por que voc\u00ea trabalha?\" width=\"1024\" height=\"1024\" title=\"\"><figcaption class=\"wp-caption-text\">Por que voc\u00ea trabalha?<\/figcaption><\/figure>\n<p>Por fim, muitos buscam um <b>equil\u00edbrio saud\u00e1vel<\/b> entre vida pessoal e profissional. N\u00e3o se trata apenas de viver para trabalhar, mas de encontrar um meio termo que permita um estilo de vida satisfat\u00f3rio e enriquecedor em ambos os aspectos.<\/p>\n<h3>Tabela Resumo dos Motivos que Levam as Pessoas a Trabalhar<\/h3>\n<figure style=\"width: 1024px\" class=\"wp-caption aligncenter\"><img decoding=\"async\" src=\"https:\/\/www.aarquiteta.com.br\/blog\/wp-content\/uploads\/2025\/05\/HAWAII09-149.jpg\" alt=\"Uma imagem de Iao Valley, no Havai, mostrando sua vegeta\u00e7\u00e3o exuberante.\" title=\"\"><figcaption class=\"wp-caption-text\">Uma imagem de Iao Valley, no Havai, mostrando sua vegeta\u00e7\u00e3o exuberante.<\/figcaption><\/figure>\n<table border=\"1\" style=\"width:100%; border-collapse:collapse;\">\n<tr>\n<th style=\"text-align:left; padding:10px;\">Motivo<\/th>\n<th style=\"text-align:left; padding:10px;\">Descri\u00e7\u00e3o<\/th>\n<\/tr>\n<tr>\n<td style=\"padding:10px;\">Sustenta\u00e7\u00e3o Financeira<\/td>\n<td style=\"padding:10px;\">Fundamental para suprir necessidades b\u00e1sicas.<\/td>\n<\/tr>\n<tr>\n<td style=\"padding:10px;\">Realiza\u00e7\u00e3o Pessoal<\/td>\n<td style=\"padding:10px;\">Satisfa\u00e7\u00e3o ao fazer o que se ama.<\/td>\n<\/tr>\n<tr>\n<td style=\"padding:10px;\">Constru\u00e7\u00e3o de Rela\u00e7\u00f5es<\/td>\n<td style=\"padding:10px;\">Fortalecimento de la\u00e7os sociais.<\/td>\n<\/tr>\n<tr>\n<td style=\"padding:10px;\">Crescimento Profissional<\/td>\n<td style=\"padding:10px;\">Oportunidades de desenvolvimento.<\/td>\n<\/tr>\n<tr>\n<td style=\"padding:10px;\">Contribui\u00e7\u00e3o Social<\/td>\n<td style=\"padding:10px;\">Impacto positivo na comunidade.<\/td>\n<\/tr>\n<tr>\n<td style=\"padding:10px;\">Experi\u00eancias e Mem\u00f3rias<\/td>\n<td style=\"padding:10px;\">Viv\u00eancias enriquecedoras.<\/td>\n<\/tr>\n<tr>\n<td style=\"padding:10px;\">Estabilidade<\/td>\n<td style=\"padding:10px;\">Seguran\u00e7a a longo prazo.<\/td>\n<\/tr>\n<tr>\n<td style=\"padding:10px;\">Equil\u00edbrio Vida-Trabalho<\/td>\n<td style=\"padding:10px;\">Estilo de vida satisfat\u00f3rio.<\/td>\n<\/tr>\n<\/table>\n<p>A dedica\u00e7\u00e3o ao trabalho \u00e9, sem d\u00favida, um reflexo de nossas expectativas e desejos. Seja para garantir sustento ou para crescer profissionalmente, cada um tem seus pr\u00f3prios motivos. \u00c9 sempre bom refletir sobre o que o motiva a levantar da cama e ir trabalhar.<\/p>\n<p>Agora que voc\u00ea j\u00e1 sabe os principais <b>motivos que levam as pessoas a trabalhar<\/b>, que tal compartilhar sua opini\u00e3o? Quais s\u00e3o suas motiva\u00e7\u00f5es? Conte pra gente nos coment\u00e1rios e continue navegando por nosso conte\u00fado! Aqui sempre h\u00e1 algo novo para descobrir.<\/p>\n<h3>Para se aprofundar mais sobre o tema, veja a minha recomenda\u00e7\u00e3o sobre o tema deste artigo no v\u00eddeo a seguir abaixo:<\/h3>\n<p><iframe title=\"YouTube video player\" src=\"https:\/\/www.youtube.com\/embed\/ah2DxjPfcHM\" width=\"560\" height=\"315\" frameborder=\"0\" allowfullscreen=\"allowfullscreen\"><\/iframe><\/p>\n<figure style=\"width: 1024px\" class=\"wp-caption aligncenter\"><img decoding=\"async\" src=\"https:\/\/www.aarquiteta.com.br\/blog\/wp-content\/uploads\/2025\/05\/HAWAII09-153.jpg\" alt=\"Kate e Bob Borson divertindo-se na praia no Havai.\" title=\"\"><figcaption class=\"wp-caption-text\">Kate e Bob Borson divertindo-se na praia no Havai.<\/figcaption><\/figure>\n","protected":false},"excerpt":{"rendered":"<p>Trabalhar n\u00e3o \u00e9 apenas uma quest\u00e3o de obriga\u00e7\u00e3o; \u00e9 uma oportunidade de criar momentos significativos na vida. Neste artigo, vamos explorar os motivos que levam as pessoas a trabalhar e como isso impacta suas vidas. Por que as pessoas optam por dedicar horas ao trabalho? A resposta vai al\u00e9m do simples recebimento de um sal\u00e1rio. [&hellip;]<\/p>\n","protected":false},"author":102,"featured_media":151962,"comment_status":"open","ping_status":"","sticky":false,"template":"","format":"standard","meta":{"footnotes":""},"categories":[1507],"tags":[],"class_list":["post-151969","post","type-post","status-publish","format-standard","has-post-thumbnail","category-arquitetura"],"_wp_attached_file":null,"_wp_attachment_metadata":null,"_wp_attachment_context":null,"_wp_attachment_is_custom_header":null,"geo_longitude":null,"geo_public":null,"geo_latitude":null,"_publicize_done_external":null,"_wpas_done_3897181":null,"publicize_twitter_user":null,"_wpas_done_3897175":null,"_wpas_skip_3897181":null,"_wpas_skip_3897175":null,"_wpas_skip_3924723":null,"_wpas_mess":null,"_wpas_done_3924723":null,"wps_subtitle":"","_links":{"self":[{"href":"https:\/\/www.aarquiteta.com.br\/blog\/wp-json\/wp\/v2\/posts\/151969","targetHints":{"allow":["GET"]}}],"collection":[{"href":"https:\/\/www.aarquiteta.com.br\/blog\/wp-json\/wp\/v2\/posts"}],"about":[{"href":"https:\/\/www.aarquiteta.com.br\/blog\/wp-json\/wp\/v2\/types\/post"}],"author":[{"embeddable":true,"href":"https:\/\/www.aarquiteta.com.br\/blog\/wp-json\/wp\/v2\/users\/102"}],"replies":[{"embeddable":true,"href":"https:\/\/www.aarquiteta.com.br\/blog\/wp-json\/wp\/v2\/comments?post=151969"}],"version-history":[{"count":0,"href":"https:\/\/www.aarquiteta.com.br\/blog\/wp-json\/wp\/v2\/posts\/151969\/revisions"}],"wp:featuredmedia":[{"embeddable":true,"href":"https:\/\/www.aarquiteta.com.br\/blog\/wp-json\/wp\/v2\/media\/151962"}],"wp:attachment":[{"href":"https:\/\/www.aarquiteta.com.br\/blog\/wp-json\/wp\/v2\/media?parent=151969"}],"wp:term":[{"taxonomy":"category","embeddable":true,"href":"https:\/\/www.aarquiteta.com.br\/blog\/wp-json\/wp\/v2\/categories?post=151969"},{"taxonomy":"post_tag","embeddable":true,"href":"https:\/\/www.aarquiteta.com.br\/blog\/wp-json\/wp\/v2\/tags?post=151969"}],"curies":[{"name":"wp","href":"https:\/\/api.w.org\/{rel}","templated":true}]}}