{"id":151842,"date":"2025-05-23T18:24:21","date_gmt":"2025-05-23T21:24:21","guid":{"rendered":"https:\/\/www.aarquiteta.com.br\/blog\/lambris\/"},"modified":"2025-05-23T18:24:21","modified_gmt":"2025-05-23T21:24:21","slug":"lambris","status":"publish","type":"post","link":"https:\/\/www.aarquiteta.com.br\/blog\/lambris\/","title":{"rendered":"Inspira\u00e7\u00e3o para Decora\u00e7\u00e3o com Lambris: Dicas para um Revestimento Sofisticado"},"content":{"rendered":"<p>Voc\u00ea est\u00e1 em busca de transformar seus ambientes com uma decora\u00e7\u00e3o sofisticada? Os lambris s\u00e3o a solu\u00e7\u00e3o perfeita para dar um toque especial e aconchegante ao seu espa\u00e7o!<\/p>\n<p>Neste artigo, vou apresentar dicas e inspira\u00e7\u00f5es sobre como utilizar lambris em sua decora\u00e7\u00e3o. Esses pain\u00e9is de madeira ou outros materiais trazem charme e eleg\u00e2ncia ao ambiente, al\u00e9m de serem pr\u00e1ticos e funcionais.<\/p>\n<p>Se voc\u00ea quer dicas para aplicar lambris, vem comigo! Vamos descobrir juntos como esse revestimento pode revolucionar o seu lar!<\/p>\n<h3>O que s\u00e3o lambris?<\/h3>\n<figure style=\"width: 1024px\" class=\"wp-caption aligncenter\"><img decoding=\"async\" src=\"https:\/\/www.aarquiteta.com.br\/blog\/wp-content\/uploads\/2025\/05\/lambris-001-730x449.png\" alt=\"Foto de lambris 03 - 6\" title=\"\"><figcaption class=\"wp-caption-text\">Foto de lambris 03 &#8211; 6<\/figcaption><\/figure>\n<p>Os <b>lambris<\/b> s\u00e3o pain\u00e9is formados por r\u00e9guas de madeira ou outros materiais que se encaixam, criando um visual \u00fanico. Eles podem ser utilizados em paredes e tetos, oferecendo tanto funcionalidade quanto est\u00e9tica.<\/p>\n<h3>Principais tipos de lambris<\/h3>\n<figure style=\"width: 1024px\" class=\"wp-caption aligncenter\"><img decoding=\"async\" src=\"https:\/\/www.aarquiteta.com.br\/blog\/wp-content\/uploads\/2025\/05\/lambris01.jpg\" alt=\"30 Fotos de Lambris na Decora\u00e7\u00e3o para um Revestimento Sofisticado\" width=\"1024\" height=\"1024\" title=\"\"><figcaption class=\"wp-caption-text\">30 Fotos de Lambris na Decora\u00e7\u00e3o para um Revestimento Sofisticado<\/figcaption><\/figure>\n<ul>\n<li><b>Madeira Maci\u00e7a:<\/b> Cl\u00e1ssica e sofisticada, perfeita para ambientes r\u00fasticos.<\/li>\n<li><b>MDF:<\/b> Uma op\u00e7\u00e3o mais acess\u00edvel e vers\u00e1til.<\/li>\n<li><b>PVC:<\/b> Ideal para \u00e1reas \u00famidas, como banheiros e cozinhas.<\/li>\n<li><b>Alum\u00ednio:<\/b> Moderno e leve, para espa\u00e7os contempor\u00e2neos.<\/li>\n<\/ul>\n<h3>Como aplicar os lambris?<\/h3>\n<figure style=\"width: 1024px\" class=\"wp-caption aligncenter\"><img decoding=\"async\" src=\"https:\/\/www.aarquiteta.com.br\/blog\/wp-content\/uploads\/2025\/05\/lambris-00.png\" alt=\"Foto de lambris 01 - 1\" title=\"\"><figcaption class=\"wp-caption-text\">Foto de lambris 01 &#8211; 1<\/figcaption><\/figure>\n<ol>\n<li>Escolha o material que mais combina com seu estilo.<\/li>\n<li>Defina a \u00e1rea a ser revestida e me\u00e7a cuidadosamente.<\/li>\n<li>Aplique os pain\u00e9is horizontalmente ou verticalmente, conforme o efeito desejado.<\/li>\n<li>Finalize com rodap\u00e9s ou detalhes decorativos para um acabamento perfeito.<\/li>\n<\/ol>\n<h3>Tabela de Compara\u00e7\u00e3o de Materiais para Lambris<\/h3>\n<figure style=\"width: 1024px\" class=\"wp-caption aligncenter\"><img decoding=\"async\" src=\"https:\/\/www.aarquiteta.com.br\/blog\/wp-content\/uploads\/2025\/05\/lambris02.jpg\" alt=\"30 Fotos de Lambris na Decora\u00e7\u00e3o para um Revestimento Sofisticado\" width=\"1024\" height=\"1024\" title=\"\"><figcaption class=\"wp-caption-text\">30 Fotos de Lambris na Decora\u00e7\u00e3o para um Revestimento Sofisticado<\/figcaption><\/figure>\n<table>\n<tr>\n<th>Material<\/th>\n<th>Vantagens<\/th>\n<th>Ideal Para<\/th>\n<\/tr>\n<tr>\n<td>Madeira Maci\u00e7a<\/td>\n<td>Alta durabilidade e beleza natural<\/td>\n<td>Salas e quartos requintados<\/td>\n<\/tr>\n<tr>\n<td>MDF<\/td>\n<td>F\u00e1cil de cortar e pintar<\/td>\n<td>Ambientes diversos<\/td>\n<\/tr>\n<tr>\n<td>PVC<\/td>\n<td>Resistente \u00e0 umidade<\/td>\n<td>Cozinhas e banheiros<\/td>\n<\/tr>\n<tr>\n<td>Alum\u00ednio<\/td>\n<td>Leve e resistente<\/td>\n<td>Decora\u00e7\u00f5es modernas<\/td>\n<\/tr>\n<\/table>\n<h3>Dicas para um efeito incr\u00edvel com lambris<\/h3>\n<figure style=\"width: 1024px\" class=\"wp-caption aligncenter\"><img decoding=\"async\" src=\"https:\/\/www.aarquiteta.com.br\/blog\/wp-content\/uploads\/2025\/05\/lambris-01-730x449.jpg\" alt=\"Foto de revestimento para banheiro 0 - 2\" title=\"\"><figcaption class=\"wp-caption-text\">Foto de revestimento para banheiro 0 &#8211; 2<\/figcaption><\/figure>\n<ul>\n<li>Intercale lambris com espelhos para amplia\u00e7\u00e3o visual.<\/li>\n<li>Use cores diferentes para um visual inovador.<\/li>\n<li>Adicione ilumina\u00e7\u00e3o indireta para destacar os pain\u00e9is.<\/li>\n<\/ul>\n<p>Os lambris s\u00e3o uma \u00f3tima escolha para deixar seu lar bonito e acolhedor. Experimente usar essa t\u00e9cnica e me conte como foi a sua experi\u00eancia. Vamos juntos continuar a conversar sobre decora\u00e7\u00e3o! Explore nosso blog e descubra mais dicas incr\u00edveis!<\/p>\n<figure style=\"width: 1024px\" class=\"wp-caption aligncenter\"><img decoding=\"async\" src=\"https:\/\/www.aarquiteta.com.br\/blog\/wp-content\/uploads\/2025\/05\/lambris03.jpg\" alt=\"30 Fotos de Lambris na Decora\u00e7\u00e3o para um Revestimento Sofisticado\" width=\"1024\" height=\"1024\" title=\"\"><figcaption class=\"wp-caption-text\">30 Fotos de Lambris na Decora\u00e7\u00e3o para um Revestimento Sofisticado<\/figcaption><\/figure>\n<figure style=\"width: 1024px\" class=\"wp-caption aligncenter\"><img decoding=\"async\" src=\"https:\/\/www.aarquiteta.com.br\/blog\/wp-content\/uploads\/2025\/05\/revestimento-para-banheiro-0.jpg\" alt=\"Foto de Revestimento para sala 0 - 3\" title=\"\"><figcaption class=\"wp-caption-text\">Foto de Revestimento para sala 0 &#8211; 3<\/figcaption><\/figure>\n<figure style=\"width: 1024px\" class=\"wp-caption aligncenter\"><img decoding=\"async\" src=\"https:\/\/www.aarquiteta.com.br\/blog\/wp-content\/uploads\/2025\/05\/lambris4.jpg\" alt=\"30 Fotos de Lambris na Decora\u00e7\u00e3o para um Revestimento Sofisticado\" width=\"1024\" height=\"1024\" title=\"\"><figcaption class=\"wp-caption-text\">30 Fotos de Lambris na Decora\u00e7\u00e3o para um Revestimento Sofisticado<\/figcaption><\/figure>\n<figure style=\"width: 1024px\" class=\"wp-caption aligncenter\"><img decoding=\"async\" src=\"https:\/\/www.aarquiteta.com.br\/blog\/wp-content\/uploads\/2025\/05\/Revestimento-para-sala-0-286x160.jpg\" alt=\"Foto de revestimento hexagonal 0 - 4\" title=\"\"><figcaption class=\"wp-caption-text\">Foto de revestimento hexagonal 0 &#8211; 4<\/figcaption><\/figure>\n<h3>Para se aprofundar mais sobre o tema, veja a minha recomenda\u00e7\u00e3o sobre o tema deste artigo no v\u00eddeo a seguir abaixo:<\/h3>\n<p><iframe title=\"YouTube video player\" src=\"https:\/\/www.youtube.com\/embed\/uScId6OZmiw\" width=\"560\" height=\"315\" frameborder=\"0\" allowfullscreen=\"allowfullscreen\"><\/iframe><\/p>\n<figure style=\"width: 1024px\" class=\"wp-caption aligncenter\"><img decoding=\"async\" src=\"https:\/\/www.aarquiteta.com.br\/blog\/wp-content\/uploads\/2025\/05\/revestimento-hexagonal-0-286x160.jpg\" alt=\"Foto de lambris 001 - 5\" title=\"\"><figcaption class=\"wp-caption-text\">Foto de lambris 001 &#8211; 5<\/figcaption><\/figure>\n","protected":false},"excerpt":{"rendered":"<p>Voc\u00ea est\u00e1 em busca de transformar seus ambientes com uma decora\u00e7\u00e3o sofisticada? Os lambris s\u00e3o a solu\u00e7\u00e3o perfeita para dar um toque especial e aconchegante ao seu espa\u00e7o! Neste artigo, vou apresentar dicas e inspira\u00e7\u00f5es sobre como utilizar lambris em sua decora\u00e7\u00e3o. Esses pain\u00e9is de madeira ou outros materiais trazem charme e eleg\u00e2ncia ao ambiente, [&hellip;]<\/p>\n","protected":false},"author":102,"featured_media":151835,"comment_status":"open","ping_status":"","sticky":false,"template":"","format":"standard","meta":{"footnotes":""},"categories":[1484],"tags":[],"class_list":["post-151842","post","type-post","status-publish","format-standard","has-post-thumbnail","category-decoracao"],"_wp_attached_file":null,"_wp_attachment_metadata":null,"_wp_attachment_context":null,"_wp_attachment_is_custom_header":null,"geo_longitude":null,"geo_public":null,"geo_latitude":null,"_publicize_done_external":null,"_wpas_done_3897181":null,"publicize_twitter_user":null,"_wpas_done_3897175":null,"_wpas_skip_3897181":null,"_wpas_skip_3897175":null,"_wpas_skip_3924723":null,"_wpas_mess":null,"_wpas_done_3924723":null,"wps_subtitle":"","_links":{"self":[{"href":"https:\/\/www.aarquiteta.com.br\/blog\/wp-json\/wp\/v2\/posts\/151842","targetHints":{"allow":["GET"]}}],"collection":[{"href":"https:\/\/www.aarquiteta.com.br\/blog\/wp-json\/wp\/v2\/posts"}],"about":[{"href":"https:\/\/www.aarquiteta.com.br\/blog\/wp-json\/wp\/v2\/types\/post"}],"author":[{"embeddable":true,"href":"https:\/\/www.aarquiteta.com.br\/blog\/wp-json\/wp\/v2\/users\/102"}],"replies":[{"embeddable":true,"href":"https:\/\/www.aarquiteta.com.br\/blog\/wp-json\/wp\/v2\/comments?post=151842"}],"version-history":[{"count":0,"href":"https:\/\/www.aarquiteta.com.br\/blog\/wp-json\/wp\/v2\/posts\/151842\/revisions"}],"wp:featuredmedia":[{"embeddable":true,"href":"https:\/\/www.aarquiteta.com.br\/blog\/wp-json\/wp\/v2\/media\/151835"}],"wp:attachment":[{"href":"https:\/\/www.aarquiteta.com.br\/blog\/wp-json\/wp\/v2\/media?parent=151842"}],"wp:term":[{"taxonomy":"category","embeddable":true,"href":"https:\/\/www.aarquiteta.com.br\/blog\/wp-json\/wp\/v2\/categories?post=151842"},{"taxonomy":"post_tag","embeddable":true,"href":"https:\/\/www.aarquiteta.com.br\/blog\/wp-json\/wp\/v2\/tags?post=151842"}],"curies":[{"name":"wp","href":"https:\/\/api.w.org\/{rel}","templated":true}]}}