{"id":151768,"date":"2025-05-22T17:17:32","date_gmt":"2025-05-22T20:17:32","guid":{"rendered":"https:\/\/www.aarquiteta.com.br\/blog\/geladeira-retro\/"},"modified":"2025-05-22T17:17:32","modified_gmt":"2025-05-22T20:17:32","slug":"geladeira-retro","status":"publish","type":"post","link":"https:\/\/www.aarquiteta.com.br\/blog\/geladeira-retro\/","title":{"rendered":"Inspira\u00e7\u00f5es e modelos encantadores de geladeiras retr\u00f4 para sua cozinha"},"content":{"rendered":"<p>Voc\u00ea sabia que uma geladeira retr\u00f4 pode transformar completamente a decora\u00e7\u00e3o da sua cozinha? Esses eletrodom\u00e9sticos encantadores s\u00e3o ideais para quem busca um toque vintage sem abrir m\u00e3o da modernidade. Vamos explorar juntos as diversas op\u00e7\u00f5es dispon\u00edveis que combinam estilo e funcionalidade.<\/p>\n<p>A escolha de uma <b>geladeira retr\u00f4<\/b> n\u00e3o \u00e9 apenas sobre utilidade, mas sobre dar um charme extra ao seu ambiente. Com cores vibrantes e formatos variados, esses modelos podem ser a pe\u00e7a-chave na decor da sua cozinha, trazendo nostalgia e muita personalidade. Pronto para se inspirar?<\/p>\n<h3>Por que escolher uma geladeira retr\u00f4?<\/h3>\n<figure style=\"width: 1024px\" class=\"wp-caption aligncenter\"><img decoding=\"async\" src=\"https:\/\/www.aarquiteta.com.br\/blog\/wp-content\/uploads\/2025\/05\/geladeira-retro-5-730x445.jpg\" alt=\"Contrastar a cor com o mobili\u00e1rio.\" title=\"\"><figcaption class=\"wp-caption-text\">Contrastar a cor com o mobili\u00e1rio.<\/figcaption><\/figure>\n<p>Antes de falarmos das op\u00e7\u00f5es, \u00e9 importante ressaltar que a geladeira retr\u00f4 n\u00e3o \u00e9 apenas um eletrodom\u00e9stico. Ela pode <b>real\u00e7ar a eleg\u00e2ncia<\/b> do seu espa\u00e7o, transformando completamente a atmosfera da sua cozinha. Al\u00e9m disso, esses modelos s\u00e3o altamente eficientes e muitas vezes superiores \u00e0s geladeiras comuns.<\/p>\n<h3>Modelos encantadores de geladeiras retr\u00f4<\/h3>\n<figure style=\"width: 1024px\" class=\"wp-caption aligncenter\"><img decoding=\"async\" src=\"https:\/\/www.aarquiteta.com.br\/blog\/wp-content\/uploads\/2025\/05\/geladeira-retro01.jpg\" alt=\"Geladeira retr\u00f4: 20 ideias maravilhosas e modelos para comprar\" width=\"1024\" height=\"1024\" title=\"\"><figcaption class=\"wp-caption-text\">Geladeira retr\u00f4: 20 ideias maravilhosas e modelos para comprar<\/figcaption><\/figure>\n<p>Aqui est\u00e3o algumas <b>ideias fascinantes<\/b> para voc\u00ea considerar na hora de escolher sua geladeira retr\u00f4:<\/p>\n<ul>\n<li><b>Vermelha<\/b>: Um cl\u00e1ssico que sempre chama aten\u00e7\u00e3o.<\/li>\n<li><b>Amarela<\/b>: Para quem ama cores vibrantes e quer um ambiente mais alegre.<\/li>\n<li><b>Branca<\/b>: Combina bem com todos os estilos e \u00e9 super pr\u00e1tica.<\/li>\n<li><b>Azul<\/b>: Um charme especial que traz serenidade ao ambiente.<\/li>\n<li><b>Preta<\/b>: Ideal para quem prefere um estilo mais elegante e neutro.<\/li>\n<\/ul>\n<h3>5 Dicas para escolher sua geladeira retr\u00f4<\/h3>\n<figure style=\"width: 1024px\" class=\"wp-caption aligncenter\"><img decoding=\"async\" src=\"https:\/\/www.aarquiteta.com.br\/blog\/wp-content\/uploads\/2025\/05\/geladeira-retro-capa.jpg\" alt=\"A geladeira retr\u00f4 vermelha \u00e9 um cl\u00e1ssico.\" title=\"\"><figcaption class=\"wp-caption-text\">A geladeira retr\u00f4 vermelha \u00e9 um cl\u00e1ssico.<\/figcaption><\/figure>\n<ol>\n<li>Considere o espa\u00e7o dispon\u00edvel na sua cozinha.<\/li>\n<li>Escolha uma cor que combine com o restante da decora\u00e7\u00e3o.<\/li>\n<li>Verifique a efici\u00eancia energ\u00e9tica do modelo.<\/li>\n<li>Prefira marcas que oferecem garantia e assist\u00eancia t\u00e9cnica.<\/li>\n<li>Busque por pre\u00e7os e promo\u00e7\u00f5es online.<\/li>\n<\/ol>\n<h3>Tabela comparativa dos modelos<\/h3>\n<figure style=\"width: 1024px\" class=\"wp-caption aligncenter\"><img decoding=\"async\" src=\"https:\/\/www.aarquiteta.com.br\/blog\/wp-content\/uploads\/2025\/05\/geladeira-retro02.jpg\" alt=\"Geladeira retr\u00f4: 20 ideias maravilhosas e modelos para comprar\" width=\"1024\" height=\"1024\" title=\"\"><figcaption class=\"wp-caption-text\">Geladeira retr\u00f4: 20 ideias maravilhosas e modelos para comprar<\/figcaption><\/figure>\n<table>\n<tr>\n<th>Cor<\/th>\n<th>Estilo<\/th>\n<th>Ideal para<\/th>\n<\/tr>\n<tr>\n<td>Vermelha<\/td>\n<td>Cl\u00e1ssico<\/td>\n<td>Focar em detalhes decorativos<\/td>\n<\/tr>\n<tr>\n<td>Amarela<\/td>\n<td>Alegre<\/td>\n<td>Aumentar a energia do ambiente<\/td>\n<\/tr>\n<tr>\n<td>Branca<\/td>\n<td>Vers\u00e1til<\/td>\n<td>Ambientes variados<\/td>\n<\/tr>\n<tr>\n<td>Azul<\/td>\n<td>Calmo<\/td>\n<td>Ambientes relaxantes<\/td>\n<\/tr>\n<tr>\n<td>Preta<\/td>\n<td>Elegante<\/td>\n<td>Decor mais neutro<\/td>\n<\/tr>\n<\/table>\n<h3>Harmonizando a geladeira retr\u00f4 na sua decora\u00e7\u00e3o<\/h3>\n<figure style=\"width: 1024px\" class=\"wp-caption aligncenter\"><img decoding=\"async\" src=\"https:\/\/www.aarquiteta.com.br\/blog\/wp-content\/uploads\/2025\/05\/geladeira-retro-1.jpg\" alt=\"Fica superelegante quando \u00e9 destaque na cozinha.\" title=\"\"><figcaption class=\"wp-caption-text\">Fica superelegante quando \u00e9 destaque na cozinha.<\/figcaption><\/figure>\n<p>A geladeira retr\u00f4 pode se encaixar em diversos estilos, desde o <b>vintage<\/b> at\u00e9 o industrial, e tudo depende de como voc\u00ea a combina com outros elementos. Uma dica simples \u00e9 usar elementos que complementem a cor da sua geladeira, como pratos, toalhas ou paredes.<\/p>\n<p>Agora que voc\u00ea j\u00e1 est\u00e1 cheio de inspira\u00e7\u00f5es e dicas, que tal dar o pr\u00f3ximo passo e considerar qual geladeira retr\u00f4 fica melhor na sua cozinha? Escolha um modelo que se identifique com voc\u00ea e <b>transforme seu espa\u00e7o<\/b>!<\/p>\n<h3>Conte\u00fado relacionado<\/h3>\n<figure style=\"width: 1024px\" class=\"wp-caption aligncenter\"><img decoding=\"async\" src=\"https:\/\/www.aarquiteta.com.br\/blog\/wp-content\/uploads\/2025\/05\/geladeira-retro03.jpg\" alt=\"Geladeira retr\u00f4: 20 ideias maravilhosas e modelos para comprar\" width=\"1024\" height=\"1024\" title=\"\"><figcaption class=\"wp-caption-text\">Geladeira retr\u00f4: 20 ideias maravilhosas e modelos para comprar<\/figcaption><\/figure>\n<ul>\n<li>Dicas para criar uma cozinha colorida<\/li>\n<li>Como organizar sua cozinha de forma pr\u00e1tica<\/li>\n<li>Decora\u00e7\u00f5es modernas para ambientes pequenos<\/li>\n<\/ul>\n<p>Ficou curioso? Comente abaixo sua opini\u00e3o sobre as geladeiras retr\u00f4 ou compartilhe sua foto favorita com a gente!<\/p>\n<figure style=\"width: 1024px\" class=\"wp-caption aligncenter\"><img decoding=\"async\" src=\"https:\/\/www.aarquiteta.com.br\/blog\/wp-content\/uploads\/2025\/05\/geladeira-retro-2-730x487.jpg\" alt=\"Conversa muito bem na decora\u00e7\u00e3o com plantas, por exemplo.\" title=\"\"><figcaption class=\"wp-caption-text\">Conversa muito bem na decora\u00e7\u00e3o com plantas, por exemplo.<\/figcaption><\/figure>\n<figure style=\"width: 1024px\" class=\"wp-caption aligncenter\"><img decoding=\"async\" src=\"https:\/\/www.aarquiteta.com.br\/blog\/wp-content\/uploads\/2025\/05\/geladeira-retro4.jpg\" alt=\"Geladeira retr\u00f4: 20 ideias maravilhosas e modelos para comprar\" width=\"1024\" height=\"1024\" title=\"\"><figcaption class=\"wp-caption-text\">Geladeira retr\u00f4: 20 ideias maravilhosas e modelos para comprar<\/figcaption><\/figure>\n<figure style=\"width: 1024px\" class=\"wp-caption aligncenter\"><img decoding=\"async\" src=\"https:\/\/www.aarquiteta.com.br\/blog\/wp-content\/uploads\/2025\/05\/geladeira-retro-3-730x1015.jpg\" alt=\"Se encaixando tamb\u00e9m em espa\u00e7os pequenos.\" title=\"\"><figcaption class=\"wp-caption-text\">Se encaixando tamb\u00e9m em espa\u00e7os pequenos.<\/figcaption><\/figure>\n<h3>Para se aprofundar mais sobre o tema, veja a minha recomenda\u00e7\u00e3o sobre o tema deste artigo no v\u00eddeo a seguir abaixo:<\/h3>\n<p><iframe title=\"YouTube video player\" src=\"https:\/\/www.youtube.com\/embed\/L76Epy0oBlY\" width=\"560\" height=\"315\" frameborder=\"0\" allowfullscreen=\"allowfullscreen\"><\/iframe><\/p>\n<figure style=\"width: 1024px\" class=\"wp-caption aligncenter\"><img decoding=\"async\" src=\"https:\/\/www.aarquiteta.com.br\/blog\/wp-content\/uploads\/2025\/05\/geladeira-retro-4.jpg\" alt=\"Voc\u00ea pode escolher uma cor forte, como a geladeira retr\u00f4 amarela.\" title=\"\"><figcaption class=\"wp-caption-text\">Voc\u00ea pode escolher uma cor forte, como a geladeira retr\u00f4 amarela.<\/figcaption><\/figure>\n","protected":false},"excerpt":{"rendered":"<p>Voc\u00ea sabia que uma geladeira retr\u00f4 pode transformar completamente a decora\u00e7\u00e3o da sua cozinha? Esses eletrodom\u00e9sticos encantadores s\u00e3o ideais para quem busca um toque vintage sem abrir m\u00e3o da modernidade. Vamos explorar juntos as diversas op\u00e7\u00f5es dispon\u00edveis que combinam estilo e funcionalidade. A escolha de uma geladeira retr\u00f4 n\u00e3o \u00e9 apenas sobre utilidade, mas sobre [&hellip;]<\/p>\n","protected":false},"author":102,"featured_media":151761,"comment_status":"open","ping_status":"","sticky":false,"template":"","format":"standard","meta":{"footnotes":""},"categories":[1484],"tags":[],"class_list":["post-151768","post","type-post","status-publish","format-standard","has-post-thumbnail","category-decoracao"],"_wp_attached_file":null,"_wp_attachment_metadata":null,"_wp_attachment_context":null,"_wp_attachment_is_custom_header":null,"geo_longitude":null,"geo_public":null,"geo_latitude":null,"_publicize_done_external":null,"_wpas_done_3897181":null,"publicize_twitter_user":null,"_wpas_done_3897175":null,"_wpas_skip_3897181":null,"_wpas_skip_3897175":null,"_wpas_skip_3924723":null,"_wpas_mess":null,"_wpas_done_3924723":null,"wps_subtitle":"","_links":{"self":[{"href":"https:\/\/www.aarquiteta.com.br\/blog\/wp-json\/wp\/v2\/posts\/151768","targetHints":{"allow":["GET"]}}],"collection":[{"href":"https:\/\/www.aarquiteta.com.br\/blog\/wp-json\/wp\/v2\/posts"}],"about":[{"href":"https:\/\/www.aarquiteta.com.br\/blog\/wp-json\/wp\/v2\/types\/post"}],"author":[{"embeddable":true,"href":"https:\/\/www.aarquiteta.com.br\/blog\/wp-json\/wp\/v2\/users\/102"}],"replies":[{"embeddable":true,"href":"https:\/\/www.aarquiteta.com.br\/blog\/wp-json\/wp\/v2\/comments?post=151768"}],"version-history":[{"count":0,"href":"https:\/\/www.aarquiteta.com.br\/blog\/wp-json\/wp\/v2\/posts\/151768\/revisions"}],"wp:featuredmedia":[{"embeddable":true,"href":"https:\/\/www.aarquiteta.com.br\/blog\/wp-json\/wp\/v2\/media\/151761"}],"wp:attachment":[{"href":"https:\/\/www.aarquiteta.com.br\/blog\/wp-json\/wp\/v2\/media?parent=151768"}],"wp:term":[{"taxonomy":"category","embeddable":true,"href":"https:\/\/www.aarquiteta.com.br\/blog\/wp-json\/wp\/v2\/categories?post=151768"},{"taxonomy":"post_tag","embeddable":true,"href":"https:\/\/www.aarquiteta.com.br\/blog\/wp-json\/wp\/v2\/tags?post=151768"}],"curies":[{"name":"wp","href":"https:\/\/api.w.org\/{rel}","templated":true}]}}