{"id":151660,"date":"2025-05-20T17:51:59","date_gmt":"2025-05-20T20:51:59","guid":{"rendered":"https:\/\/www.aarquiteta.com.br\/blog\/blocos-de-fundacao\/"},"modified":"2025-05-20T17:51:59","modified_gmt":"2025-05-20T20:51:59","slug":"blocos-de-fundacao","status":"publish","type":"post","link":"https:\/\/www.aarquiteta.com.br\/blog\/blocos-de-fundacao\/","title":{"rendered":"A Import\u00e2ncia dos Blocos de Funda\u00e7\u00e3o na Constru\u00e7\u00e3o Civil"},"content":{"rendered":"<p>Voc\u00ea sabia que os <b>blocos de funda\u00e7\u00e3o<\/b> s\u00e3o essenciais para a estabilidade de qualquer constru\u00e7\u00e3o? Vamos entender o que s\u00e3o, suas vantagens e tipos! <\/p>\n<h3>O que s\u00e3o blocos de funda\u00e7\u00e3o?<\/h3>\n<p>Os <b>blocos de funda\u00e7\u00e3o<\/b> s\u00e3o elementos que garantem a distribui\u00e7\u00e3o adequada do peso das constru\u00e7\u00f5es ao solo. Eles fazem parte das funda\u00e7\u00f5es rasas. <\/p>\n<p>Esses blocos s\u00e3o geralmente feitos de <b>concreto<\/b> e podem ser usados isoladamente ou em conjunto com outros elementos como estacas e tubul\u00f5es. Em resumo, eles s\u00e3o a base que mant\u00e9m a obra de p\u00e9.<\/p>\n<h3>Vantagens dos blocos de funda\u00e7\u00e3o<\/h3>\n<figure style=\"width: 1024px\" class=\"wp-caption aligncenter\"><img decoding=\"async\" src=\"https:\/\/www.aarquiteta.com.br\/blog\/wp-content\/uploads\/2025\/05\/blocos-de-fundacao01.jpg\" alt=\"A Import\u00e2ncia dos Blocos de Funda\u00e7\u00e3o na Constru\u00e7\u00e3o Civil\" width=\"1024\" height=\"1024\" title=\"\"><figcaption class=\"wp-caption-text\">A Import\u00e2ncia dos Blocos de Funda\u00e7\u00e3o na Constru\u00e7\u00e3o Civil<\/figcaption><\/figure>\n<p>Os <b>blocos de funda\u00e7\u00e3o<\/b> oferecem muitas vantagens, come\u00e7ando pela sua efici\u00eancia em distribuir as cargas das constru\u00e7\u00f5es para o solo. Eles s\u00e3o mais r\u00e1pidos e econ\u00f4micos do que outros tipos de funda\u00e7\u00e3o. <\/p>\n<p>Outra vantagem \u00e9 a flexibilidade nos materiais, pois podem ser feitos de <b>concreto<\/b>, alvenaria ou at\u00e9 blocos pr\u00e9-moldados. Eles tamb\u00e9m facilitam a execu\u00e7\u00e3o da obra, garantindo mais controle e alinhamento. Olha que legal!<\/p>\n<h3>Tipos de blocos de funda\u00e7\u00e3o<\/h3>\n<p>Existem alguns tipos de <b>blocos de funda\u00e7\u00e3o<\/b> adequados para diferentes condi\u00e7\u00f5es de solo. Aqui est\u00e3o os principais:<\/p>\n<ul>\n<li><b>Blocos de funda\u00e7\u00e3o sobre estacas:<\/b> usados quando o solo n\u00e3o suporta bem as cargas.<\/li>\n<li><b>Blocos de funda\u00e7\u00e3o sobre tubul\u00f5es:<\/b> indicados para terrenos mais desafiadores.<\/li>\n<\/ul>\n<h3>Tabela resumo: Blocos de Funda\u00e7\u00e3o<\/h3>\n<figure style=\"width: 1024px\" class=\"wp-caption aligncenter\"><img decoding=\"async\" src=\"https:\/\/www.aarquiteta.com.br\/blog\/wp-content\/uploads\/2025\/05\/blocos-de-fundacao02.jpg\" alt=\" A Import\u00e2ncia dos Blocos de Funda\u00e7\u00e3o na Constru\u00e7\u00e3o Civil\" width=\"1024\" height=\"1024\" title=\"\"><figcaption class=\"wp-caption-text\">A Import\u00e2ncia dos Blocos de Funda\u00e7\u00e3o na Constru\u00e7\u00e3o Civil<\/figcaption><\/figure>\n<table>\n<tr>\n<th>Tipo<\/th>\n<th>Uso<\/th>\n<th>Vantagens<\/th>\n<\/tr>\n<tr>\n<td>Sobre Estacas<\/td>\n<td>Solo com baixa capacidade de suporte<\/td>\n<td>Distribui\u00e7\u00e3o eficaz das cargas<\/td>\n<\/tr>\n<tr>\n<td>Sobre Tubul\u00f5es<\/td>\n<td>Terreno desafiador<\/td>\n<td>Funda\u00e7\u00e3o s\u00f3lida para grandes obras<\/td>\n<\/tr>\n<\/table>\n<h3>Execu\u00e7\u00e3o dos blocos de funda\u00e7\u00e3o<\/h3>\n<p>A execu\u00e7\u00e3o dos <b>blocos de funda\u00e7\u00e3o<\/b> envolve v\u00e1rias etapas, como escava\u00e7\u00e3o, arrasamento das estacas, e <b>montagem da forma<\/b>. Cada uma delas \u00e9 crucial para garantir a qualidade da funda\u00e7\u00e3o. <\/p>\n<p>Realmente, voc\u00ea deve prestar aten\u00e7\u00e3o em todos os passos, pois um erro pode comprometer toda a estrutura. E, vamos combinar, n\u00e3o queremos que nossa constru\u00e7\u00e3o vire uma novela, n\u00e3o \u00e9 mesmo?<\/p>\n<h3>Bloco de funda\u00e7\u00e3o ou sapata?<\/h3>\n<figure style=\"width: 1024px\" class=\"wp-caption aligncenter\"><img decoding=\"async\" src=\"https:\/\/www.aarquiteta.com.br\/blog\/wp-content\/uploads\/2025\/05\/blocos-de-fundacao03.jpg\" alt=\" A Import\u00e2ncia dos Blocos de Funda\u00e7\u00e3o na Constru\u00e7\u00e3o Civil\" width=\"1024\" height=\"1024\" title=\"\"><figcaption class=\"wp-caption-text\">A Import\u00e2ncia dos Blocos de Funda\u00e7\u00e3o na Constru\u00e7\u00e3o Civil<\/figcaption><\/figure>\n<p>Na d\u00favida entre <b>blocos de funda\u00e7\u00e3o<\/b> e sapatas? As sapatas s\u00e3o melhores para terrenos com varia\u00e7\u00e3o maior de carga. J\u00e1 os blocos s\u00e3o ideais para terrenos mais est\u00e1veis. <\/p>\n<h3>Transforme sua gest\u00e3o com o Obra Prima!<\/h3>\n<p>Quer se aprofundar mais? O <b>Obra Prima<\/b> pode ajudar na gest\u00e3o do seu projeto, do planejamento at\u00e9 a execu\u00e7\u00e3o! Experimente e veja a diferen\u00e7a!<\/p>\n<p>Acho que agora voc\u00ea j\u00e1 entende a import\u00e2ncia dos <b>blocos de funda\u00e7\u00e3o<\/b>, certo? Eles n\u00e3o s\u00e3o s\u00f3 um detalhe, mas sim o que faz a sua obra ficar firme e duradoura!<\/p>\n<figure style=\"width: 1024px\" class=\"wp-caption aligncenter\"><img decoding=\"async\" src=\"https:\/\/www.aarquiteta.com.br\/blog\/wp-content\/uploads\/2025\/05\/blocos-de-fundacao4.jpg\" alt=\" A Import\u00e2ncia dos Blocos de Funda\u00e7\u00e3o na Constru\u00e7\u00e3o Civil\" width=\"1024\" height=\"1024\" title=\"\"><figcaption class=\"wp-caption-text\">A Import\u00e2ncia dos Blocos de Funda\u00e7\u00e3o na Constru\u00e7\u00e3o Civil<\/figcaption><\/figure>\n<h3>Para se aprofundar mais sobre o tema, veja a minha recomenda\u00e7\u00e3o sobre o tema deste artigo no v\u00eddeo a seguir abaixo:<\/h3>\n<p><iframe title=\"YouTube video player\" src=\"https:\/\/www.youtube.com\/embed\/B_quB3wxGl0\" width=\"560\" height=\"315\" frameborder=\"0\" allowfullscreen=\"allowfullscreen\"><\/iframe><\/p>\n","protected":false},"excerpt":{"rendered":"<p>Descubra como os blocos de funda\u00e7\u00e3o s\u00e3o essenciais para a estabilidade de constru\u00e7\u00f5es e seu impacto na durabilidade da obra.<\/p>\n","protected":false},"author":102,"featured_media":151659,"comment_status":"open","ping_status":"","sticky":false,"template":"","format":"standard","meta":{"footnotes":""},"categories":[249],"tags":[],"class_list":["post-151660","post","type-post","status-publish","format-standard","has-post-thumbnail","category-engenharia-e-construcao-civil"],"_wp_attached_file":null,"_wp_attachment_metadata":null,"_wp_attachment_context":null,"_wp_attachment_is_custom_header":null,"geo_longitude":null,"geo_public":null,"geo_latitude":null,"_publicize_done_external":null,"_wpas_done_3897181":null,"publicize_twitter_user":null,"_wpas_done_3897175":null,"_wpas_skip_3897181":null,"_wpas_skip_3897175":null,"_wpas_skip_3924723":null,"_wpas_mess":null,"_wpas_done_3924723":null,"wps_subtitle":"","_links":{"self":[{"href":"https:\/\/www.aarquiteta.com.br\/blog\/wp-json\/wp\/v2\/posts\/151660","targetHints":{"allow":["GET"]}}],"collection":[{"href":"https:\/\/www.aarquiteta.com.br\/blog\/wp-json\/wp\/v2\/posts"}],"about":[{"href":"https:\/\/www.aarquiteta.com.br\/blog\/wp-json\/wp\/v2\/types\/post"}],"author":[{"embeddable":true,"href":"https:\/\/www.aarquiteta.com.br\/blog\/wp-json\/wp\/v2\/users\/102"}],"replies":[{"embeddable":true,"href":"https:\/\/www.aarquiteta.com.br\/blog\/wp-json\/wp\/v2\/comments?post=151660"}],"version-history":[{"count":0,"href":"https:\/\/www.aarquiteta.com.br\/blog\/wp-json\/wp\/v2\/posts\/151660\/revisions"}],"wp:featuredmedia":[{"embeddable":true,"href":"https:\/\/www.aarquiteta.com.br\/blog\/wp-json\/wp\/v2\/media\/151659"}],"wp:attachment":[{"href":"https:\/\/www.aarquiteta.com.br\/blog\/wp-json\/wp\/v2\/media?parent=151660"}],"wp:term":[{"taxonomy":"category","embeddable":true,"href":"https:\/\/www.aarquiteta.com.br\/blog\/wp-json\/wp\/v2\/categories?post=151660"},{"taxonomy":"post_tag","embeddable":true,"href":"https:\/\/www.aarquiteta.com.br\/blog\/wp-json\/wp\/v2\/tags?post=151660"}],"curies":[{"name":"wp","href":"https:\/\/api.w.org\/{rel}","templated":true}]}}