{"id":151597,"date":"2025-05-19T17:45:45","date_gmt":"2025-05-19T20:45:45","guid":{"rendered":"https:\/\/www.aarquiteta.com.br\/blog\/azul-petroleo\/"},"modified":"2025-05-19T17:45:45","modified_gmt":"2025-05-19T20:45:45","slug":"azul-petroleo","status":"publish","type":"post","link":"https:\/\/www.aarquiteta.com.br\/blog\/azul-petroleo\/","title":{"rendered":"Decore sua Casa com Estilo Usando Azul Petr\u00f3leo"},"content":{"rendered":"<p>Decorar a casa usando <b>azul petr\u00f3leo<\/b> pode dar um toque moderno e sofisticado aos ambientes. A cor, que remete \u00e0s profundezas do mar, traz eleg\u00e2ncia e aconchego. Aqui voc\u00ea vai descobrir como usar esse tom incr\u00edvel na decora\u00e7\u00e3o de sua casa!<\/p>\n<p>Mas antes, voc\u00ea j\u00e1 parou para pensar como uma simples cor pode mudar totalmente a vibe de um espa\u00e7o? O azul petr\u00f3leo combina com tons neutros e at\u00e9 com cores vibrantes, permitindo misturas interessantes. \u00c9 uma escolha que vale a pena considerar.<\/p>\n<p>Se voc\u00ea quer inova\u00e7\u00e3o e estilo, continue lendo! Vou compartilhar dicas pr\u00e1ticas e inspira\u00e7\u00f5es para usar o azul petr\u00f3leo na sua casa, tornando cada ambiente mais acolhedor e encantador.<\/p>\n<h3>1. Sof\u00e1s e Poltronas: A Pe\u00e7a-Chave<\/h3>\n<figure style=\"width: 1024px\" class=\"wp-caption aligncenter\"><img decoding=\"async\" src=\"https:\/\/www.aarquiteta.com.br\/blog\/wp-content\/uploads\/2025\/05\/azul-petroleo-05-730x730.jpg\" alt=\"POLTRONAS NO TOM PARA UMA SALA SOFISTICADA\" title=\"\"><figcaption class=\"wp-caption-text\">POLTRONAS NO TOM PARA UMA SALA SOFISTICADA<\/figcaption><\/figure>\n<p>Come\u00e7ando pela sala, um <b>sof\u00e1 azul petr\u00f3leo<\/b> se destaca e vira protagonista. As poltronas tamb\u00e9m s\u00e3o uma \u00f3tima pedida para dar aquele toque especial.<\/p>\n<h3>2. Paredes Sofisticadas<\/h3>\n<figure style=\"width: 1024px\" class=\"wp-caption aligncenter\"><img decoding=\"async\" src=\"https:\/\/www.aarquiteta.com.br\/blog\/wp-content\/uploads\/2025\/05\/azul-petroleo01.jpg\" alt=\"Inspira\u00e7\u00f5es Modernas com Azul Petr\u00f3leo para Decorar sua Casa\" width=\"1024\" height=\"1024\" title=\"\"><figcaption class=\"wp-caption-text\">Inspira\u00e7\u00f5es Modernas com Azul Petr\u00f3leo para Decorar sua Casa<\/figcaption><\/figure>\n<p>Pintar uma parede de azul petr\u00f3leo \u00e9 uma forma impactante de transformar o ambiente. Voc\u00ea pode optar por uma \u00fanica parede para n\u00e3o excessivamente escura e manter o espa\u00e7o leve.<\/p>\n<h3>3. Detalhes que Encantam<\/h3>\n<figure style=\"width: 1024px\" class=\"wp-caption aligncenter\"><img decoding=\"async\" src=\"https:\/\/www.aarquiteta.com.br\/blog\/wp-content\/uploads\/2025\/05\/azul-petroleo-000.jpg\" alt=\"Azul petr\u00f3leo: 70 ideias modernas para apostar na cor\" title=\"\"><figcaption class=\"wp-caption-text\">Azul petr\u00f3leo: 70 ideias modernas para apostar na cor<\/figcaption><\/figure>\n<ul>\n<li><b>Almofadas<\/b>: Misture com tecidos neutros ou vibrantes.<\/li>\n<li><b>Vasos e Objetos Decorativos<\/b>: Pequenos toques que fazem a diferen\u00e7a.<\/li>\n<li><b>Cortinas<\/b>: Uma forma discreta de incluir a cor.<\/li>\n<\/ul>\n<h3>4. Mobili\u00e1rio com Charme<\/h3>\n<figure style=\"width: 1024px\" class=\"wp-caption aligncenter\"><img decoding=\"async\" src=\"https:\/\/www.aarquiteta.com.br\/blog\/wp-content\/uploads\/2025\/05\/azul-petroleo02.jpg\" alt=\"Inspira\u00e7\u00f5es Modernas com Azul Petr\u00f3leo para Decorar sua Casa\" width=\"1024\" height=\"1024\" title=\"\"><figcaption class=\"wp-caption-text\">Inspira\u00e7\u00f5es Modernas com Azul Petr\u00f3leo para Decorar sua Casa<\/figcaption><\/figure>\n<p>M\u00f3veis azuis petr\u00f3leo, como mesas de centro e estantes, ajudam a criar uma atmosfera \u00fanica. Eles combinam bem com madeiras claras, proporcionando um contraste harmonioso.<\/p>\n<h3>5. Cozinha Encantadora<\/h3>\n<figure style=\"width: 1024px\" class=\"wp-caption aligncenter\"><img decoding=\"async\" src=\"https:\/\/www.aarquiteta.com.br\/blog\/wp-content\/uploads\/2025\/05\/azul-petroleo-1-730x485.jpg\" alt=\"UMA COR ELEGANTE PARA O QUARTO\" title=\"\"><figcaption class=\"wp-caption-text\">UMA COR ELEGANTE PARA O QUARTO<\/figcaption><\/figure>\n<p>A cor tamb\u00e9m \u00e9 perfeita para a cozinha! Um <b>arm\u00e1rio azul petr\u00f3leo<\/b> ou azulejos na cozinha trazem modernidade e charme ao espa\u00e7o.<\/p>\n<h3>6. Ambientes Integrados<\/h3>\n<figure style=\"width: 1024px\" class=\"wp-caption aligncenter\"><img decoding=\"async\" src=\"https:\/\/www.aarquiteta.com.br\/blog\/wp-content\/uploads\/2025\/05\/azul-petroleo03.jpg\" alt=\"Inspira\u00e7\u00f5es Modernas com Azul Petr\u00f3leo para Decorar sua Casa\" width=\"1024\" height=\"1024\" title=\"\"><figcaption class=\"wp-caption-text\">Inspira\u00e7\u00f5es Modernas com Azul Petr\u00f3leo para Decorar sua Casa<\/figcaption><\/figure>\n<p>Neste caso, o azul petr\u00f3leo pode demarcar espa\u00e7os. Por exemplo, uma mesa de jantar ou cadeiras no tom criam um visual muito interessante.<\/p>\n<h3>7. Acalma o Quarto<\/h3>\n<figure style=\"width: 1024px\" class=\"wp-caption aligncenter\"><img decoding=\"async\" src=\"https:\/\/www.aarquiteta.com.br\/blog\/wp-content\/uploads\/2025\/05\/azul-petroleo-2-730x487.jpg\" alt=\"PARA A SALA, UM ACONCHEGANTE SOF\u00c1 AZUL PETR\u00d3LEO\" title=\"\"><figcaption class=\"wp-caption-text\">PARA A SALA, UM ACONCHEGANTE SOF\u00c1 AZUL PETR\u00d3LEO<\/figcaption><\/figure>\n<p>No quarto, o azul petr\u00f3leo \u00e9 uma escolha serena. Um criado-mudo ou at\u00e9 mesmo a cabeceira da cama no tom geram um ambiente calmo e relaxante.<\/p>\n<table>\n<tr>\n<th><b>Ambiente<\/b><\/th>\n<th><b>Forma de Uso<\/b><\/th>\n<\/tr>\n<tr>\n<td>Sala<\/td>\n<td>Sof\u00e1s e poltronas<\/td>\n<\/tr>\n<tr>\n<td>Paredes<\/td>\n<td>Pintura ou papel de parede<\/td>\n<\/tr>\n<tr>\n<td>Cozinha<\/td>\n<td>Arm\u00e1rios e azulejos<\/td>\n<\/tr>\n<tr>\n<td>Quarto<\/td>\n<td>Detalhes em m\u00f3veis<\/td>\n<\/tr>\n<\/table>\n<p>Com essas dicas, voc\u00ea j\u00e1 sabe como utilizar o <b>azul petr\u00f3leo<\/b>  na sua casa. \u00c9 uma cor que oferece muitas possibilidades, dando vida e estilo aos ambientes.<\/p>\n<p>Me conta: quais ideias voc\u00ea mais gostou? Compartilhe suas experi\u00eancias, e se voc\u00ea tiver mais d\u00favidas, estou aqui para ajudar! N\u00e3o esque\u00e7a de explorar mais conte\u00fados sobre decora\u00e7\u00e3o e cores para deixar sua casa ainda mais linda!<\/p>\n<figure style=\"width: 1024px\" class=\"wp-caption aligncenter\"><img decoding=\"async\" src=\"https:\/\/www.aarquiteta.com.br\/blog\/wp-content\/uploads\/2025\/05\/azul-petroleo4.jpg\" alt=\"Inspira\u00e7\u00f5es Modernas com Azul Petr\u00f3leo para Decorar sua Casa\" width=\"1024\" height=\"1024\" title=\"\"><figcaption class=\"wp-caption-text\">Inspira\u00e7\u00f5es Modernas com Azul Petr\u00f3leo para Decorar sua Casa<\/figcaption><\/figure>\n<figure style=\"width: 1024px\" class=\"wp-caption aligncenter\"><img decoding=\"async\" src=\"https:\/\/www.aarquiteta.com.br\/blog\/wp-content\/uploads\/2025\/05\/azul-petroleo-3-730x485.jpg\" alt=\"INOVE NA DECORA\u00c7\u00c3O COM UMA ESTANTE NO TOM\" title=\"\"><figcaption class=\"wp-caption-text\">INOVE NA DECORA\u00c7\u00c3O COM UMA ESTANTE NO TOM<\/figcaption><\/figure>\n<h3>Para se aprofundar mais sobre o tema, veja a minha recomenda\u00e7\u00e3o sobre o tema deste artigo no v\u00eddeo a seguir abaixo:<\/h3>\n<p><iframe title=\"YouTube video player\" src=\"https:\/\/www.youtube.com\/embed\/m7G9pM9VejM\" width=\"560\" height=\"315\" frameborder=\"0\" allowfullscreen=\"allowfullscreen\"><\/iframe><\/p>\n<figure style=\"width: 1024px\" class=\"wp-caption aligncenter\"><img decoding=\"async\" src=\"https:\/\/www.aarquiteta.com.br\/blog\/wp-content\/uploads\/2025\/05\/azul-petroleo-4-730x913.jpg\" alt=\"PARA UM LAVABO SURPREENDENTE\" title=\"\"><figcaption class=\"wp-caption-text\">PARA UM LAVABO SURPREENDENTE<\/figcaption><\/figure>\n","protected":false},"excerpt":{"rendered":"<p>Decorar a casa usando azul petr\u00f3leo pode dar um toque moderno e sofisticado aos ambientes. A cor, que remete \u00e0s profundezas do mar, traz eleg\u00e2ncia e aconchego. Aqui voc\u00ea vai descobrir como usar esse tom incr\u00edvel na decora\u00e7\u00e3o de sua casa! Mas antes, voc\u00ea j\u00e1 parou para pensar como uma simples cor pode mudar totalmente [&hellip;]<\/p>\n","protected":false},"author":102,"featured_media":151590,"comment_status":"open","ping_status":"","sticky":false,"template":"","format":"standard","meta":{"footnotes":""},"categories":[1484],"tags":[],"class_list":["post-151597","post","type-post","status-publish","format-standard","has-post-thumbnail","category-decoracao"],"_wp_attached_file":null,"_wp_attachment_metadata":null,"_wp_attachment_context":null,"_wp_attachment_is_custom_header":null,"geo_longitude":null,"geo_public":null,"geo_latitude":null,"_publicize_done_external":null,"_wpas_done_3897181":null,"publicize_twitter_user":null,"_wpas_done_3897175":null,"_wpas_skip_3897181":null,"_wpas_skip_3897175":null,"_wpas_skip_3924723":null,"_wpas_mess":null,"_wpas_done_3924723":null,"wps_subtitle":"","_links":{"self":[{"href":"https:\/\/www.aarquiteta.com.br\/blog\/wp-json\/wp\/v2\/posts\/151597","targetHints":{"allow":["GET"]}}],"collection":[{"href":"https:\/\/www.aarquiteta.com.br\/blog\/wp-json\/wp\/v2\/posts"}],"about":[{"href":"https:\/\/www.aarquiteta.com.br\/blog\/wp-json\/wp\/v2\/types\/post"}],"author":[{"embeddable":true,"href":"https:\/\/www.aarquiteta.com.br\/blog\/wp-json\/wp\/v2\/users\/102"}],"replies":[{"embeddable":true,"href":"https:\/\/www.aarquiteta.com.br\/blog\/wp-json\/wp\/v2\/comments?post=151597"}],"version-history":[{"count":0,"href":"https:\/\/www.aarquiteta.com.br\/blog\/wp-json\/wp\/v2\/posts\/151597\/revisions"}],"wp:featuredmedia":[{"embeddable":true,"href":"https:\/\/www.aarquiteta.com.br\/blog\/wp-json\/wp\/v2\/media\/151590"}],"wp:attachment":[{"href":"https:\/\/www.aarquiteta.com.br\/blog\/wp-json\/wp\/v2\/media?parent=151597"}],"wp:term":[{"taxonomy":"category","embeddable":true,"href":"https:\/\/www.aarquiteta.com.br\/blog\/wp-json\/wp\/v2\/categories?post=151597"},{"taxonomy":"post_tag","embeddable":true,"href":"https:\/\/www.aarquiteta.com.br\/blog\/wp-json\/wp\/v2\/tags?post=151597"}],"curies":[{"name":"wp","href":"https:\/\/api.w.org\/{rel}","templated":true}]}}