{"id":151583,"date":"2025-05-19T13:04:13","date_gmt":"2025-05-19T16:04:13","guid":{"rendered":"https:\/\/www.aarquiteta.com.br\/blog\/13-planejando-seu-jardim-forracoes-trepadeiras-e-flores\/"},"modified":"2025-05-19T13:04:13","modified_gmt":"2025-05-19T16:04:13","slug":"13-planejando-seu-jardim-forracoes-trepadeiras-e-flores","status":"publish","type":"post","link":"https:\/\/www.aarquiteta.com.br\/blog\/13-planejando-seu-jardim-forracoes-trepadeiras-e-flores\/","title":{"rendered":"Cultivando um Jardim Vibrante: Dicas sobre Forra\u00e7\u00f5es, Trepadeiras e Flores"},"content":{"rendered":"<p><body><\/p>\n<p>J\u00e1 imaginou abrir a porta e se deparar com um jardim deslumbrante, cheio de cores e aromas? <b>Planejar seu jardim<\/b> com forra\u00e7\u00f5es, trepadeiras e flores \u00e9 a chave para criar esse espa\u00e7o dos sonhos.<\/p>\n<p>Esses elementos tornam o ambiente mais harmonioso e agrad\u00e1vel, al\u00e9m de facilitarem a manuten\u00e7\u00e3o. <b>Com as escolhas certas<\/b>, \u00e9 poss\u00edvel transformar at\u00e9 o menor espa\u00e7o em um verdadeiro para\u00edso verde.<\/p>\n<p>Neste artigo, vamos explorar como incorporar forra\u00e7\u00f5es, trepadeiras e flores no seu projeto paisag\u00edstico. <b>Vamos te mostrar<\/b> as melhores op\u00e7\u00f5es, dicas pr\u00e1ticas e tudo o que voc\u00ea precisa saber para dar vida ao seu jardim.<\/p>\n<h3>1. A Import\u00e2ncia das Forra\u00e7\u00f5es no Jardim<\/h3>\n<img decoding=\"async\" src=\"\" alt=\"\" title=\"\">\n<p>As <b>forra\u00e7\u00f5es<\/b> desempenham um papel essencial ao unificar os plantios de \u00e1rvores e arbustos. Elas criam um contraste bonito entre o gramado e os canteiros florais.<\/p>\n<p>Com uma variedade de texturas e cores, as forra\u00e7\u00f5es podem manter a beleza do jardim durante o inverno, quando as flores s\u00e3o escassas. Al\u00e9m disso, criar maci\u00e7os de forra\u00e7\u00f5es perenes ajuda a <b>reduzir a manuten\u00e7\u00e3o<\/b> do espa\u00e7o.<\/p>\n<h3>2. O Papel do Gramado como Forra\u00e7\u00e3o Perene<\/h3>\n<figure style=\"width: 1024px\" class=\"wp-caption aligncenter\"><img decoding=\"async\" src=\"https:\/\/www.aarquiteta.com.br\/blog\/wp-content\/uploads\/2025\/05\/13-planejando-seu-jardim-forracoes-trepadeiras-e-flores-01.jpg\" alt=\"Planejando seu Jardim: Forra\u00e7\u00f5es, Trepadeiras e Flores\" width=\"1024\" height=\"1024\" title=\"\"><figcaption class=\"wp-caption-text\">Planejando seu Jardim: Forra\u00e7\u00f5es, Trepadeiras e Flores<\/figcaption><\/figure>\n<p>O gramado \u00e9 uma forma cl\u00e1ssica de forra\u00e7\u00e3o perene. Ele proporciona unidade ao paisagismo, conectando diferentes \u00e1reas do jardim. <b>Ideal para pisoteio<\/b>, o gramado \u00e9 perfeito para \u00e1reas de recrea\u00e7\u00e3o e caminhos.<\/p>\n<p>Ao planejar um gramado, lembre-se de assegurar que ele receba pelo menos tr\u00eas horas de luz solar por dia. <b>Essa luz \u00e9 crucial<\/b> para manter um gramado saud\u00e1vel e vibrante.<\/p>\n<h3>3. Adicionando Trepadeiras ao Seu Projeto<\/h3>\n<figure style=\"width: 1024px\" class=\"wp-caption aligncenter\"><img decoding=\"async\" src=\"https:\/\/www.jardineiro.net\/wp-content\/uploads\/2014\/12\/100850289_2f0d259f51_z.jpg\" alt=\"Trepadeiras de flores pendentes, como a jade e a sapatinho-de-judia al\u00e9m de emoldurarem s\u00e3o \u00f3timas para serem admiradas por baixo em caramanch\u00f5es por exemplo. Foto de Miles Berry\" title=\"\"><figcaption class=\"wp-caption-text\">Trepadeiras de flores pendentes, como a jade e a sapatinho-de-judia al\u00e9m de emoldurarem s\u00e3o \u00f3timas para serem admiradas por baixo em caramanch\u00f5es por exemplo. Foto de Miles Berry<\/figcaption><\/figure>\n<p>As <b>trepadeiras<\/b> s\u00e3o aliadas poderosas na composi\u00e7\u00e3o do jardim. Elas suavizam superf\u00edcies r\u00edgidas, como muros e cercas, e oferecem sombra criativa para paredes.<\/p>\n<p>Essas plantas s\u00e3o ideais para espa\u00e7os pequenos, ajudando a emoldurar cantinhos e adicionando uma sensa\u00e7\u00e3o de verticalidade ao seu projeto. <b>Invista em treli\u00e7as<\/b> ou p\u00f3rticos para maximizar o uso das trepadeiras.<\/p>\n<h3>4. A Import\u00e2ncia das Flores no Jardim<\/h3>\n<figure style=\"width: 1024px\" class=\"wp-caption aligncenter\"><img decoding=\"async\" src=\"https:\/\/www.aarquiteta.com.br\/blog\/wp-content\/uploads\/2025\/05\/13-planejando-seu-jardim-forracoes-trepadeiras-e-flores-02.jpg\" alt=\"Planejando seu Jardim: Forra\u00e7\u00f5es, Trepadeiras e Flores\" width=\"1024\" height=\"1024\" title=\"\"><figcaption class=\"wp-caption-text\">Planejando seu Jardim: Forra\u00e7\u00f5es, Trepadeiras e Flores<\/figcaption><\/figure>\n<p>As <b>flores<\/b> s\u00e3o o ponto alto de qualquer jardim. Suas cores vibrantes e perfumes inconfund\u00edveis revolucionam o ambiente. Elas devem ser plantadas em maci\u00e7os ou <b>borda<\/b> de arbustos.<\/p>\n<p>\u00c9 importante combin\u00e1-las com um fundo simples, como uma cerca viva ou maci\u00e7o, para que se destaquem. Flores anuais e perenes requerem manuten\u00e7\u00e3o constante, por isso \u00e9 fundamental escolher as que melhor se adaptam ao seu estilo de vida.<\/p>\n<h3>5. Dicas para Escolher as Plantas Certas<\/h3>\n<figure style=\"width: 1024px\" class=\"wp-caption aligncenter\"><img decoding=\"async\" src=\"https:\/\/www.jardineiro.net\/wp-content\/uploads\/2014\/12\/7431647890_1b7b267c61_z.jpg\" alt=\"O gramado \u00e9 dos principais respons\u00e1veis pela unidade do jardim. Foto de Leimenide\" title=\"\"><figcaption class=\"wp-caption-text\">O gramado \u00e9 dos principais respons\u00e1veis pela unidade do jardim. Foto de Leimenide<\/figcaption><\/figure>\n<ul>\n<li><b>Clima:<\/b> Conhe\u00e7a as planta\u00e7\u00f5es adequadas para a sua regi\u00e3o.<\/li>\n<li><b>Manuten\u00e7\u00e3o:<\/b> Opte por plantas que se encaixem na sua rotina.<\/li>\n<li><b>Estilo:<\/b> Selecione esp\u00e9cies que combinem com a est\u00e9tica desejada.<\/li>\n<\/ul>\n<h3>6. Exemplo de Combina\u00e7\u00f5es em Forra\u00e7\u00f5es, Trepadeiras e Flores<\/h3>\n<figure style=\"width: 1024px\" class=\"wp-caption aligncenter\"><img decoding=\"async\" src=\"https:\/\/www.aarquiteta.com.br\/blog\/wp-content\/uploads\/2025\/05\/13-planejando-seu-jardim-forracoes-trepadeiras-e-flores-03.jpg\" alt=\"Planejando seu Jardim: Forra\u00e7\u00f5es, Trepadeiras e Flores\" width=\"1024\" height=\"1024\" title=\"\"><figcaption class=\"wp-caption-text\">Planejando seu Jardim: Forra\u00e7\u00f5es, Trepadeiras e Flores<\/figcaption><\/figure>\n<table>\n<tr>\n<th>Tipo de Planta<\/th>\n<th>Caracter\u00edsticas<\/th>\n<th>Exemplos<\/th>\n<\/tr>\n<tr>\n<td>Forra\u00e7\u00f5es<\/td>\n<td>Unificam e cobrem o solo<\/td>\n<td>Grama, Plumbago<\/td>\n<\/tr>\n<tr>\n<td>Trepadeiras<\/td>\n<td>Cobrem muros e cercas<\/td>\n<td>Jasmim, Manac\u00e1-da-serra<\/td>\n<\/tr>\n<tr>\n<td>Flores<\/td>\n<td>Adicionam cor ao espa\u00e7o<\/td>\n<td>Rosas, Girass\u00f3is<\/td>\n<\/tr>\n<\/table>\n<h3>7. Mantendo o Jardim com Efic\u00e1cia<\/h3>\n<figure style=\"width: 1024px\" class=\"wp-caption aligncenter\"><img decoding=\"async\" src=\"https:\/\/www.jardineiro.net\/wp-content\/uploads\/2014\/12\/5171085992_a32fd66626_z.jpg\" alt=\"A grama amendoim \u00e9 uma forra\u00e7\u00e3o de dupla fun\u00e7\u00e3o, pois tamb\u00e9m apresenta linda flora\u00e7\u00e3o. Foto de Maur\u00edcio Mercadante\" title=\"\"><figcaption class=\"wp-caption-text\">A grama amendoim \u00e9 uma forra\u00e7\u00e3o de dupla fun\u00e7\u00e3o, pois tamb\u00e9m apresenta linda flora\u00e7\u00e3o. Foto de Maur\u00edcio Mercadante<\/figcaption><\/figure>\n<p>Para manter um jardim bonito, \u00e9 fundamental seguir algumas dicas de manuten\u00e7\u00e3o. <b>Regar, podar e adubar<\/b> s\u00e3o passos essenciais para garantir o crescimento saud\u00e1vel das plantas.<\/p>\n<p>Outra dica \u00e9 observar a \u00e9poca de florada e a necessidade de cada esp\u00e9cie. <b>Evite excessos<\/b> e cuide do jardim de forma personalizada.<\/p>\n<h3>8. Transformando Seu Jardim em um Para\u00edso Particular<\/h3>\n<figure style=\"width: 1024px\" class=\"wp-caption aligncenter\"><img decoding=\"async\" src=\"https:\/\/www.aarquiteta.com.br\/blog\/wp-content\/uploads\/2025\/05\/13-planejando-seu-jardim-forracoes-trepadeiras-e-flores-4.jpg\" alt=\"Planejando seu Jardim: Forra\u00e7\u00f5es, Trepadeiras e Flores\" width=\"1024\" height=\"1024\" title=\"\"><figcaption class=\"wp-caption-text\">Planejando seu Jardim: Forra\u00e7\u00f5es, Trepadeiras e Flores<\/figcaption><\/figure>\n<p>Est\u00e1 pronto para dar o primeiro passo? Com criatividade e as escolhas certas, seu jardim pode se tornar um <b>verdadeiro ref\u00fagio<\/b>. <\/p>\n<p>Descubra o prazer de cuidar das plantas e assistir \u00e0 evolu\u00e7\u00e3o do seu espa\u00e7o verde. Que tal se aprofundar mais no assunto? <b>N\u00e3o se esque\u00e7a de conferir nosso ebook<\/b> &#8220;101 T\u00e9cnicas de Jardinagem Explicadas&#8221; e transforme seu jardim em um verdadeiro local de sonho. \ud83c\udf3a<\/p>\n<p>Quais s\u00e3o as plantas que voc\u00ea sonha em ter no seu jardim? Compartilhe suas ideias nos coment\u00e1rios e siga-nos para mais dicas incr\u00edveis sobre jardinagem!<\/p>\n<p><\/body><br \/>\n<figure style=\"width: 1024px\" class=\"wp-caption aligncenter\"><img decoding=\"async\" src=\"https:\/\/www.jardineiro.net\/wp-content\/uploads\/2014\/12\/288421075_08792e1d07_z.jpg\" alt=\"Um muro feio ganha charme com uma bela trepadeira. Foto de Grant MacDonald\" title=\"\"><figcaption class=\"wp-caption-text\">Um muro feio ganha charme com uma bela trepadeira. Foto de Grant MacDonald<\/figcaption><\/figure>\n<h3>Para se aprofundar mais sobre o tema, veja a minha recomenda\u00e7\u00e3o sobre o tema deste artigo no v\u00eddeo a seguir abaixo:<\/h3>\n<p><iframe title=\"YouTube video player\" src=\"https:\/\/www.youtube.com\/embed\/_g7FRsOFCwU\" width=\"560\" height=\"315\" frameborder=\"0\" allowfullscreen=\"allowfullscreen\"><\/iframe><\/p>\n<figure style=\"width: 1024px\" class=\"wp-caption aligncenter\"><img decoding=\"async\" src=\"https:\/\/www.jardineiro.net\/wp-content\/uploads\/2024\/04\/101_tecnicas_de_jardinagem_explicadas-1024x576-1.jpg\" alt=\"Ebook 101 T\u00e9cnicas de Jardinagem que apresenta diversas t\u00e9cnicas e informa\u00e7\u00f5es para o cuidado de jardins.\" title=\"\"><figcaption class=\"wp-caption-text\">Ebook 101 T\u00e9cnicas de Jardinagem que apresenta diversas t\u00e9cnicas e informa\u00e7\u00f5es para o cuidado de jardins.<\/figcaption><\/figure>\n","protected":false},"excerpt":{"rendered":"<p>Descubra como planejar seu jardim com forra\u00e7\u00f5es e trepadeiras, criando um espa\u00e7o harmonioso e bonito!<\/p>\n","protected":false},"author":102,"featured_media":151582,"comment_status":"open","ping_status":"","sticky":false,"template":"","format":"standard","meta":{"footnotes":""},"categories":[9612],"tags":[],"class_list":["post-151583","post","type-post","status-publish","format-standard","has-post-thumbnail","category-jardinagem"],"_wp_attached_file":null,"_wp_attachment_metadata":null,"_wp_attachment_context":null,"_wp_attachment_is_custom_header":null,"geo_longitude":null,"geo_public":null,"geo_latitude":null,"_publicize_done_external":null,"_wpas_done_3897181":null,"publicize_twitter_user":null,"_wpas_done_3897175":null,"_wpas_skip_3897181":null,"_wpas_skip_3897175":null,"_wpas_skip_3924723":null,"_wpas_mess":null,"_wpas_done_3924723":null,"wps_subtitle":"","_links":{"self":[{"href":"https:\/\/www.aarquiteta.com.br\/blog\/wp-json\/wp\/v2\/posts\/151583","targetHints":{"allow":["GET"]}}],"collection":[{"href":"https:\/\/www.aarquiteta.com.br\/blog\/wp-json\/wp\/v2\/posts"}],"about":[{"href":"https:\/\/www.aarquiteta.com.br\/blog\/wp-json\/wp\/v2\/types\/post"}],"author":[{"embeddable":true,"href":"https:\/\/www.aarquiteta.com.br\/blog\/wp-json\/wp\/v2\/users\/102"}],"replies":[{"embeddable":true,"href":"https:\/\/www.aarquiteta.com.br\/blog\/wp-json\/wp\/v2\/comments?post=151583"}],"version-history":[{"count":0,"href":"https:\/\/www.aarquiteta.com.br\/blog\/wp-json\/wp\/v2\/posts\/151583\/revisions"}],"wp:featuredmedia":[{"embeddable":true,"href":"https:\/\/www.aarquiteta.com.br\/blog\/wp-json\/wp\/v2\/media\/151582"}],"wp:attachment":[{"href":"https:\/\/www.aarquiteta.com.br\/blog\/wp-json\/wp\/v2\/media?parent=151583"}],"wp:term":[{"taxonomy":"category","embeddable":true,"href":"https:\/\/www.aarquiteta.com.br\/blog\/wp-json\/wp\/v2\/categories?post=151583"},{"taxonomy":"post_tag","embeddable":true,"href":"https:\/\/www.aarquiteta.com.br\/blog\/wp-json\/wp\/v2\/tags?post=151583"}],"curies":[{"name":"wp","href":"https:\/\/api.w.org\/{rel}","templated":true}]}}