{"id":151573,"date":"2025-05-18T19:37:34","date_gmt":"2025-05-18T22:37:34","guid":{"rendered":"https:\/\/www.aarquiteta.com.br\/blog\/cortina-preta-2\/"},"modified":"2025-05-18T19:37:34","modified_gmt":"2025-05-18T22:37:34","slug":"cortina-preta-2","status":"publish","type":"post","link":"https:\/\/www.aarquiteta.com.br\/blog\/cortina-preta-2\/","title":{"rendered":"Ideias de decora\u00e7\u00e3o com cortinas pretas para criar um ambiente luxuoso e exclusivo"},"content":{"rendered":"<p>A cortina preta \u00e9 uma <b>op\u00e7\u00e3o sofisticada<\/b> que pode transformar ambientes, adicionando eleg\u00e2ncia e exclusividade. Neste artigo, vou mostrar como utilizar cortinas pretas para criar um espa\u00e7o luxuoso e o que precisa ser considerado na escolha.<\/p>\n<p>Sabia que, al\u00e9m de serem modernas, as cortinas pretas podem ser <b>muito vers\u00e1teis<\/b>? Ao trabalhar com a luz e combinar com diversos m\u00f3veis, podemos real\u00e7ar a beleza do ambiente. Explore comigo as inspira\u00e7\u00f5es e dicas sobre como incorporar esse elemento decorativo.<\/p>\n<h3>1. Cortinas pretas: personalidade e estilo<\/h3>\n<figure style=\"width: 1024px\" class=\"wp-caption aligncenter\"><img decoding=\"async\" src=\"https:\/\/www.aarquiteta.com.br\/blog\/wp-content\/uploads\/2025\/05\/cortina-preta-36-730x729.jpg\" alt=\"Imagem de cortina preta curta em uma cozinha.\" title=\"\"><figcaption class=\"wp-caption-text\">Imagem de cortina preta curta em uma cozinha.<\/figcaption><\/figure>\n<p>A cortina preta n\u00e3o \u00e9 apenas um acess\u00f3rio, mas um verdadeiro <b>declarador de estilo<\/b>. Ela garante um toque sofisticado e pode ser a estrela da decora\u00e7\u00e3o.<\/p>\n<h3>2. Combina\u00e7\u00f5es de cores: estampas e texturas<\/h3>\n<figure style=\"width: 1024px\" class=\"wp-caption aligncenter\"><img decoding=\"async\" src=\"https:\/\/www.aarquiteta.com.br\/blog\/wp-content\/uploads\/2025\/05\/cortina-preta01.jpg\" alt=\"Cortina preta: 35 decora\u00e7\u00f5es para um espa\u00e7o luxuoso e \u00fanico\" width=\"1024\" height=\"1024\" title=\"\"><figcaption class=\"wp-caption-text\">Cortina preta: 35 decora\u00e7\u00f5es para um espa\u00e7o luxuoso e \u00fanico<\/figcaption><\/figure>\n<p>As cortinas podem ser estampadas ou combinadas com <b>cores diversas<\/b>. Experimente mistur\u00e1-las com tons claros ou outros padr\u00f5es, criando um visual \u00fanico e moderno.<\/p>\n<h3>3. Lustres que encantam o ambiente<\/h3>\n<figure style=\"width: 1024px\" class=\"wp-caption aligncenter\"><img decoding=\"async\" src=\"https:\/\/www.aarquiteta.com.br\/blog\/wp-content\/uploads\/2025\/05\/cortina-preta-capa.jpg\" alt=\"Imagem de uma cortina preta em ambiente decorado.\" title=\"\"><figcaption class=\"wp-caption-text\">Imagem de uma cortina preta em ambiente decorado.<\/figcaption><\/figure>\n<p>Que tal reunir cortinas pretas com um <b>lindo lustre<\/b>? Essa combina\u00e7\u00e3o traz um ar de requinte, elevando a decora\u00e7\u00e3o de qualquer espa\u00e7o.<\/p>\n<h3>4. Harmonizando com outros tecidos<\/h3>\n<figure style=\"width: 1024px\" class=\"wp-caption aligncenter\"><img decoding=\"async\" src=\"https:\/\/www.aarquiteta.com.br\/blog\/wp-content\/uploads\/2025\/05\/cortina-preta02.jpg\" alt=\"Cortina preta: 35 decora\u00e7\u00f5es para um espa\u00e7o luxuoso e \u00fanico\" width=\"1024\" height=\"1024\" title=\"\"><figcaption class=\"wp-caption-text\">Cortina preta: 35 decora\u00e7\u00f5es para um espa\u00e7o luxuoso e \u00fanico<\/figcaption><\/figure>\n<p>Utilizar cortinas pretas com <b>tecidos claros<\/b> pode ajudar a equilibrar a luz do ambiente, garantindo uma atmosfera agrad\u00e1vel e acolhedora.<\/p>\n<h3>5. Estilo g\u00f3tico: ousadia e charme<\/h3>\n<figure style=\"width: 1024px\" class=\"wp-caption aligncenter\"><img decoding=\"async\" src=\"https:\/\/www.aarquiteta.com.br\/blog\/wp-content\/uploads\/2025\/05\/cortina-preta-1.jpg\" alt=\"Imagem de cortina preta estampada combinada com outras cores.\" title=\"\"><figcaption class=\"wp-caption-text\">Imagem de cortina preta estampada combinada com outras cores.<\/figcaption><\/figure>\n<p>Para quem ama um <b>estilo g\u00f3tico<\/b>, as cortinas pretas s\u00e3o uma escolha acertada. Elas trazem um efeito dramaticamente lindo e sofisticado ao espa\u00e7o.<\/p>\n<h3>6. Cortinas curtas nas cozinhas: pr\u00e1tico e estiloso<\/h3>\n<figure style=\"width: 1024px\" class=\"wp-caption aligncenter\"><img decoding=\"async\" src=\"https:\/\/www.aarquiteta.com.br\/blog\/wp-content\/uploads\/2025\/05\/cortina-preta03.jpg\" alt=\"Cortina preta: 35 decora\u00e7\u00f5es para um espa\u00e7o luxuoso e \u00fanico\" width=\"1024\" height=\"1024\" title=\"\"><figcaption class=\"wp-caption-text\">Cortina preta: 35 decora\u00e7\u00f5es para um espa\u00e7o luxuoso e \u00fanico<\/figcaption><\/figure>\n<p>Usar cortinas curtas em cozinhas \u00e9 uma forma de dar um <b>charme especial<\/b>. A cor preta agrega modernidade e faz a cozinha se destacar.<\/p>\n<h3>7. Modelos variados: op\u00e7\u00e3o para todos os gostos<\/h3>\n<figure style=\"width: 1024px\" class=\"wp-caption aligncenter\"><img decoding=\"async\" src=\"https:\/\/www.aarquiteta.com.br\/blog\/wp-content\/uploads\/2025\/05\/cortina-preta-2-730x871.jpg\" alt=\"Imagem de cortina preta juntamente com lustres candelabros.\" title=\"\"><figcaption class=\"wp-caption-text\">Imagem de cortina preta juntamente com lustres candelabros.<\/figcaption><\/figure>\n<p>Existem diversos modelos de cortinas pretas no mercado, desde <b>persianas<\/b> at\u00e9 op\u00e7\u00f5es de blecaute. A escolha do modelo certo pode maximizar a beleza e funcionalidade do espa\u00e7o.<\/p>\n<h3>8. Dicas para criar o ambiente ideal<\/h3>\n<figure style=\"width: 1024px\" class=\"wp-caption aligncenter\"><img decoding=\"async\" src=\"https:\/\/www.aarquiteta.com.br\/blog\/wp-content\/uploads\/2025\/05\/cortina-preta4.jpg\" alt=\"Cortina preta: 35 decora\u00e7\u00f5es para um espa\u00e7o luxuoso e \u00fanico\" width=\"1024\" height=\"1024\" title=\"\"><figcaption class=\"wp-caption-text\">Cortina preta: 35 decora\u00e7\u00f5es para um espa\u00e7o luxuoso e \u00fanico<\/figcaption><\/figure>\n<p>Para conseguir um <b>ambiente luxuoso<\/b>, teste diferentes combina\u00e7\u00f5es de m\u00f3veis e elementos decorativos. Jogue com o contraste e brinque com a ilumina\u00e7\u00e3o.<\/p>\n<table>\n<tr>\n<th>Aspecto<\/th>\n<th>Descri\u00e7\u00e3o<\/th>\n<\/tr>\n<tr>\n<td>Cortinas pretas<\/td>\n<td>Elemento decorativo elegante e vers\u00e1til<\/td>\n<\/tr>\n<tr>\n<td>Combina\u00e7\u00f5es<\/td>\n<td>Aposte em cores claras para equilibrar<\/td>\n<\/tr>\n<tr>\n<td>Estilos<\/td>\n<td>Moderno, g\u00f3tico e vintage<\/td>\n<\/tr>\n<tr>\n<td>Modelos<\/td>\n<td>Persianas, blecaute e estampadas<\/td>\n<\/tr>\n<\/table>\n<p>Gostou das dicas? A cortina preta \u00e9 uma <b>\u00f3tima escolha<\/b> para criar um ambiente luxuoso e irresist\u00edvel. Explore as possibilidades e d\u00ea um toque especial \u00e0 sua decora\u00e7\u00e3o!<\/p>\n<p>Se voc\u00ea quer mais ideias e inspira\u00e7\u00f5es, n\u00e3o deixe de conferir nossos conte\u00fados sobre <b>decora\u00e7\u00e3o de ambientes<\/b> e <b>tend\u00eancias de design<\/b>. Vamos transformar sua casa em um espa\u00e7o digno de revistas de decora\u00e7\u00e3o!<\/p>\n<figure style=\"width: 1024px\" class=\"wp-caption aligncenter\"><img decoding=\"async\" src=\"https:\/\/www.aarquiteta.com.br\/blog\/wp-content\/uploads\/2025\/05\/cortina-preta-3-730x730.jpg\" alt=\"Imagem de cortina preta que deixa o ambiente requintado.\" title=\"\"><figcaption class=\"wp-caption-text\">Imagem de cortina preta que deixa o ambiente requintado.<\/figcaption><\/figure>\n<h3>Para se aprofundar mais sobre o tema, veja a minha recomenda\u00e7\u00e3o sobre o tema deste artigo no v\u00eddeo a seguir abaixo:<\/h3>\n<p><iframe title=\"YouTube video player\" src=\"https:\/\/www.youtube.com\/embed\/xGtAvLMykzQ\" width=\"560\" height=\"315\" frameborder=\"0\" allowfullscreen=\"allowfullscreen\"><\/iframe><\/p>\n<figure style=\"width: 1024px\" class=\"wp-caption aligncenter\"><img decoding=\"async\" src=\"https:\/\/www.aarquiteta.com.br\/blog\/wp-content\/uploads\/2025\/05\/cortina-preta-4-730x730.jpg\" alt=\"Imagem de cortina preta que harmoniza com tecido claro, garantindo entrada de luz.\" title=\"\"><figcaption class=\"wp-caption-text\">Imagem de cortina preta que harmoniza com tecido claro, garantindo entrada de luz.<\/figcaption><\/figure>\n","protected":false},"excerpt":{"rendered":"<p>A cortina preta \u00e9 uma op\u00e7\u00e3o sofisticada que pode transformar ambientes, adicionando eleg\u00e2ncia e exclusividade. Neste artigo, vou mostrar como utilizar cortinas pretas para criar um espa\u00e7o luxuoso e o que precisa ser considerado na escolha. Sabia que, al\u00e9m de serem modernas, as cortinas pretas podem ser muito vers\u00e1teis? Ao trabalhar com a luz e [&hellip;]<\/p>\n","protected":false},"author":102,"featured_media":151566,"comment_status":"open","ping_status":"","sticky":false,"template":"","format":"standard","meta":{"footnotes":""},"categories":[1484],"tags":[],"class_list":["post-151573","post","type-post","status-publish","format-standard","has-post-thumbnail","category-decoracao"],"_wp_attached_file":null,"_wp_attachment_metadata":null,"_wp_attachment_context":null,"_wp_attachment_is_custom_header":null,"geo_longitude":null,"geo_public":null,"geo_latitude":null,"_publicize_done_external":null,"_wpas_done_3897181":null,"publicize_twitter_user":null,"_wpas_done_3897175":null,"_wpas_skip_3897181":null,"_wpas_skip_3897175":null,"_wpas_skip_3924723":null,"_wpas_mess":null,"_wpas_done_3924723":null,"wps_subtitle":"","_links":{"self":[{"href":"https:\/\/www.aarquiteta.com.br\/blog\/wp-json\/wp\/v2\/posts\/151573","targetHints":{"allow":["GET"]}}],"collection":[{"href":"https:\/\/www.aarquiteta.com.br\/blog\/wp-json\/wp\/v2\/posts"}],"about":[{"href":"https:\/\/www.aarquiteta.com.br\/blog\/wp-json\/wp\/v2\/types\/post"}],"author":[{"embeddable":true,"href":"https:\/\/www.aarquiteta.com.br\/blog\/wp-json\/wp\/v2\/users\/102"}],"replies":[{"embeddable":true,"href":"https:\/\/www.aarquiteta.com.br\/blog\/wp-json\/wp\/v2\/comments?post=151573"}],"version-history":[{"count":0,"href":"https:\/\/www.aarquiteta.com.br\/blog\/wp-json\/wp\/v2\/posts\/151573\/revisions"}],"wp:featuredmedia":[{"embeddable":true,"href":"https:\/\/www.aarquiteta.com.br\/blog\/wp-json\/wp\/v2\/media\/151566"}],"wp:attachment":[{"href":"https:\/\/www.aarquiteta.com.br\/blog\/wp-json\/wp\/v2\/media?parent=151573"}],"wp:term":[{"taxonomy":"category","embeddable":true,"href":"https:\/\/www.aarquiteta.com.br\/blog\/wp-json\/wp\/v2\/categories?post=151573"},{"taxonomy":"post_tag","embeddable":true,"href":"https:\/\/www.aarquiteta.com.br\/blog\/wp-json\/wp\/v2\/tags?post=151573"}],"curies":[{"name":"wp","href":"https:\/\/api.w.org\/{rel}","templated":true}]}}