{"id":151517,"date":"2025-05-18T13:01:14","date_gmt":"2025-05-18T16:01:14","guid":{"rendered":"https:\/\/www.aarquiteta.com.br\/blog\/floracao-de-amarilis\/"},"modified":"2025-05-18T13:01:14","modified_gmt":"2025-05-18T16:01:14","slug":"floracao-de-amarilis","status":"publish","type":"post","link":"https:\/\/www.aarquiteta.com.br\/blog\/floracao-de-amarilis\/","title":{"rendered":"Como Cuidar da Flora\u00e7\u00e3o de Amar\u00edlis em Seu Jardim"},"content":{"rendered":"<p><body><\/p>\n<p><b>Voc\u00ea sabia que a falta de flores na sua amar\u00edlis pode ser resolvida com simples cuidados?<\/b> Muitas pessoas ficam frustradas quando suas plantas n\u00e3o florescem. <\/p>\n<p>Este artigo desmistifica o processo de flora\u00e7\u00e3o da amar\u00edlis e oferece dicas pr\u00e1ticas para garantir que sua planta mostre todo seu esplendor. Vamos abordar a import\u00e2ncia da ilumina\u00e7\u00e3o, regas adequadas e fertiliza\u00e7\u00e3o, al\u00e9m de dicas essenciais para um cultivo de sucesso.<\/p>\n<h3>Por que minha amar\u00edlis n\u00e3o floresce?<\/h3>\n<figure style=\"width: 1024px\" class=\"wp-caption aligncenter\"><img decoding=\"async\" src=\"https:\/\/www.jardineiro.net\/wp-content\/uploads\/2025\/05\/como-plantar-morango-em-casa-205x205.jpg\" alt=\"Como plantar morango em casa\" title=\"\"><figcaption class=\"wp-caption-text\">Como plantar morango em casa<\/figcaption><\/figure>\n<p>A principal raz\u00e3o pela qual uma amar\u00edlis n\u00e3o floresce \u00e9 a <b>luminosidade insuficiente<\/b>. Essa planta passa por um ciclo natural que inclui crescimento, armazenamento de energia, dorm\u00eancia e, finalmente, florescimento. Quando as condi\u00e7\u00f5es n\u00e3o s\u00e3o ideais, a amar\u00edlis se concentra em aumentar suas folhas em vez de produzir flores.<\/p>\n<h3>Os ciclos da amar\u00edlis<\/h3>\n<figure style=\"width: 1024px\" class=\"wp-caption aligncenter\"><img decoding=\"async\" src=\"https:\/\/www.aarquiteta.com.br\/blog\/wp-content\/uploads\/2025\/05\/floracao-de-amarilis-01.jpg\" alt=\"Flora\u00e7\u00e3o de Amar\u00edlis\" width=\"1024\" height=\"1024\" title=\"\"><figcaption class=\"wp-caption-text\">Flora\u00e7\u00e3o de Amar\u00edlis<\/figcaption><\/figure>\n<p>A amar\u00edlis possui quatro etapas principais em seu ciclo:<\/p>\n<ul>\n<li><b>Crescimento das folhas:<\/b> \u00c9 nesta fase que a planta acumula energia.<\/li>\n<li><b>Armazenamento de reservas:<\/b> Essencial para um florescimento saud\u00e1vel.<\/li>\n<li><b>Dorm\u00eancia:<\/b> Per\u00edodo crucial de descanso que prepara a planta.<\/li>\n<li><b>Florescimento:<\/b> O momento que todos aguardam com ansiedade.<\/li>\n<\/ul>\n<h3>Import\u00e2ncia da luz solar<\/h3>\n<figure style=\"width: 1024px\" class=\"wp-caption aligncenter\"><img decoding=\"async\" src=\"https:\/\/www.jardineiro.net\/wp-content\/uploads\/2014\/05\/8460576567_579b276121-404x269.jpg\" alt=\"Foto de Shirokazan\" title=\"\"><figcaption class=\"wp-caption-text\">Foto de Shirokazan<\/figcaption><\/figure>\n<p>Para garantir flores e um crescimento saud\u00e1vel da amar\u00edlis, <b>exposi\u00e7\u00e3o \u00e0 luz solar direta \u00e9 fundamental.<\/b> Durante a fase de crescimento, mantenha a planta em um local onde possa absorver sol, de prefer\u00eancia pela manh\u00e3. Ap\u00f3s essa fase, voc\u00ea pode levar a amar\u00edlis para dentro de casa para o per\u00edodo de dorm\u00eancia.<\/p>\n<h3>Rega e cuidados durante o inverno<\/h3>\n<figure style=\"width: 1024px\" class=\"wp-caption aligncenter\"><img decoding=\"async\" src=\"https:\/\/www.aarquiteta.com.br\/blog\/wp-content\/uploads\/2025\/05\/floracao-de-amarilis-02.jpg\" alt=\"Flora\u00e7\u00e3o de Amar\u00edlis\" width=\"1024\" height=\"1024\" title=\"\"><figcaption class=\"wp-caption-text\">Flora\u00e7\u00e3o de Amar\u00edlis<\/figcaption><\/figure>\n<p>Reduzir a frequ\u00eancia de regas no inverno \u00e9 vital para evitar <b>apodrecimento das ra\u00edzes.<\/b> A planta deve entrar em dorm\u00eancia, e o excesso de \u00e1gua pode ser prejudicial. Mantenha o substrato apenas ligeiramente \u00famido nesse per\u00edodo.<\/p>\n<h3>Fertiliza\u00e7\u00e3o correta para flores saud\u00e1veis<\/h3>\n<figure style=\"width: 1024px\" class=\"wp-caption aligncenter\"><img decoding=\"async\" src=\"https:\/\/www.jardineiro.net\/wp-content\/uploads\/2014\/05\/8460576567_579b276121.jpg\" alt=\"Foto de Shirokazan\" title=\"\"><figcaption class=\"wp-caption-text\">Foto de Shirokazan<\/figcaption><\/figure>\n<p>A fertiliza\u00e7\u00e3o com <b>adubos ricos em f\u00f3sforo<\/b> \u00e9 essencial. Uma f\u00f3rmula recomendada \u00e9 NPK 4.14.8 ou uma mistura de farinha de ossos e torta de mamona. Fertilize durante o crescimento, armazenamento e florescimento, evitando o per\u00edodo de dorm\u00eancia.<\/p>\n<h3>Tabela de cuidados da amar\u00edlis<\/h3>\n<figure style=\"width: 1024px\" class=\"wp-caption aligncenter\"><img decoding=\"async\" src=\"https:\/\/www.aarquiteta.com.br\/blog\/wp-content\/uploads\/2025\/05\/floracao-de-amarilis-03.jpg\" alt=\"Flora\u00e7\u00e3o de Amar\u00edlis\" width=\"1024\" height=\"1024\" title=\"\"><figcaption class=\"wp-caption-text\">Flora\u00e7\u00e3o de Amar\u00edlis<\/figcaption><\/figure>\n<table border=\"1\">\n<tr>\n<th>Fase<\/th>\n<th>Luz Solar<\/th>\n<th>Rega<\/th>\n<th>Fertiliza\u00e7\u00e3o<\/th>\n<\/tr>\n<tr>\n<td>Crescimento<\/td>\n<td>Direta<\/td>\n<td>Regular<\/td>\n<td>Sim<\/td>\n<\/tr>\n<tr>\n<td>Armazenamento<\/td>\n<td>Direta<\/td>\n<td>Moderada<\/td>\n<td>Sim<\/td>\n<\/tr>\n<tr>\n<td>Dorm\u00eancia<\/td>\n<td>Indireta<\/td>\n<td>Rara<\/td>\n<td>N\u00e3o<\/td>\n<\/tr>\n<tr>\n<td>Florescimento<\/td>\n<td>Indireta<\/td>\n<td>Regular<\/td>\n<td>Sim<\/td>\n<\/tr>\n<\/table>\n<h3>Cuidando do seu jardim: outras dicas \u00fateis<\/h3>\n<figure style=\"width: 1024px\" class=\"wp-caption aligncenter\"><img decoding=\"async\" src=\"https:\/\/www.jardineiro.net\/wp-content\/uploads\/2024\/04\/101_tecnicas_de_jardinagem_explicadas-1024x576-1.jpg\" alt=\"Ebook 101 T\u00e9cnicas de Jardinagem\" title=\"\"><figcaption class=\"wp-caption-text\">Ebook 101 T\u00e9cnicas de Jardinagem<\/figcaption><\/figure>\n<p>Cultivar amar\u00edlis \u00e9 apenas o primeiro passo. Para um jardim vibrante, considere:<\/p>\n<ul>\n<li><b>Variedade de plantas:<\/b> Misture diferentes esp\u00e9cies para cores e aromas variados.<\/li>\n<li><b>Cuidados regulares:<\/b> Verifique pragas e doen\u00e7as frequentemente.<\/li>\n<li><b>Condi\u00e7\u00f5es do solo:<\/b> Utilize um solo bem drenado e enriquecido.<\/li>\n<\/ul>\n<h3>Outros conte\u00fados interessantes para explorar<\/h3>\n<figure style=\"width: 1024px\" class=\"wp-caption aligncenter\"><img decoding=\"async\" src=\"https:\/\/www.aarquiteta.com.br\/blog\/wp-content\/uploads\/2025\/05\/floracao-de-amarilis-4.jpg\" alt=\"Flora\u00e7\u00e3o de Amar\u00edlis\" width=\"1024\" height=\"1024\" title=\"\"><figcaption class=\"wp-caption-text\">Flora\u00e7\u00e3o de Amar\u00edlis<\/figcaption><\/figure>\n<p>Se voc\u00ea gostou dessas dicas, tamb\u00e9m pode se interessar por:<\/p>\n<ul>\n<li><a href=\"#40arbustos\">40 Arbustos para Cercas Vivas<\/a><\/li>\n<li><a href=\"#morango\">Como Plantar Morango em Casa<\/a><\/li>\n<li><a href=\"#galhos\">Como enraizar qualquer galho de planta<\/a><\/li>\n<\/ul>\n<p><b>Experimente essas dicas e prepare-se para ver sua amar\u00edlis florescer!<\/b> Com os cuidados certos, voc\u00ea ter\u00e1 uma planta saud\u00e1vel e exuberante, trazendo cor ao seu lar.<\/p>\n<p>N\u00e3o hesite em <b>compartilhar suas experi\u00eancias<\/b> ou d\u00favidas nos coment\u00e1rios abaixo. Quer mais informa\u00e7\u00f5es? Navegue pelo nosso blog e descubra tudo sobre jardinagem!<\/p>\n<p><\/body><br \/>\n<figure style=\"width: 1024px\" class=\"wp-caption aligncenter\"><img decoding=\"async\" src=\"https:\/\/www.jardineiro.net\/wp-content\/uploads\/2024\/07\/Valor.jpg\" alt=\"QUERO MEU EXEMPLAR AGORA\" title=\"\"><figcaption class=\"wp-caption-text\">QUERO MEU EXEMPLAR AGORA<\/figcaption><\/figure>\n<h3>Para se aprofundar mais sobre o tema, veja a minha recomenda\u00e7\u00e3o sobre o tema deste artigo no v\u00eddeo a seguir abaixo:<\/h3>\n<p><iframe title=\"YouTube video player\" src=\"https:\/\/www.youtube.com\/embed\/w9lv3kL_tMI\" width=\"560\" height=\"315\" frameborder=\"0\" allowfullscreen=\"allowfullscreen\"><\/iframe><\/p>\n<figure style=\"width: 1024px\" class=\"wp-caption aligncenter\"><img decoding=\"async\" src=\"https:\/\/www.jardineiro.net\/wp-content\/uploads\/2025\/05\/arbustos-para-cercas-vivas-205x205.jpg\" alt=\"Arbustos ideias para cercas vivas bem fechadas\" title=\"\"><figcaption class=\"wp-caption-text\">Arbustos ideias para cercas vivas bem fechadas<\/figcaption><\/figure>\n","protected":false},"excerpt":{"rendered":"<p>Saiba como fazer sua amar\u00edlis florescer! Dicas de cultivo e cuidados para ter um jardim lindo e saud\u00e1vel.<\/p>\n","protected":false},"author":102,"featured_media":151516,"comment_status":"open","ping_status":"","sticky":false,"template":"","format":"standard","meta":{"footnotes":""},"categories":[9612],"tags":[],"class_list":["post-151517","post","type-post","status-publish","format-standard","has-post-thumbnail","category-jardinagem"],"_wp_attached_file":null,"_wp_attachment_metadata":null,"_wp_attachment_context":null,"_wp_attachment_is_custom_header":null,"geo_longitude":null,"geo_public":null,"geo_latitude":null,"_publicize_done_external":null,"_wpas_done_3897181":null,"publicize_twitter_user":null,"_wpas_done_3897175":null,"_wpas_skip_3897181":null,"_wpas_skip_3897175":null,"_wpas_skip_3924723":null,"_wpas_mess":null,"_wpas_done_3924723":null,"wps_subtitle":"","_links":{"self":[{"href":"https:\/\/www.aarquiteta.com.br\/blog\/wp-json\/wp\/v2\/posts\/151517","targetHints":{"allow":["GET"]}}],"collection":[{"href":"https:\/\/www.aarquiteta.com.br\/blog\/wp-json\/wp\/v2\/posts"}],"about":[{"href":"https:\/\/www.aarquiteta.com.br\/blog\/wp-json\/wp\/v2\/types\/post"}],"author":[{"embeddable":true,"href":"https:\/\/www.aarquiteta.com.br\/blog\/wp-json\/wp\/v2\/users\/102"}],"replies":[{"embeddable":true,"href":"https:\/\/www.aarquiteta.com.br\/blog\/wp-json\/wp\/v2\/comments?post=151517"}],"version-history":[{"count":0,"href":"https:\/\/www.aarquiteta.com.br\/blog\/wp-json\/wp\/v2\/posts\/151517\/revisions"}],"wp:featuredmedia":[{"embeddable":true,"href":"https:\/\/www.aarquiteta.com.br\/blog\/wp-json\/wp\/v2\/media\/151516"}],"wp:attachment":[{"href":"https:\/\/www.aarquiteta.com.br\/blog\/wp-json\/wp\/v2\/media?parent=151517"}],"wp:term":[{"taxonomy":"category","embeddable":true,"href":"https:\/\/www.aarquiteta.com.br\/blog\/wp-json\/wp\/v2\/categories?post=151517"},{"taxonomy":"post_tag","embeddable":true,"href":"https:\/\/www.aarquiteta.com.br\/blog\/wp-json\/wp\/v2\/tags?post=151517"}],"curies":[{"name":"wp","href":"https:\/\/api.w.org\/{rel}","templated":true}]}}