{"id":151449,"date":"2025-05-16T18:40:39","date_gmt":"2025-05-16T21:40:39","guid":{"rendered":"https:\/\/www.aarquiteta.com.br\/blog\/rack-suspenso\/"},"modified":"2025-05-16T18:40:39","modified_gmt":"2025-05-16T21:40:39","slug":"rack-suspenso","status":"publish","type":"post","link":"https:\/\/www.aarquiteta.com.br\/blog\/rack-suspenso\/","title":{"rendered":"Ideias de Modelos de Rack Suspenso para Melhorar e Decorar Seu Ambiente"},"content":{"rendered":"<p>Voc\u00ea j\u00e1 se imaginou transformando sua sala apenas com um rack suspenso? <b>Esses m\u00f3veis arrojados n\u00e3o s\u00f3 otimizam o espa\u00e7o, mas tamb\u00e9m trazem estilo<\/b> \u00e0 sua decora\u00e7\u00e3o. Vou te mostrar algumas ideias incr\u00edveis que podem mudar o visual do seu ambiente!<\/p>\n<p>O <b>rack suspenso<\/b> \u00e9 uma op\u00e7\u00e3o moderna e funcional, ideal para quem busca praticidade sem abrir m\u00e3o da beleza. Ele se destaca por deixar os espa\u00e7os mais organizados, escondendo fios e a bagun\u00e7a dos eletr\u00f4nicos. Al\u00e9m disso, esse mobili\u00e1rio \u00e9 vers\u00e1til e pode ser encontrado em diversos modelos e cores que combinam com qualquer estilo.<\/p>\n<p>Abaixo, vou compartilhar algumas <b>ideias de modelos de rack suspenso<\/b> que podem servir de inspira\u00e7\u00e3o para voc\u00ea: <\/p>\n<h3>1. Rack Suspenso com Painel<\/h3>\n<figure style=\"width: 1024px\" class=\"wp-caption aligncenter\"><img decoding=\"async\" src=\"https:\/\/www.aarquiteta.com.br\/blog\/wp-content\/uploads\/2025\/05\/rack-suspenso-5.jpg\" alt=\"Voc\u00ea pode encontrar o m\u00f3vel em diversos modelos.\" title=\"\"><figcaption class=\"wp-caption-text\">Voc\u00ea pode encontrar o m\u00f3vel em diversos modelos.<\/figcaption><\/figure>\n<p>Esse modelo \u00e9 perfeito para esconder fios e deixar tudo mais organizado. O painel \u00e9 ideal para suportar TVs modernas.<\/p>\n<h3>2. Estilo Minimalista<\/h3>\n<figure style=\"width: 1024px\" class=\"wp-caption aligncenter\"><img decoding=\"async\" src=\"https:\/\/www.aarquiteta.com.br\/blog\/wp-content\/uploads\/2025\/05\/rack-suspenso01.jpg\" alt=\"Rack Suspenso: 70 Modelos Para Aprimorar E Decorar Seu Espa\u00e7o\" width=\"1024\" height=\"1024\" title=\"\"><figcaption class=\"wp-caption-text\">Rack Suspenso: 70 Modelos Para Aprimorar E Decorar Seu Espa\u00e7o<\/figcaption><\/figure>\n<p>Um rack suspenso branco, por exemplo, cria um ambiente mais clean e sofisticado.<\/p>\n<h3>3. Racks com Nichos<\/h3>\n<figure style=\"width: 1024px\" class=\"wp-caption aligncenter\"><img decoding=\"async\" src=\"https:\/\/www.aarquiteta.com.br\/blog\/wp-content\/uploads\/2025\/05\/rack-suspenso.jpg\" alt=\"Rack suspenso \u00e9 uma \u00f3tima op\u00e7\u00e3o para quem busca uma decora\u00e7\u00e3o mais bonita e funcional.\" title=\"\"><figcaption class=\"wp-caption-text\">Rack suspenso \u00e9 uma \u00f3tima op\u00e7\u00e3o para quem busca uma decora\u00e7\u00e3o mais bonita e funcional.<\/figcaption><\/figure>\n<p>Esses modelos oferecem espa\u00e7o extra para exibir objetos decorativos e organiz\u00e1-los.<\/p>\n<h3>4. Modelos em Madeira<\/h3>\n<figure style=\"width: 1024px\" class=\"wp-caption aligncenter\"><img decoding=\"async\" src=\"https:\/\/www.aarquiteta.com.br\/blog\/wp-content\/uploads\/2025\/05\/rack-suspenso02.jpg\" alt=\"Rack Suspenso: 70 Modelos Para Aprimorar E Decorar Seu Espa\u00e7o\" width=\"1024\" height=\"1024\" title=\"\"><figcaption class=\"wp-caption-text\">Rack Suspenso: 70 Modelos Para Aprimorar E Decorar Seu Espa\u00e7o<\/figcaption><\/figure>\n<p>A madeira proporciona um calor especial ao ambiente. Outras op\u00e7\u00f5es como o rack suspenso de MDF tamb\u00e9m est\u00e3o em alta!<\/p>\n<h3>5. Racks Coloridos<\/h3>\n<figure style=\"width: 1024px\" class=\"wp-caption aligncenter\"><img decoding=\"async\" src=\"https:\/\/www.aarquiteta.com.br\/blog\/wp-content\/uploads\/2025\/05\/rack-suspenso-1-960x1200.jpg\" alt=\"Al\u00e9m de deixar o espa\u00e7o mais bonito.\" title=\"\"><figcaption class=\"wp-caption-text\">Al\u00e9m de deixar o espa\u00e7o mais bonito.<\/figcaption><\/figure>\n<p>Voc\u00ea pode optar por cores vibrantes para dar vida ao espa\u00e7o e um toque descontra\u00eddo.<\/p>\n<h3>6. Rack Suspenso com Gavetas<\/h3>\n<figure style=\"width: 1024px\" class=\"wp-caption aligncenter\"><img decoding=\"async\" src=\"https:\/\/www.aarquiteta.com.br\/blog\/wp-content\/uploads\/2025\/05\/rack-suspenso03.jpg\" alt=\"Rack Suspenso: 70 Modelos Para Aprimorar E Decorar Seu Espa\u00e7o\" width=\"1024\" height=\"1024\" title=\"\"><figcaption class=\"wp-caption-text\">Rack Suspenso: 70 Modelos Para Aprimorar E Decorar Seu Espa\u00e7o<\/figcaption><\/figure>\n<p>Esse tipo de rack \u00e9 ideal para organizar pequenos itens e manter tudo \u00e0 m\u00e3o.<\/p>\n<h3>7. Formatos Variados<\/h3>\n<figure style=\"width: 1024px\" class=\"wp-caption aligncenter\"><img decoding=\"async\" src=\"https:\/\/www.aarquiteta.com.br\/blog\/wp-content\/uploads\/2025\/05\/rack-suspenso-2-960x1200.jpg\" alt=\"Rack suspenso com painel deixa o local mais organizado.\" title=\"\"><figcaption class=\"wp-caption-text\">Rack suspenso com painel deixa o local mais organizado.<\/figcaption><\/figure>\n<p>Os racks suspensos est\u00e3o dispon\u00edveis em formatos longos, curtos e at\u00e9 com designs geom\u00e9tricos, possibilitando personaliza\u00e7\u00e3o completa.<\/p>\n<table>\n<tr>\n<th>Modelo<\/th>\n<th>Caracter\u00edsticas<\/th>\n<th>Benef\u00edcios<\/th>\n<\/tr>\n<tr>\n<td>Painel<\/td>\n<td>Com suporte para TVs<\/td>\n<td>Organiza\u00e7\u00e3o dos fios<\/td>\n<\/tr>\n<tr>\n<td>Minimalista<\/td>\n<td>Cores neutras<\/td>\n<td>Ambiente clean<\/td>\n<\/tr>\n<tr>\n<td>Com Nichos<\/td>\n<td>Espa\u00e7o para objetos<\/td>\n<td>Maior organiza\u00e7\u00e3o<\/td>\n<\/tr>\n<tr>\n<td>Gavetas<\/td>\n<td>Armazenamento extra<\/td>\n<td>Facilidade de acesso<\/td>\n<\/tr>\n<\/table>\n<p>Lembre-se, a <b>altura do rack suspenso<\/b> \u00e9 crucial. Coloc\u00e1-lo muito alto ou muito baixo pode dificultar o uso. Idealmente, ele deve ser instalado em uma posi\u00e7\u00e3o que facilite a intera\u00e7\u00e3o e a limpeza do ambiente.<\/p>\n<p>Agora que voc\u00ea tem v\u00e1rias ideias de modelos de racks suspensos, que tal <b>explorar as op\u00e7\u00f5es<\/b> dispon\u00edveis em lojas online? Interaja nos coment\u00e1rios e compartilhe suas prefer\u00eancias ou experi\u00eancias! E se voc\u00ea ficou curioso, veja tamb\u00e9m algumas dicas sobre como escolher um sof\u00e1 que complemente sua nova decora\u00e7\u00e3o.<\/p>\n<figure style=\"width: 1024px\" class=\"wp-caption aligncenter\"><img decoding=\"async\" src=\"https:\/\/www.aarquiteta.com.br\/blog\/wp-content\/uploads\/2025\/05\/rack-suspenso4.jpg\" alt=\"Rack Suspenso: 70 Modelos Para Aprimorar E Decorar Seu Espa\u00e7o\" width=\"1024\" height=\"1024\" title=\"\"><figcaption class=\"wp-caption-text\">Rack Suspenso: 70 Modelos Para Aprimorar E Decorar Seu Espa\u00e7o<\/figcaption><\/figure>\n<figure style=\"width: 1024px\" class=\"wp-caption aligncenter\"><img decoding=\"async\" src=\"https:\/\/www.aarquiteta.com.br\/blog\/wp-content\/uploads\/2025\/05\/rack-suspenso-3.jpg\" alt=\"Escondendo os fios dos aparelhos eletr\u00f4nicos.\" title=\"\"><figcaption class=\"wp-caption-text\">Escondendo os fios dos aparelhos eletr\u00f4nicos.<\/figcaption><\/figure>\n<h3>Para se aprofundar mais sobre o tema, veja a minha recomenda\u00e7\u00e3o sobre o tema deste artigo no v\u00eddeo a seguir abaixo:<\/h3>\n<p><iframe title=\"YouTube video player\" src=\"https:\/\/www.youtube.com\/embed\/XVHS-DaWdhE\" width=\"560\" height=\"315\" frameborder=\"0\" allowfullscreen=\"allowfullscreen\"><\/iframe><\/p>\n<figure style=\"width: 1024px\" class=\"wp-caption aligncenter\"><img decoding=\"async\" src=\"https:\/\/www.aarquiteta.com.br\/blog\/wp-content\/uploads\/2025\/05\/rack-suspenso-4.jpg\" alt=\"Deixando o espa\u00e7o mais clean.\" title=\"\"><figcaption class=\"wp-caption-text\">Deixando o espa\u00e7o mais clean.<\/figcaption><\/figure>\n","protected":false},"excerpt":{"rendered":"<p>Voc\u00ea j\u00e1 se imaginou transformando sua sala apenas com um rack suspenso? Esses m\u00f3veis arrojados n\u00e3o s\u00f3 otimizam o espa\u00e7o, mas tamb\u00e9m trazem estilo \u00e0 sua decora\u00e7\u00e3o. Vou te mostrar algumas ideias incr\u00edveis que podem mudar o visual do seu ambiente! O rack suspenso \u00e9 uma op\u00e7\u00e3o moderna e funcional, ideal para quem busca praticidade [&hellip;]<\/p>\n","protected":false},"author":102,"featured_media":151440,"comment_status":"open","ping_status":"","sticky":false,"template":"","format":"standard","meta":{"footnotes":""},"categories":[1484],"tags":[],"class_list":["post-151449","post","type-post","status-publish","format-standard","has-post-thumbnail","category-decoracao"],"_wp_attached_file":null,"_wp_attachment_metadata":null,"_wp_attachment_context":null,"_wp_attachment_is_custom_header":null,"geo_longitude":null,"geo_public":null,"geo_latitude":null,"_publicize_done_external":null,"_wpas_done_3897181":null,"publicize_twitter_user":null,"_wpas_done_3897175":null,"_wpas_skip_3897181":null,"_wpas_skip_3897175":null,"_wpas_skip_3924723":null,"_wpas_mess":null,"_wpas_done_3924723":null,"wps_subtitle":"","_links":{"self":[{"href":"https:\/\/www.aarquiteta.com.br\/blog\/wp-json\/wp\/v2\/posts\/151449","targetHints":{"allow":["GET"]}}],"collection":[{"href":"https:\/\/www.aarquiteta.com.br\/blog\/wp-json\/wp\/v2\/posts"}],"about":[{"href":"https:\/\/www.aarquiteta.com.br\/blog\/wp-json\/wp\/v2\/types\/post"}],"author":[{"embeddable":true,"href":"https:\/\/www.aarquiteta.com.br\/blog\/wp-json\/wp\/v2\/users\/102"}],"replies":[{"embeddable":true,"href":"https:\/\/www.aarquiteta.com.br\/blog\/wp-json\/wp\/v2\/comments?post=151449"}],"version-history":[{"count":0,"href":"https:\/\/www.aarquiteta.com.br\/blog\/wp-json\/wp\/v2\/posts\/151449\/revisions"}],"wp:featuredmedia":[{"embeddable":true,"href":"https:\/\/www.aarquiteta.com.br\/blog\/wp-json\/wp\/v2\/media\/151440"}],"wp:attachment":[{"href":"https:\/\/www.aarquiteta.com.br\/blog\/wp-json\/wp\/v2\/media?parent=151449"}],"wp:term":[{"taxonomy":"category","embeddable":true,"href":"https:\/\/www.aarquiteta.com.br\/blog\/wp-json\/wp\/v2\/categories?post=151449"},{"taxonomy":"post_tag","embeddable":true,"href":"https:\/\/www.aarquiteta.com.br\/blog\/wp-json\/wp\/v2\/tags?post=151449"}],"curies":[{"name":"wp","href":"https:\/\/api.w.org\/{rel}","templated":true}]}}