{"id":151184,"date":"2025-05-13T13:26:06","date_gmt":"2025-05-13T16:26:06","guid":{"rendered":"https:\/\/www.aarquiteta.com.br\/blog\/estudar-e-viver-encontrando-o-equilibrio-perfeito\/"},"modified":"2025-05-13T13:26:06","modified_gmt":"2025-05-13T16:26:06","slug":"estudar-e-viver-encontrando-o-equilibrio-perfeito","status":"publish","type":"post","link":"https:\/\/www.aarquiteta.com.br\/blog\/estudar-e-viver-encontrando-o-equilibrio-perfeito\/","title":{"rendered":"Equilibrando estudo e vida: dicas para uma rotina saud\u00e1vel."},"content":{"rendered":"<p>Encontrar o equil\u00edbrio entre estudos e vida pessoal pode parecer um desafio, mas \u00e9 totalmente poss\u00edvel! Neste artigo, vou compartilhar estrat\u00e9gias pr\u00e1ticas que podem transformar sua rotina e ajudar voc\u00ea a viver de forma mais harmoniosa, sem abrir m\u00e3o do aprendizado.<\/p>\n<h2>Como gerenciar bem o tempo para equilibrar estudos e vida pessoal?<\/h2>\n<p>Gerenciar o tempo \u00e9 a chave para alcan\u00e7ar um equil\u00edbrio saud\u00e1vel entre os estudos e a vida pessoal. Para isso, \u00e9 fundamental aprender a priorizar tarefas e alocar o tempo de forma eficaz. A primeira coisa que eu sempre recomendo \u00e9 criar um planejamento que funcione para voc\u00ea. Isso pode incluir desde a defini\u00e7\u00e3o de metas at\u00e9 a escolha das ferramentas certas para organizar sua rotina.<\/p>\n<h3>Como criar boas metas?<\/h3>\n<p>Estabelecer <b>metas claras<\/b> \u00e9 o primeiro passo para um planejamento eficaz. Quando eu falo em metas, n\u00e3o estou me referindo apenas a objetivos grandiosos, mas tamb\u00e9m a pequenas conquistas di\u00e1rias. Por exemplo, voc\u00ea pode se comprometer a estudar um t\u00f3pico dif\u00edcil por uma hora todos os dias ou a revisar o conte\u00fado antes de uma prova. O importante \u00e9 que essas metas sejam espec\u00edficas e alcan\u00e7\u00e1veis, para que voc\u00ea possa acompanhar seu progresso e se sentir motivado.<\/p>\n<h3>Como fazer um bom planejamento?<\/h3>\n<figure style=\"width: 1024px\" class=\"wp-caption aligncenter\"><img decoding=\"async\" src=\"https:\/\/www.aarquiteta.com.br\/blog\/wp-content\/uploads\/2025\/05\/capa-blogpost-1.jpg\" alt=\"Equilibrando estudo e vida: dicas para uma rotina saud\u00e1vel.\" width=\"1024\" height=\"1024\" title=\"\"><figcaption class=\"wp-caption-text\">Fonte: <a href=\"https:\/\/blog.anhanguera.com\/estudar-e-viver-encontrando-o-equilibrio-perfeito\/\" target=\"_blank\" rel=\"noopener\">Blog anhanguera<\/a><\/figcaption><\/figure>\n<p>Um bom planejamento \u00e9 como um mapa que guia voc\u00ea em dire\u00e7\u00e3o ao seu destino. Eu sempre sugiro que voc\u00ea crie um cronograma de estudos que inclua n\u00e3o apenas as horas de estudo, mas tamb\u00e9m <b>pausas regulares<\/b>. Essas pausas s\u00e3o essenciais para manter a mente fresca e evitar a sobrecarga. Al\u00e9m disso, ao planejar, lembre-se de ser flex\u00edvel. \u00c0s vezes, imprevistos acontecem, e \u00e9 importante adaptar seu cronograma conforme necess\u00e1rio.<\/p>\n<h3>Como escolher as ferramentas certas?<\/h3>\n<p>As ferramentas que voc\u00ea utiliza para gerenciar seu tempo podem fazer toda a diferen\u00e7a. Existem diversos aplicativos dispon\u00edveis, como o Google Calendar, que ajudam a visualizar como seu tempo est\u00e1 dividido. No entanto, n\u00e3o se esque\u00e7a de que ferramentas f\u00edsicas, como uma lista de afazeres ou um quadro de hor\u00e1rios, tamb\u00e9m podem ser muito eficazes. O importante \u00e9 encontrar o que funciona melhor para voc\u00ea e sua rotina.<\/p>\n<h3>Como decidir o que \u00e9 prioridade?<\/h3>\n<p>Estabelecer prioridades \u00e9 fundamental para manter o equil\u00edbrio. Algumas tarefas s\u00e3o mais urgentes ou importantes do que outras, e saber identificar isso pode ajudar voc\u00ea a focar no que realmente importa. Eu sempre digo que, se uma tarefa n\u00e3o \u00e9 crucial para atingir seus objetivos, ela n\u00e3o deve ser considerada uma prioridade. Isso ajuda a evitar a sensa\u00e7\u00e3o de estar sempre correndo atr\u00e1s do tempo.<\/p>\n<h2>Por que \u00e9 importante manter um equil\u00edbrio entre os estudos e a vida pessoal?<\/h2>\n<p>O equil\u00edbrio entre estudos e vida pessoal \u00e9 vital para a sa\u00fade mental e o bem-estar. Quando conseguimos encontrar esse ponto de harmonia, nossa mente fica mais tranquila, e a ansiedade tende a diminuir. Al\u00e9m disso, uma vida pessoal equilibrada pode influenciar positivamente nosso desempenho acad\u00eamico. Se voc\u00ea est\u00e1 se sentindo bem, \u00e9 mais prov\u00e1vel que consiga se concentrar e se dedicar aos estudos.<\/p>\n<p>Por outro lado, a sobrecarga de estudos pode ter efeitos nocivos. O estresse excessivo pode levar ao esgotamento, afetando n\u00e3o apenas sua sa\u00fade mental, mas tamb\u00e9m sua sa\u00fade f\u00edsica. Portanto, \u00e9 essencial encontrar um equil\u00edbrio que permita que voc\u00ea se dedique aos estudos sem sacrificar sua qualidade de vida.<\/p>\n<h2>Como lidar com a press\u00e3o acad\u00eamica mantendo o equil\u00edbrio?<\/h2>\n<p>A press\u00e3o acad\u00eamica \u00e9 uma realidade para muitos estudantes, e lidar com ela pode ser desafiador. No entanto, existem estrat\u00e9gias que podem ajudar a aliviar essa press\u00e3o e manter o equil\u00edbrio. O primeiro passo \u00e9 <b>identificar os sinais de estresse<\/b>. Se voc\u00ea est\u00e1 se sentindo constantemente cansado ou tem dificuldade em se concentrar, \u00e9 hora de reavaliar sua rotina.<\/p>\n<h3>Identificando sinais de estresse e sobrecarga acad\u00eamica<\/h3>\n<p>Reconhecer os sinais de estresse \u00e9 fundamental. Muitas vezes, ignoramos os sinais que nosso corpo e mente nos d\u00e3o. Preste aten\u00e7\u00e3o em como voc\u00ea se sente. Se perceber que est\u00e1 se sentindo sobrecarregado, \u00e9 hora de fazer uma pausa e reavaliar suas prioridades. N\u00e3o tenha medo de buscar ajuda, seja de colegas, professores ou at\u00e9 mesmo profissionais de sa\u00fade mental.<\/p>\n<h3>T\u00e9cnicas de relaxamento e alta efic\u00e1cia<\/h3>\n<p><iframe width=\"560\" height=\"315\" src=\"https:\/\/www.youtube.com\/embed\/gbkQzXD118g\" title=\"YouTube video player\" frameborder=\"0\" allow=\"accelerometer; autoplay; clipboard-write; encrypted-media; gyroscope; picture-in-picture; web-share\" referrerpolicy=\"strict-origin-when-cross-origin\" allowfullscreen><\/iframe><\/p>\n<p>Incorporar t\u00e9cnicas de relaxamento na sua rotina pode fazer maravilhas pela sua sa\u00fade mental. Pr\u00e1ticas como <b>medita\u00e7\u00e3o<\/b>, respira\u00e7\u00e3o profunda e exerc\u00edcios f\u00edsicos regulares s\u00e3o \u00f3timas maneiras de aliviar o estresse. Al\u00e9m disso, garantir um sono de qualidade e manter uma dieta equilibrada s\u00e3o fundamentais para o bem-estar. Reserve um tempo para atividades que voc\u00ea gosta, como ler um livro ou assistir a um filme, isso tamb\u00e9m ajuda a relaxar.<\/p>\n<h3>Estrat\u00e9gias para aliviar a press\u00e3o acad\u00eamica<\/h3>\n<p>Uma rotina de estudos bem organizada \u00e9 essencial para aliviar a press\u00e3o acad\u00eamica. Um cronograma bem planejado pode ajudar a reduzir a sensa\u00e7\u00e3o de sobrecarga. Al\u00e9m disso, n\u00e3o hesite em buscar apoio de colegas e professores. Eles podem oferecer orienta\u00e7\u00f5es valiosas e ajudar a manter sua motiva\u00e7\u00e3o em alta. E lembre-se: fazer pausas regulares durante os estudos \u00e9 crucial para evitar o esgotamento.<\/p>\n<h2>Como estabelecer uma rotina de estudo equilibrada que permita tempo para o autocuidado?<\/h2>\n<p>Estabelecer uma rotina de estudo equilibrada \u00e9 fundamental para garantir que voc\u00ea tenha tempo para cuidar de si mesmo. Isso significa que voc\u00ea deve ser capaz de cumprir suas responsabilidades acad\u00eamicas enquanto ainda reserva um tempo para o autocuidado. Uma rotina flex\u00edvel \u00e9 a chave. Em vez de se prender a hor\u00e1rios r\u00edgidos, permita-se adaptar seu plano conforme necess\u00e1rio.<\/p>\n<p>O autocuidado \u00e9 essencial para o bem-estar. Pequenos atos, como tomar uma x\u00edcara de ch\u00e1 ou fazer uma caminhada, podem ter um impacto significativo na sua sa\u00fade mental. Incluir essas pr\u00e1ticas em sua rotina de estudos n\u00e3o s\u00f3 aumentar\u00e1 sua concentra\u00e7\u00e3o, mas tamb\u00e9m ajudar\u00e1 a reduzir o estresse e a ansiedade.<\/p>\n<h2>Quais s\u00e3o os benef\u00edcios de manter uma rotina equilibrada?<\/h2>\n<p>Uma rotina de estudos bem organizada traz benef\u00edcios n\u00e3o apenas para o desempenho acad\u00eamico, mas tamb\u00e9m para a qualidade de vida. Quando voc\u00ea se planeja para realizar suas atividades acad\u00eamicas e ainda tem tempo para lazer e autocuidado, voc\u00ea se torna uma pessoa mais feliz e saud\u00e1vel. O equil\u00edbrio \u00e9 a chave para uma vida produtiva e satisfat\u00f3ria.<\/p>\n<p>Por fim, lembre-se de que a vida pessoal e os compromissos acad\u00eamicos s\u00e3o igualmente importantes. Encontrar esse equil\u00edbrio pode ser desafiador, mas os resultados valem a pena. Voc\u00ea n\u00e3o s\u00f3 se tornar\u00e1 um estudante melhor, mas tamb\u00e9m uma pessoa mais realizada.<\/p>\n<p>Se voc\u00ea est\u00e1 em busca de mais dicas sobre como gerenciar seu tempo e melhorar sua rotina de estudos, n\u00e3o deixe de conferir este <a href=\"https:\/\/blog.anhanguera.com\/aplicativos-must-have-para-estudantes\/\" target=\"_blank\" rel=\"noopener\">link<\/a> com aplicativos que podem ser muito \u00fateis para estudantes.<\/p>\n<h2>Conclus\u00e3o<\/h2>\n<p>Encontrar o equil\u00edbrio entre estudos e vida pessoal \u00e9 um desafio, mas \u00e9 totalmente poss\u00edvel. Com planejamento, prioriza\u00e7\u00e3o e autocuidado, voc\u00ea pode viver uma vida mais harmoniosa e produtiva. Lembre-se de que cuidar de si mesmo n\u00e3o \u00e9 um luxo, mas uma necessidade. Ao investir em sua sa\u00fade mental e bem-estar, voc\u00ea estar\u00e1 se preparando para um futuro brilhante e cheio de conquistas.<\/p>\n","protected":false},"excerpt":{"rendered":"<p>Encontrar o equil\u00edbrio entre estudos e vida pessoal pode parecer um desafio, mas \u00e9 totalmente poss\u00edvel! Neste artigo, vou compartilhar estrat\u00e9gias pr\u00e1ticas que podem transformar sua rotina e ajudar voc\u00ea a viver de forma mais harmoniosa, sem abrir m\u00e3o do aprendizado. Como gerenciar bem o tempo para equilibrar estudos e vida pessoal? Gerenciar o tempo [&hellip;]<\/p>\n","protected":false},"author":20,"featured_media":151183,"comment_status":"open","ping_status":"","sticky":false,"template":"","format":"standard","meta":{"footnotes":""},"categories":[6,35497],"tags":[],"class_list":["post-151184","post","type-post","status-publish","format-standard","has-post-thumbnail","category-carreira-de-arquitetura","category-estudante"],"_wp_attached_file":null,"_wp_attachment_metadata":null,"_wp_attachment_context":null,"_wp_attachment_is_custom_header":null,"geo_longitude":null,"geo_public":null,"geo_latitude":null,"_publicize_done_external":null,"_wpas_done_3897181":null,"publicize_twitter_user":null,"_wpas_done_3897175":null,"_wpas_skip_3897181":null,"_wpas_skip_3897175":null,"_wpas_skip_3924723":null,"_wpas_mess":null,"_wpas_done_3924723":null,"wps_subtitle":"","_links":{"self":[{"href":"https:\/\/www.aarquiteta.com.br\/blog\/wp-json\/wp\/v2\/posts\/151184","targetHints":{"allow":["GET"]}}],"collection":[{"href":"https:\/\/www.aarquiteta.com.br\/blog\/wp-json\/wp\/v2\/posts"}],"about":[{"href":"https:\/\/www.aarquiteta.com.br\/blog\/wp-json\/wp\/v2\/types\/post"}],"author":[{"embeddable":true,"href":"https:\/\/www.aarquiteta.com.br\/blog\/wp-json\/wp\/v2\/users\/20"}],"replies":[{"embeddable":true,"href":"https:\/\/www.aarquiteta.com.br\/blog\/wp-json\/wp\/v2\/comments?post=151184"}],"version-history":[{"count":0,"href":"https:\/\/www.aarquiteta.com.br\/blog\/wp-json\/wp\/v2\/posts\/151184\/revisions"}],"wp:featuredmedia":[{"embeddable":true,"href":"https:\/\/www.aarquiteta.com.br\/blog\/wp-json\/wp\/v2\/media\/151183"}],"wp:attachment":[{"href":"https:\/\/www.aarquiteta.com.br\/blog\/wp-json\/wp\/v2\/media?parent=151184"}],"wp:term":[{"taxonomy":"category","embeddable":true,"href":"https:\/\/www.aarquiteta.com.br\/blog\/wp-json\/wp\/v2\/categories?post=151184"},{"taxonomy":"post_tag","embeddable":true,"href":"https:\/\/www.aarquiteta.com.br\/blog\/wp-json\/wp\/v2\/tags?post=151184"}],"curies":[{"name":"wp","href":"https:\/\/api.w.org\/{rel}","templated":true}]}}