{"id":151162,"date":"2025-05-12T18:41:58","date_gmt":"2025-05-12T21:41:58","guid":{"rendered":"https:\/\/www.aarquiteta.com.br\/blog\/prateleira-de-madeira-2\/"},"modified":"2025-05-12T18:41:58","modified_gmt":"2025-05-12T21:41:58","slug":"prateleira-de-madeira-2","status":"publish","type":"post","link":"https:\/\/www.aarquiteta.com.br\/blog\/prateleira-de-madeira-2\/","title":{"rendered":"Ideias Criativas de Prateleiras de Madeira para Decorar sua Casa"},"content":{"rendered":"<p>Voc\u00ea j\u00e1 percebeu como uma <b>prateleira de madeira<\/b> pode transformar o visual da sua casa? Com um toque r\u00fastico ou moderno, elas s\u00e3o vers\u00e1teis e funcionais. Neste artigo, vou te mostrar ideias criativas de prateleiras que podem dar aquele up na sua decora\u00e7\u00e3o e organizar os ambientes de forma charmosa.<\/p>\n<p>As <b>prateleiras de madeira<\/b> trazem n\u00e3o apenas est\u00e9tica, mas tamb\u00e9m muita praticidade. Seja na sala, no quarto ou na cozinha, \u00e9 poss\u00edvel montar prateleiras que se adaptam aos seus gostos e necessidades. Ao longo deste texto, vou compartilhar sugest\u00f5es para voc\u00ea personalizar cada canto da sua casa.<\/p>\n<p>Ent\u00e3o, vamos explorar <b>dicas acess\u00edveis<\/b> e criativas para aproveitar ao m\u00e1ximo as prateleiras de madeira!<\/p>\n<h3>1. Variedade de Estilos de Prateleiras<\/h3>\n<figure style=\"width: 1024px\" class=\"wp-caption aligncenter\"><img decoding=\"async\" src=\"https:\/\/www.aarquiteta.com.br\/blog\/wp-content\/uploads\/2025\/05\/prateleira-de-madeira-05.jpg\" alt=\"Imagem de prateleira de madeira 6 - 9\" title=\"\"><figcaption class=\"wp-caption-text\">Imagem de prateleira de madeira 6 &#8211; 9<\/figcaption><\/figure>\n<p>As prateleiras de madeira se apresentam em diversos estilos, desde as mais r\u00fasticas at\u00e9 as <b>modernas<\/b>. Voc\u00ea pode escolher prateleiras suspensas, ou aquelas com suporte invis\u00edvel, dependendo do visual desejado.<\/p>\n<h3>2. Prateleiras para Todos os Ambientes<\/h3>\n<figure style=\"width: 1024px\" class=\"wp-caption aligncenter\"><img decoding=\"async\" src=\"https:\/\/www.aarquiteta.com.br\/blog\/wp-content\/uploads\/2025\/05\/prateleira-de-madeira01.jpg\" alt=\"70 Ideias Incr\u00edveis de Prateleiras de Madeira para Decorar sua Casa\" width=\"1024\" height=\"1024\" title=\"\"><figcaption class=\"wp-caption-text\">70 Ideias Incr\u00edveis de Prateleiras de Madeira para Decorar sua Casa<\/figcaption><\/figure>\n<p>Voc\u00ea sabia que \u00e9 poss\u00edvel montar prateleiras em qualquer ambiente? <b>Na cozinha,<\/b> por exemplo, elas podem armazenar potes e especiarias. No quarto, apoiam livros e fotos que amamos!<\/p>\n<h3>3. Ideias Criativas de Organiza\u00e7\u00e3o<\/h3>\n<figure style=\"width: 1024px\" class=\"wp-caption aligncenter\"><img decoding=\"async\" src=\"https:\/\/www.aarquiteta.com.br\/blog\/wp-content\/uploads\/2025\/05\/prateleira-de-madeira-00.jpg\" alt=\"Imagem de prateleira de madeira 1 - 1\" title=\"\"><figcaption class=\"wp-caption-text\">Imagem de prateleira de madeira 1 &#8211; 1<\/figcaption><\/figure>\n<b>Transformar a decora\u00e7\u00e3o<\/b> \u00e9 poss\u00edvel com prateleiras! Que tal utilizar uma calha para exibir quadros ou criar uma prateleira com tiras de couro? S\u00e3o solu\u00e7\u00f5es que d\u00e3o charme e personalidade ao ambiente.<\/p>\n<h3>4. Materiais Ideais para Prateleiras<\/h3>\n<figure style=\"width: 1024px\" class=\"wp-caption aligncenter\"><img decoding=\"async\" src=\"https:\/\/www.aarquiteta.com.br\/blog\/wp-content\/uploads\/2025\/05\/prateleira-de-madeira02.jpg\" alt=\"70 Ideias Incr\u00edveis de Prateleiras de Madeira para Decorar sua Casa\" width=\"1024\" height=\"1024\" title=\"\"><figcaption class=\"wp-caption-text\">70 Ideias Incr\u00edveis de Prateleiras de Madeira para Decorar sua Casa<\/figcaption><\/figure>\n<ul>\n<li><b>Pinus<\/b>: leve e resistente, \u00f3timo para v\u00e1rias aplica\u00e7\u00f5es.<\/li>\n<li><b>MDF<\/b>: ideal para acabamentos lisos e modernos.<\/li>\n<li><b>Madeiras de demoli\u00e7\u00e3o<\/b>: trazem um toque r\u00fastico incr\u00edvel.<\/li>\n<\/ul>\n<h3>5. Aproveitando o Espa\u00e7o<\/h3>\n<figure style=\"width: 1024px\" class=\"wp-caption aligncenter\"><img decoding=\"async\" src=\"https:\/\/www.aarquiteta.com.br\/blog\/wp-content\/uploads\/2025\/05\/prateleira-de-madeira-1-730x913.jpg\" alt=\"Imagem de prateleira de madeira 02 - 2\" title=\"\"><figcaption class=\"wp-caption-text\">Imagem de prateleira de madeira 02 &#8211; 2<\/figcaption><\/figure>\n<p>Se o seu espa\u00e7o \u00e9 menor, <b>opte por prateleiras verticais<\/b> ou de canto. Isso ajuda a otimizar cada cantinho e mant\u00e9m a organiza\u00e7\u00e3o do ambiente.<\/p>\n<table>\n<tr>\n<th>Estilo<\/th>\n<th>Vantagens<\/th>\n<th>Ambientes Ideais<\/th>\n<\/tr>\n<tr>\n<td>R\u00fastico<\/td>\n<td>Toque acolhedor e natural<\/td>\n<td>Sala de estar, quartos<\/td>\n<\/tr>\n<tr>\n<td>Moderno<\/td>\n<td>Design limpo e sofisticado<\/td>\n<td>Cozinha, home office<\/td>\n<\/tr>\n<tr>\n<td>Suspensas<\/td>\n<td>Libera espa\u00e7o no ch\u00e3o<\/td>\n<td>Espa\u00e7os pequenos<\/td>\n<\/tr>\n<\/table>\n<h3>6. Cores e Acabamentos<\/h3>\n<figure style=\"width: 1024px\" class=\"wp-caption aligncenter\"><img decoding=\"async\" src=\"https:\/\/www.aarquiteta.com.br\/blog\/wp-content\/uploads\/2025\/05\/prateleira-de-madeira03.jpg\" alt=\"70 Ideias Incr\u00edveis de Prateleiras de Madeira para Decorar sua Casa\" width=\"1024\" height=\"1024\" title=\"\"><figcaption class=\"wp-caption-text\">70 Ideias Incr\u00edveis de Prateleiras de Madeira para Decorar sua Casa<\/figcaption><\/figure>\n<p>Cores claras podem ampliar o espa\u00e7o, enquanto as <b>tonalidades escuras<\/b> proporcionam um ambiente mais elegante. Escolha as cores que combinam com seu estilo de decora\u00e7\u00e3o!<\/p>\n<h3>7. Como Instalar Corretamente suas Prateleiras<\/h3>\n<figure style=\"width: 1024px\" class=\"wp-caption aligncenter\"><img decoding=\"async\" src=\"https:\/\/www.aarquiteta.com.br\/blog\/wp-content\/uploads\/2025\/05\/prateleira-de-madeira-02-960x1200.jpg\" alt=\"Imagem de prateleira de madeira 03 - 6\" title=\"\"><figcaption class=\"wp-caption-text\">Imagem de prateleira de madeira 03 &#8211; 6<\/figcaption><\/figure>\n<p>Garantir a <b>seguran\u00e7a<\/b> e o bom suporte das prateleiras \u00e9 fundamental. Use os suportes adequados e verifique a resist\u00eancia da madeira para evitar surpresas desagrad\u00e1veis.<\/p>\n<h3>8. Inspire-se em Projetos Prontos<\/h3>\n<figure style=\"width: 1024px\" class=\"wp-caption aligncenter\"><img decoding=\"async\" src=\"https:\/\/www.aarquiteta.com.br\/blog\/wp-content\/uploads\/2025\/05\/prateleira-de-madeira4.jpg\" alt=\"70 Ideias Incr\u00edveis de Prateleiras de Madeira para Decorar sua Casa\" width=\"1024\" height=\"1024\" title=\"\"><figcaption class=\"wp-caption-text\">70 Ideias Incr\u00edveis de Prateleiras de Madeira para Decorar sua Casa<\/figcaption><\/figure>\n<p>Por fim, n\u00e3o hesite em buscar inspira\u00e7\u00e3o em projetos prontos. Visite lojas, ou redes sociais buscando as <b>tend\u00eancias atuais<\/b>. Voc\u00ea pode encontrar ideias que se encaixam perfeitamente no que voc\u00ea deseja!<\/p>\n<p>Decorar sua casa com prateleiras de madeira otimiza o espa\u00e7o e traz um toque especial ao ambiente. Experimente as dicas que compartilhamos aqui e aproveite para criar sua pr\u00f3pria decora\u00e7\u00e3o cheia de estilo e personalidade! Agora, se voc\u00ea gostou do conte\u00fado, deixe seu coment\u00e1rio e compartilhe suas experi\u00eancias com prateleiras em casa.<\/p>\n<figure style=\"width: 1024px\" class=\"wp-caption aligncenter\"><img decoding=\"async\" src=\"https:\/\/www.aarquiteta.com.br\/blog\/wp-content\/uploads\/2025\/05\/prateleira-de-madeira-03-960x1200.jpg\" alt=\"Imagem de prateleira de madeira 04 - 7\" title=\"\"><figcaption class=\"wp-caption-text\">Imagem de prateleira de madeira 04 &#8211; 7<\/figcaption><\/figure>\n<h3>Para se aprofundar mais sobre o tema, veja a minha recomenda\u00e7\u00e3o sobre o tema deste artigo no v\u00eddeo a seguir abaixo:<\/h3>\n<p><iframe title=\"YouTube video player\" src=\"https:\/\/www.youtube.com\/embed\/uri0QdV_oXc\" width=\"560\" height=\"315\" frameborder=\"0\" allowfullscreen=\"allowfullscreen\"><\/iframe><\/p>\n<figure style=\"width: 1024px\" class=\"wp-caption aligncenter\"><img decoding=\"async\" src=\"https:\/\/www.aarquiteta.com.br\/blog\/wp-content\/uploads\/2025\/05\/prateleira-de-madeira-04-960x1200.jpg\" alt=\"Imagem de prateleira de madeira 05 - 8\" title=\"\"><figcaption class=\"wp-caption-text\">Imagem de prateleira de madeira 05 &#8211; 8<\/figcaption><\/figure>\n","protected":false},"excerpt":{"rendered":"<p>Voc\u00ea j\u00e1 percebeu como uma prateleira de madeira pode transformar o visual da sua casa? Com um toque r\u00fastico ou moderno, elas s\u00e3o vers\u00e1teis e funcionais. Neste artigo, vou te mostrar ideias criativas de prateleiras que podem dar aquele up na sua decora\u00e7\u00e3o e organizar os ambientes de forma charmosa. As prateleiras de madeira trazem [&hellip;]<\/p>\n","protected":false},"author":102,"featured_media":151152,"comment_status":"open","ping_status":"","sticky":false,"template":"","format":"standard","meta":{"footnotes":""},"categories":[1484],"tags":[],"class_list":["post-151162","post","type-post","status-publish","format-standard","has-post-thumbnail","category-decoracao"],"_wp_attached_file":null,"_wp_attachment_metadata":null,"_wp_attachment_context":null,"_wp_attachment_is_custom_header":null,"geo_longitude":null,"geo_public":null,"geo_latitude":null,"_publicize_done_external":null,"_wpas_done_3897181":null,"publicize_twitter_user":null,"_wpas_done_3897175":null,"_wpas_skip_3897181":null,"_wpas_skip_3897175":null,"_wpas_skip_3924723":null,"_wpas_mess":null,"_wpas_done_3924723":null,"wps_subtitle":"","_links":{"self":[{"href":"https:\/\/www.aarquiteta.com.br\/blog\/wp-json\/wp\/v2\/posts\/151162","targetHints":{"allow":["GET"]}}],"collection":[{"href":"https:\/\/www.aarquiteta.com.br\/blog\/wp-json\/wp\/v2\/posts"}],"about":[{"href":"https:\/\/www.aarquiteta.com.br\/blog\/wp-json\/wp\/v2\/types\/post"}],"author":[{"embeddable":true,"href":"https:\/\/www.aarquiteta.com.br\/blog\/wp-json\/wp\/v2\/users\/102"}],"replies":[{"embeddable":true,"href":"https:\/\/www.aarquiteta.com.br\/blog\/wp-json\/wp\/v2\/comments?post=151162"}],"version-history":[{"count":0,"href":"https:\/\/www.aarquiteta.com.br\/blog\/wp-json\/wp\/v2\/posts\/151162\/revisions"}],"wp:featuredmedia":[{"embeddable":true,"href":"https:\/\/www.aarquiteta.com.br\/blog\/wp-json\/wp\/v2\/media\/151152"}],"wp:attachment":[{"href":"https:\/\/www.aarquiteta.com.br\/blog\/wp-json\/wp\/v2\/media?parent=151162"}],"wp:term":[{"taxonomy":"category","embeddable":true,"href":"https:\/\/www.aarquiteta.com.br\/blog\/wp-json\/wp\/v2\/categories?post=151162"},{"taxonomy":"post_tag","embeddable":true,"href":"https:\/\/www.aarquiteta.com.br\/blog\/wp-json\/wp\/v2\/tags?post=151162"}],"curies":[{"name":"wp","href":"https:\/\/api.w.org\/{rel}","templated":true}]}}