{"id":151081,"date":"2025-05-11T18:35:24","date_gmt":"2025-05-11T21:35:24","guid":{"rendered":"https:\/\/www.aarquiteta.com.br\/blog\/quadros-para-sala-de-jantar\/"},"modified":"2025-05-11T18:35:24","modified_gmt":"2025-05-11T21:35:24","slug":"quadros-para-sala-de-jantar","status":"publish","type":"post","link":"https:\/\/www.aarquiteta.com.br\/blog\/quadros-para-sala-de-jantar\/","title":{"rendered":"Quadros que transformam a sua sala de jantar atrav\u00e9s da arte"},"content":{"rendered":"<p>Voc\u00ea j\u00e1 percebeu como um simples detalhe pode transformar completamente a decora\u00e7\u00e3o da sua sala? \u00c9 a\u00ed que os <b>quadros<\/b> entram em cena, trazendo vida e estilo.<\/p>\n<h3>Quadros como Protagonistas da Decora\u00e7\u00e3o<\/h3>\n<figure style=\"width: 1024px\" class=\"wp-caption aligncenter\"><img decoding=\"async\" src=\"https:\/\/www.aarquiteta.com.br\/blog\/wp-content\/uploads\/2025\/05\/quadros-para-sala-de-jantar-27-730x449.jpg\" alt=\"Quadros grandes e coloridos na parede da sala de jantar.\" title=\"\"><figcaption class=\"wp-caption-text\">Quadros grandes e coloridos na parede da sala de jantar.<\/figcaption><\/figure>\n<p>Os quadros s\u00e3o mais que meros enfeites. Eles <b>completam<\/b> a decora\u00e7\u00e3o de forma \u00fanica e pessoal. Cada um carrega uma hist\u00f3ria, uma emo\u00e7\u00e3o.<\/p>\n<h3>Escolhendo o Estilo Certo<\/h3>\n<figure style=\"width: 1024px\" class=\"wp-caption aligncenter\"><img decoding=\"async\" src=\"https:\/\/www.aarquiteta.com.br\/blog\/wp-content\/uploads\/2025\/05\/quadros-para-sala-de-jantar01.jpg\" alt=\"25 quadros para sala de jantar que transformam o ambiente atrav\u00e9s da arte\" width=\"1024\" height=\"1024\" title=\"\"><figcaption class=\"wp-caption-text\">25 quadros para sala de jantar que transformam o ambiente atrav\u00e9s da arte<\/figcaption><\/figure>\n<p>Voc\u00ea j\u00e1 parou para pensar no <b>estilo<\/b> da sua sala de jantar? Se a sua decora\u00e7\u00e3o \u00e9 moderna, por exemplo, quadros contempor\u00e2neos ser\u00e3o a escolha perfeita.<\/p>\n<h3>O Impacto das Cores<\/h3>\n<figure style=\"width: 1024px\" class=\"wp-caption aligncenter\"><img decoding=\"async\" src=\"https:\/\/www.aarquiteta.com.br\/blog\/wp-content\/uploads\/2025\/05\/quadros-para-sala-de-jantar-0.jpg\" alt=\"Quadros coloridos e neutros que trazem alegria e vida ao espa\u00e7o.\" title=\"\"><figcaption class=\"wp-caption-text\">Quadros coloridos e neutros que trazem alegria e vida ao espa\u00e7o.<\/figcaption><\/figure>\n<p>A combina\u00e7\u00e3o das cores \u00e9 fundamental. Um quadro com <b>cores<\/b> que dialogam com o restante da decora\u00e7\u00e3o traz harmonia e suavidade ao ambiente.<\/p>\n<h3>O Tamanho Importa<\/h3>\n<figure style=\"width: 1024px\" class=\"wp-caption aligncenter\"><img decoding=\"async\" src=\"https:\/\/www.aarquiteta.com.br\/blog\/wp-content\/uploads\/2025\/05\/quadros-para-sala-de-jantar02.jpg\" alt=\"25 quadros para sala de jantar que transformam o ambiente atrav\u00e9s da arte\" width=\"1024\" height=\"1024\" title=\"\"><figcaption class=\"wp-caption-text\">25 quadros para sala de jantar que transformam o ambiente atrav\u00e9s da arte<\/figcaption><\/figure>\n<p>Os quadros devem ser proporcionais ao espa\u00e7o. Um quadro muito pequeno pode se perder em uma parede grande, enquanto um grande pode <b>sufocar<\/b> em um espa\u00e7o pequeno.<\/p>\n<h3>Onde Posicionar os Quadros<\/h3>\n<figure style=\"width: 1024px\" class=\"wp-caption aligncenter\"><img decoding=\"async\" src=\"https:\/\/www.aarquiteta.com.br\/blog\/wp-content\/uploads\/2025\/05\/sala-de-jantar-moderna-00-286x160.jpg\" alt=\"Sala de jantar moderna decorada com quadros variados.\" title=\"\"><figcaption class=\"wp-caption-text\">Sala de jantar moderna decorada com quadros variados.<\/figcaption><\/figure>\n<p>A posi\u00e7\u00e3o do quadro pode impactar a <b>percep\u00e7\u00e3o do espa\u00e7o<\/b>. Coloc\u00e1-los em uma parede central \u00e9 uma forma de garantir que eles sejam notados assim que algu\u00e9m entra no ambiente.<\/p>\n<h3>Combinando Quadros com Espelhos<\/h3>\n<figure style=\"width: 1024px\" class=\"wp-caption aligncenter\"><img decoding=\"async\" src=\"https:\/\/www.aarquiteta.com.br\/blog\/wp-content\/uploads\/2025\/05\/quadros-para-sala-de-jantar03.jpg\" alt=\"25 quadros para sala de jantar que transformam o ambiente atrav\u00e9s da arte\" width=\"1024\" height=\"1024\" title=\"\"><figcaption class=\"wp-caption-text\">25 quadros para sala de jantar que transformam o ambiente atrav\u00e9s da arte<\/figcaption><\/figure>\n<p>Quadros com espelhos s\u00e3o verdadeiros coringas. Eles n\u00e3o apenas decoram, mas tamb\u00e9m criam a ilus\u00e3o de um espa\u00e7o <b>maior<\/b> e mais iluminado.<\/p>\n<table>\n<tr>\n<th>Aspecto<\/th>\n<th>Import\u00e2ncia<\/th>\n<\/tr>\n<tr>\n<td>Escolha do Estilo<\/td>\n<td>Uniformidade com a decora\u00e7\u00e3o existente<\/td>\n<\/tr>\n<tr>\n<td>Combina\u00e7\u00e3o de Cores<\/td>\n<td>Harmonia visual<\/td>\n<\/tr>\n<tr>\n<td>Tamanho e Propor\u00e7\u00e3o<\/td>\n<td>Est\u00e9tica equilibrada<\/td>\n<\/tr>\n<tr>\n<td>Posi\u00e7\u00e3o<\/td>\n<td>Destaque para o quadro<\/td>\n<\/tr>\n<tr>\n<td>Espelhos<\/td>\n<td>Funcionalidade e amplia\u00e7\u00e3o do espa\u00e7o<\/td>\n<\/tr>\n<\/table>\n<h3>A Variedade \u00e9 a Alma do Neg\u00f3cio<\/h3>\n<figure style=\"width: 1024px\" class=\"wp-caption aligncenter\"><img decoding=\"async\" src=\"https:\/\/www.aarquiteta.com.br\/blog\/wp-content\/uploads\/2025\/05\/espelho-para-sala-de-jantar-61-286x160.jpg\" alt=\"Espelho para sala de jantar que agrega eleg\u00e2ncia.\" title=\"\"><figcaption class=\"wp-caption-text\">Espelho para sala de jantar que agrega eleg\u00e2ncia.<\/figcaption><\/figure>\n<p>Al\u00e9m dos estilos e tamanhos, existem <b>diversas op\u00e7\u00f5es<\/b> de quadros. Desde pinturas cl\u00e1ssicas at\u00e9 arte digital, a escolha \u00e9 sua!<\/p>\n<h3>Um Toque de Personalidade<\/h3>\n<figure style=\"width: 1024px\" class=\"wp-caption aligncenter\"><img decoding=\"async\" src=\"https:\/\/www.aarquiteta.com.br\/blog\/wp-content\/uploads\/2025\/05\/quadros-para-sala-de-jantar4.jpg\" alt=\"25 quadros para sala de jantar que transformam o ambiente atrav\u00e9s da arte\" width=\"1024\" height=\"1024\" title=\"\"><figcaption class=\"wp-caption-text\">25 quadros para sala de jantar que transformam o ambiente atrav\u00e9s da arte<\/figcaption><\/figure>\n<p>Quadros com fotos de fam\u00edlia ou imagens que voc\u00ea adora trazem um toque pessoal \u00e0 decora\u00e7\u00e3o. Eles contam sua <b>hist\u00f3ria<\/b> e fazem o espa\u00e7o mais acolhedor.<\/p>\n<h3>O Poder da Arte<\/h3>\n<figure style=\"width: 1024px\" class=\"wp-caption aligncenter\"><img decoding=\"async\" src=\"https:\/\/www.aarquiteta.com.br\/blog\/wp-content\/uploads\/2025\/05\/lustre-para-sala-de-jantar-00-286x160.jpg\" alt=\"Lustre na sala de jantar iluminando o ambiente.\" title=\"\"><figcaption class=\"wp-caption-text\">Lustre na sala de jantar iluminando o ambiente.<\/figcaption><\/figure>\n<p>Os quadros n\u00e3o apenas embelezam, mas tamb\u00e9m t\u00eam o poder de criar uma <b>atmosfera<\/b> \u00fanica. Eles estabelecem o clima para jantares e reuni\u00f5es.<\/p>\n<p>Seus quadros podem se tornar a pe\u00e7a central que transforma n\u00e3o s\u00f3 a sala de jantar, mas toda a <b>experi\u00eancia<\/b> de conv\u00edvio ao redor da mesa. Que tal come\u00e7ar essa transforma\u00e7\u00e3o agora?<\/p>\n<h3>Para se aprofundar mais sobre o tema, veja a minha recomenda\u00e7\u00e3o sobre o tema deste artigo no v\u00eddeo a seguir abaixo:<\/h3>\n<p><iframe title=\"YouTube video player\" src=\"https:\/\/www.youtube.com\/embed\/MoW6eZ6g85E\" width=\"560\" height=\"315\" frameborder=\"0\" allowfullscreen=\"allowfullscreen\"><\/iframe><\/p>\n<figure style=\"width: 1024px\" class=\"wp-caption aligncenter\"><img decoding=\"async\" src=\"https:\/\/www.aarquiteta.com.br\/blog\/wp-content\/uploads\/2025\/05\/quadros-para-sala-de-jantar-26-730x449.jpg\" alt=\"Quadros decorativos que completam o ambiente com estilo.\" title=\"\"><figcaption class=\"wp-caption-text\">Quadros decorativos que completam o ambiente com estilo.<\/figcaption><\/figure>\n","protected":false},"excerpt":{"rendered":"<p>Voc\u00ea j\u00e1 percebeu como um simples detalhe pode transformar completamente a decora\u00e7\u00e3o da sua sala? \u00c9 a\u00ed que os quadros entram em cena, trazendo vida e estilo. Quadros como Protagonistas da Decora\u00e7\u00e3o Os quadros s\u00e3o mais que meros enfeites. Eles completam a decora\u00e7\u00e3o de forma \u00fanica e pessoal. Cada um carrega uma hist\u00f3ria, uma emo\u00e7\u00e3o. [&hellip;]<\/p>\n","protected":false},"author":102,"featured_media":151074,"comment_status":"open","ping_status":"","sticky":false,"template":"","format":"standard","meta":{"footnotes":""},"categories":[1484],"tags":[],"class_list":["post-151081","post","type-post","status-publish","format-standard","has-post-thumbnail","category-decoracao"],"_wp_attached_file":null,"_wp_attachment_metadata":null,"_wp_attachment_context":null,"_wp_attachment_is_custom_header":null,"geo_longitude":null,"geo_public":null,"geo_latitude":null,"_publicize_done_external":null,"_wpas_done_3897181":null,"publicize_twitter_user":null,"_wpas_done_3897175":null,"_wpas_skip_3897181":null,"_wpas_skip_3897175":null,"_wpas_skip_3924723":null,"_wpas_mess":null,"_wpas_done_3924723":null,"wps_subtitle":"","_links":{"self":[{"href":"https:\/\/www.aarquiteta.com.br\/blog\/wp-json\/wp\/v2\/posts\/151081","targetHints":{"allow":["GET"]}}],"collection":[{"href":"https:\/\/www.aarquiteta.com.br\/blog\/wp-json\/wp\/v2\/posts"}],"about":[{"href":"https:\/\/www.aarquiteta.com.br\/blog\/wp-json\/wp\/v2\/types\/post"}],"author":[{"embeddable":true,"href":"https:\/\/www.aarquiteta.com.br\/blog\/wp-json\/wp\/v2\/users\/102"}],"replies":[{"embeddable":true,"href":"https:\/\/www.aarquiteta.com.br\/blog\/wp-json\/wp\/v2\/comments?post=151081"}],"version-history":[{"count":0,"href":"https:\/\/www.aarquiteta.com.br\/blog\/wp-json\/wp\/v2\/posts\/151081\/revisions"}],"wp:featuredmedia":[{"embeddable":true,"href":"https:\/\/www.aarquiteta.com.br\/blog\/wp-json\/wp\/v2\/media\/151074"}],"wp:attachment":[{"href":"https:\/\/www.aarquiteta.com.br\/blog\/wp-json\/wp\/v2\/media?parent=151081"}],"wp:term":[{"taxonomy":"category","embeddable":true,"href":"https:\/\/www.aarquiteta.com.br\/blog\/wp-json\/wp\/v2\/categories?post=151081"},{"taxonomy":"post_tag","embeddable":true,"href":"https:\/\/www.aarquiteta.com.br\/blog\/wp-json\/wp\/v2\/tags?post=151081"}],"curies":[{"name":"wp","href":"https:\/\/api.w.org\/{rel}","templated":true}]}}