{"id":151051,"date":"2025-05-11T17:39:03","date_gmt":"2025-05-11T20:39:03","guid":{"rendered":"https:\/\/www.aarquiteta.com.br\/blog\/inovacoes-na-construcao-civil\/"},"modified":"2025-05-11T17:39:03","modified_gmt":"2025-05-11T20:39:03","slug":"inovacoes-na-construcao-civil","status":"publish","type":"post","link":"https:\/\/www.aarquiteta.com.br\/blog\/inovacoes-na-construcao-civil\/","title":{"rendered":"Inova\u00e7\u00f5es Transformadoras na Constru\u00e7\u00e3o Civil: O Futuro das Obras"},"content":{"rendered":"<p>Voc\u00ea sabia que as inova\u00e7\u00f5es na constru\u00e7\u00e3o civil em 2025 v\u00e3o transformar completamente o setor? Venha conferir! <\/p>\n<h3>Principais inova\u00e7\u00f5es que v\u00e3o marcar a constru\u00e7\u00e3o civil em 2025<\/h3>\n<p>\u00c9 imposs\u00edvel ignorar as <b>inova\u00e7\u00f5es<\/b> que est\u00e3o surgindo na constru\u00e7\u00e3o civil. O setor est\u00e1 mais din\u00e2mico e sustent\u00e1vel do que nunca!<\/p>\n<p>2025 promete ser um ano de <b>grandes transforma\u00e7\u00f5es<\/b>. Vamos dar uma olhada nas tecnologias que est\u00e3o ganhando destaque:<\/p>\n<table>\n<tr>\n<th>Tecnologia<\/th>\n<th>Descri\u00e7\u00e3o<\/th>\n<th>Impacto<\/th>\n<\/tr>\n<tr>\n<td>Constru\u00e7\u00e3o Sustent\u00e1vel<\/td>\n<td>Uso de materiais reciclados e energia renov\u00e1vel.<\/td>\n<td>Redu\u00e7\u00e3o do impacto ambiental.<\/td>\n<\/tr>\n<tr>\n<td>Constru\u00e7\u00e3o Modular<\/td>\n<td>Pr\u00e9-fabrica\u00e7\u00e3o das estruturas em f\u00e1bricas.<\/td>\n<td>Menor tempo de constru\u00e7\u00e3o e menos desperd\u00edcio.<\/td>\n<\/tr>\n<tr>\n<td>BIM e Digital Twins<\/td>\n<td>Modelagem em 3D com dados em tempo real.<\/td>\n<td>Melhor coordena\u00e7\u00e3o e redu\u00e7\u00e3o de custos.<\/td>\n<\/tr>\n<tr>\n<td>Intelig\u00eancia Artificial<\/td>\n<td>Otimiza\u00e7\u00e3o da gest\u00e3o de projetos.<\/td>\n<td>Aumento de efici\u00eancia e identifica\u00e7\u00e3o de falhas.<\/td>\n<\/tr>\n<tr>\n<td>Realidade Aumentada\/Virtual<\/td>\n<td>Simula\u00e7\u00f5es realistas antes da execu\u00e7\u00e3o.<\/td>\n<td>Preven\u00e7\u00e3o de problemas e melhor planejamento.<\/td>\n<\/tr>\n<\/table>\n<h3>Constru\u00e7\u00e3o Sustent\u00e1vel<\/h3>\n<figure style=\"width: 1024px\" class=\"wp-caption aligncenter\"><img decoding=\"async\" src=\"https:\/\/www.aarquiteta.com.br\/blog\/wp-content\/uploads\/2025\/05\/inovacoes-na-construcao-civil01.jpg\" alt=\"Inova\u00e7\u00f5es Transformadoras na Constru\u00e7\u00e3o Civil: O Futuro das Obras\" width=\"1024\" height=\"1024\" title=\"\"><figcaption class=\"wp-caption-text\">Inova\u00e7\u00f5es Transformadoras na Constru\u00e7\u00e3o Civil: O Futuro das Obras<\/figcaption><\/figure>\n<p>O que era apenas uma tend\u00eancia agora \u00e9 uma <b>exig\u00eancia<\/b> para o futuro. Apenas em 2025, voc\u00ea ver\u00e1 muitos projetos usando materiais reciclados e tecnologias que ajudam a preservar o meio ambiente.<\/p>\n<h3>Constru\u00e7\u00e3o Modular<\/h3>\n<p>Essa t\u00e9cnica vem ganhando for\u00e7a, j\u00e1 que partes da obra podem ser feitas fora do canteiro. Isso significa que o <b>tempo de constru\u00e7\u00e3o<\/b> pode ser reduzido em at\u00e9 50%! Um sonho, n\u00e3o \u00e9?<\/p>\n<h3>Intelig\u00eancia Artificial<\/h3>\n<figure style=\"width: 1024px\" class=\"wp-caption aligncenter\"><img decoding=\"async\" src=\"https:\/\/www.aarquiteta.com.br\/blog\/wp-content\/uploads\/2025\/05\/inovacoes-na-construcao-civil02.jpg\" alt=\" Inova\u00e7\u00f5es Transformadoras na Constru\u00e7\u00e3o Civil: O Futuro das Obras\" width=\"1024\" height=\"1024\" title=\"\"><figcaption class=\"wp-caption-text\">Inova\u00e7\u00f5es Transformadoras na Constru\u00e7\u00e3o Civil: O Futuro das Obras<\/figcaption><\/figure>\n<p>Quem diria que a IA seria t\u00e3o \u00fatil? Sistemas como o Obra Prima v\u00e3o ajudar a otimizar a gest\u00e3o das obras. Vai ser um verdadeiro <b>parceiro<\/b> de trabalho!<\/p>\n<h3>Realidade Aumentada e Virtual<\/h3>\n<p>Com a AR, voc\u00ea pode ver o projeto em 3D no mundo real! \u00c9 como ter um <b>superpoder<\/b> que ajuda a identificar problemas antes que eles se tornem reais. E quem n\u00e3o quer evitar dores de cabe\u00e7a, certo?<\/p>\n<p>Essas inova\u00e7\u00f5es n\u00e3o s\u00e3o apenas empolgantes, mas tamb\u00e9m uma necessidade para atender \u00e0s demandas do mercado e do meio ambiente. Portanto, fique atento! O futuro da constru\u00e7\u00e3o civil promete ser <b>brilhante<\/b> e sustent\u00e1vel.<\/p>\n<figure style=\"width: 1024px\" class=\"wp-caption aligncenter\"><img decoding=\"async\" src=\"https:\/\/www.aarquiteta.com.br\/blog\/wp-content\/uploads\/2025\/05\/inovacoes-na-construcao-civil03.jpg\" alt=\" Inova\u00e7\u00f5es Transformadoras na Constru\u00e7\u00e3o Civil: O Futuro das Obras\" width=\"1024\" height=\"1024\" title=\"\"><figcaption class=\"wp-caption-text\">Inova\u00e7\u00f5es Transformadoras na Constru\u00e7\u00e3o Civil: O Futuro das Obras<\/figcaption><\/figure>\n<figure style=\"width: 1024px\" class=\"wp-caption aligncenter\"><img decoding=\"async\" src=\"https:\/\/www.aarquiteta.com.br\/blog\/wp-content\/uploads\/2025\/05\/inovacoes-na-construcao-civil4.jpg\" alt=\" Inova\u00e7\u00f5es Transformadoras na Constru\u00e7\u00e3o Civil: O Futuro das Obras\" width=\"1024\" height=\"1024\" title=\"\"><figcaption class=\"wp-caption-text\">Inova\u00e7\u00f5es Transformadoras na Constru\u00e7\u00e3o Civil: O Futuro das Obras<\/figcaption><\/figure>\n<h3>Para se aprofundar mais sobre o tema, veja a minha recomenda\u00e7\u00e3o sobre o tema deste artigo no v\u00eddeo a seguir abaixo:<\/h3>\n<p><iframe title=\"YouTube video player\" src=\"https:\/\/www.youtube.com\/embed\/C2y_fv9u-DM\" width=\"560\" height=\"315\" frameborder=\"0\" allowfullscreen=\"allowfullscreen\"><\/iframe><\/p>\n","protected":false},"excerpt":{"rendered":"<p>Descubra as inova\u00e7\u00f5es que est\u00e3o revolucionando a constru\u00e7\u00e3o civil, trazendo efici\u00eancia e sustentabilidade para o setor.<\/p>\n","protected":false},"author":102,"featured_media":151050,"comment_status":"open","ping_status":"","sticky":false,"template":"","format":"standard","meta":{"footnotes":""},"categories":[249],"tags":[],"class_list":["post-151051","post","type-post","status-publish","format-standard","has-post-thumbnail","category-engenharia-e-construcao-civil"],"_wp_attached_file":null,"_wp_attachment_metadata":null,"_wp_attachment_context":null,"_wp_attachment_is_custom_header":null,"geo_longitude":null,"geo_public":null,"geo_latitude":null,"_publicize_done_external":null,"_wpas_done_3897181":null,"publicize_twitter_user":null,"_wpas_done_3897175":null,"_wpas_skip_3897181":null,"_wpas_skip_3897175":null,"_wpas_skip_3924723":null,"_wpas_mess":null,"_wpas_done_3924723":null,"wps_subtitle":"","_links":{"self":[{"href":"https:\/\/www.aarquiteta.com.br\/blog\/wp-json\/wp\/v2\/posts\/151051","targetHints":{"allow":["GET"]}}],"collection":[{"href":"https:\/\/www.aarquiteta.com.br\/blog\/wp-json\/wp\/v2\/posts"}],"about":[{"href":"https:\/\/www.aarquiteta.com.br\/blog\/wp-json\/wp\/v2\/types\/post"}],"author":[{"embeddable":true,"href":"https:\/\/www.aarquiteta.com.br\/blog\/wp-json\/wp\/v2\/users\/102"}],"replies":[{"embeddable":true,"href":"https:\/\/www.aarquiteta.com.br\/blog\/wp-json\/wp\/v2\/comments?post=151051"}],"version-history":[{"count":0,"href":"https:\/\/www.aarquiteta.com.br\/blog\/wp-json\/wp\/v2\/posts\/151051\/revisions"}],"wp:featuredmedia":[{"embeddable":true,"href":"https:\/\/www.aarquiteta.com.br\/blog\/wp-json\/wp\/v2\/media\/151050"}],"wp:attachment":[{"href":"https:\/\/www.aarquiteta.com.br\/blog\/wp-json\/wp\/v2\/media?parent=151051"}],"wp:term":[{"taxonomy":"category","embeddable":true,"href":"https:\/\/www.aarquiteta.com.br\/blog\/wp-json\/wp\/v2\/categories?post=151051"},{"taxonomy":"post_tag","embeddable":true,"href":"https:\/\/www.aarquiteta.com.br\/blog\/wp-json\/wp\/v2\/tags?post=151051"}],"curies":[{"name":"wp","href":"https:\/\/api.w.org\/{rel}","templated":true}]}}