{"id":151033,"date":"2025-05-11T10:04:46","date_gmt":"2025-05-11T13:04:46","guid":{"rendered":"https:\/\/www.aarquiteta.com.br\/blog\/como-decorar-quintal-sem-mato\/"},"modified":"2025-05-11T10:37:20","modified_gmt":"2025-05-11T13:37:20","slug":"como-decorar-quintal-sem-mato","status":"publish","type":"post","link":"https:\/\/www.aarquiteta.com.br\/blog\/como-decorar-quintal-sem-mato\/","title":{"rendered":"Como Decorar um Quintal Sem Mato: 7 Ideias Criativas para Transformar seu Espa\u00e7o Externo."},"content":{"rendered":"<p><span class=\"_fadeIn_m1hgl_8\">Se <\/span><span class=\"_fadeIn_m1hgl_8\">o <\/span><span class=\"_fadeIn_m1hgl_8\">mato <\/span><span class=\"_fadeIn_m1hgl_8\">tomou <\/span><span class=\"_fadeIn_m1hgl_8\">conta <\/span><span class=\"_fadeIn_m1hgl_8\">do <\/span><span class=\"_fadeIn_m1hgl_8\">seu <\/span><span class=\"_fadeIn_m1hgl_8\"><a href=\"https:\/\/www.aarquiteta.com.br\/blog\/?s=QUINTAL\">quintal<\/a> <\/span><span class=\"_fadeIn_m1hgl_8\">e <\/span><span class=\"_fadeIn_m1hgl_8\">voc\u00ea <\/span><span class=\"_fadeIn_m1hgl_8\">n\u00e3o <\/span><span class=\"_fadeIn_m1hgl_8\">sabe <\/span><span class=\"_fadeIn_m1hgl_8\">por <\/span><span class=\"_fadeIn_m1hgl_8\">onde <\/span><span class=\"_fadeIn_m1hgl_8\">come\u00e7ar, <\/span><span class=\"_fadeIn_m1hgl_8\">este <\/span><span class=\"_fadeIn_m1hgl_8\">artigo <\/span><span class=\"_fadeIn_m1hgl_8\">vai <\/span><span class=\"_fadeIn_m1hgl_8\">te <\/span><span class=\"_fadeIn_m1hgl_8\">inspirar <\/span><span class=\"_fadeIn_m1hgl_8\">com <\/span><span class=\"_fadeIn_m1hgl_8\">ideias <\/span><span class=\"_fadeIn_m1hgl_8\">simples, <\/span><span class=\"_fadeIn_m1hgl_8\">bonitas <\/span><span class=\"_fadeIn_m1hgl_8\">e <\/span><span class=\"_fadeIn_m1hgl_8\">acess\u00edveis <\/span><span class=\"_fadeIn_m1hgl_8\">para <\/span><span class=\"_fadeIn_m1hgl_8\">transformar <\/span><span class=\"_fadeIn_m1hgl_8\">esse <\/span><span class=\"_fadeIn_m1hgl_8\">espa\u00e7o <\/span><span class=\"_fadeIn_m1hgl_8\">em <\/span><span class=\"_fadeIn_m1hgl_8\">um <\/span><span class=\"_fadeIn_m1hgl_8\">ambiente <\/span><span class=\"_fadeIn_m1hgl_8\">decorado, <\/span><span class=\"_fadeIn_m1hgl_8\">funcional <\/span><span class=\"_fadeIn_m1hgl_8\">e <\/span><span class=\"_fadeIn_m1hgl_8\">cheio <\/span><span class=\"_fadeIn_m1hgl_8\">de <\/span><span class=\"_fadeIn_m1hgl_8\">personalidade. <\/span><span class=\"_fadeIn_m1hgl_8\">Descubra <\/span><span class=\"_fadeIn_m1hgl_8\">como <\/span><span class=\"_fadeIn_m1hgl_8\">substituir <\/span><span class=\"_fadeIn_m1hgl_8\">o <\/span><span class=\"_fadeIn_m1hgl_8\">mato <\/span><span class=\"_fadeIn_m1hgl_8\">por <\/span><span class=\"_fadeIn_m1hgl_8\">grama, <\/span><span class=\"_fadeIn_m1hgl_8\">pedras, <\/span><span class=\"_fadeIn_m1hgl_8\">plantas <\/span><span class=\"_fadeIn_m1hgl_8\">ornamentais, <\/span><span class=\"_fadeIn_m1hgl_8\">ilumina\u00e7\u00e3o <\/span><span class=\"_fadeIn_m1hgl_8\">e <\/span><span class=\"_fadeIn_m1hgl_8\">muito <\/span><span class=\"_fadeIn_m1hgl_8\">mais.<\/span><\/p><h2>1. Grama: o Tapete Verde da Natureza<\/h2><p>A <strong>grama bem cuidada<\/strong> \u00e9 uma das formas mais simples de revitalizar o visual do quintal. Al\u00e9m de refrescar o ambiente, ela traz organiza\u00e7\u00e3o e naturalidade.<\/p><ul><li>\u2705 Prefira gramas resistentes, como <strong>Esmeralda<\/strong> ou <strong>Santo Agostinho<\/strong><\/li><li>\u2705 Ideal para espa\u00e7os de lazer, crian\u00e7as e pets<\/li><li>\u2705 Mantenha a irriga\u00e7\u00e3o regular e cortes leves<\/li><\/ul><figure style=\"width: 1024px\" class=\"wp-caption alignnone\"><img decoding=\"async\" src=\"https:\/\/www.aarquiteta.com.br\/blog\/wp-content\/uploads\/2025\/05\/como-decorar-quintal-sem-mato04.jpg\" alt=\"Ideias para Substituir o Mato: Como Decorar Quintais e Jardins com Grama, Pedras ou Plantas\" width=\"1024\" height=\"1024\" title=\"\"><figcaption class=\"wp-caption-text\">Ideias para Substituir o Mato: <a href=\"https:\/\/www.aarquiteta.com.br\/blog\/cursos-de-arquitetura-e-decoracao\/curso-de-decoracao-de-interiores\/\">Como Decorar<\/a> Quintais e Jardins com Grama, Pedras ou Plantas<\/figcaption><\/figure><h2>2. Pedras Decorativas: Estilo e Funcionalidade<\/h2><p>Se o mato insiste em crescer, aposte nas <strong>pedras decorativas<\/strong> como seixos, britas, dolomitas ou pedriscos. Elas ajudam a evitar o crescimento de plantas daninhas e criam caminhos visuais incr\u00edveis.<\/p><ul><li>\u2728 Combine tamanhos e <a href=\"https:\/\/www.aarquiteta.com.br\/blog\/?s=CORES\">cores<\/a> para efeito moderno<\/li><li>\u2728 Use <a href=\"https:\/\/www.aarquiteta.com.br\/blog\/?s=MADEIRA\">madeira<\/a> ou bordas pl\u00e1sticas para delimitar as \u00e1reas<\/li><li>\u2728 F\u00e1cil manuten\u00e7\u00e3o e resultado r\u00e1pido<\/li><\/ul><figure style=\"width: 1024px\" class=\"wp-caption aligncenter\"><img decoding=\"async\" src=\"https:\/\/www.aarquiteta.com.br\/blog\/wp-content\/uploads\/2025\/05\/como-decorar-quintal-sem-mato03.jpg\" alt=\"Ideias para Substituir o Mato: Como Decorar Quintais e Jardins com Grama, Pedras ou Plantas\" width=\"1024\" height=\"1024\" title=\"\"><figcaption class=\"wp-caption-text\">Ideias para Substituir o Mato: Como Decorar Quintais e Jardins com Grama, Pedras ou Plantas<\/figcaption><\/figure><h2>3. Plantas Ornamentais: A Beleza que Cresce com o Tempo<\/h2><p>As <strong>plantas decorativas<\/strong> s\u00e3o perfeitas para trazer cor, textura e vida ao quintal. Misture ervas, flores e folhagens tropicais para um jardim diverso e cheio de personalidade.<\/p><ul><li>\ud83c\udf3f Use <strong>brom\u00e9lias<\/strong>, <strong>espada-de-s\u00e3o-jorge<\/strong>, <strong>lavanda<\/strong> e <strong><a href=\"https:\/\/www.aarquiteta.com.br\/blog\/?s=SUCULENTA\">suculentas<\/a><\/strong><\/li><li>\ud83c\udf3e Varie alturas para um visual mais din\u00e2mico<\/li><li>\ud83c\udf44 Ervas arom\u00e1ticas tamb\u00e9m decoram e s\u00e3o \u00fateis!<\/li><\/ul><h2>4. Tijolos e Pisos: Contraste R\u00fastico e Elegante<\/h2><p>Use <strong>tijolos de barro, pavers ou pisos drenantes<\/strong> para criar caminhos e \u00e1reas de estar. Eles ajudam a estruturar o espa\u00e7o e destacam ainda mais o verde ao redor.<\/p><ul><li>\ud83c\udf04 Crie desenhos em espinha de peixe ou mosaicos<\/li><li>\ud83d\udeaa Combine com bancos, vasos ou fontes<\/li><\/ul><figure style=\"width: 1024px\" class=\"wp-caption aligncenter\"><img decoding=\"async\" src=\"https:\/\/www.aarquiteta.com.br\/blog\/wp-content\/uploads\/2025\/05\/como-decorar-quintal-sem-mato01.jpg\" alt=\"Ideias para Substituir o Mato: Como Decorar Quintais e Jardins com Grama, Pedras ou Plantas\" width=\"1024\" height=\"1024\" title=\"\"><figcaption class=\"wp-caption-text\">Ideias para Substituir o Mato: Como Decorar Quintais e Jardins com Grama, Pedras ou Plantas<\/figcaption><\/figure><h2>5. Combina\u00e7\u00f5es Criativas para um Jardim com Personalidade<\/h2><p>O segredo est\u00e1 em <strong>mesclar os elementos<\/strong>: grama com bordas de pedra, vasos de concreto com suculentas, ou decks com trepadeiras. Brinque com volumes, cores e texturas. Tire fotos, teste ideias. Seu quintal merece ser vivido!<\/p><h2>6. Crie \u00c1reas de Conviv\u00eancia e Descanso<\/h2><p>Transforme um canto sem gra\u00e7a em um <strong>ref\u00fagio<\/strong> com bancos de madeira, decks de pallets, cadeiras sob a sombra ou redes suspensas. Um simples cantinho com prop\u00f3sito muda tudo.<\/p><figure style=\"width: 1024px\" class=\"wp-caption aligncenter\"><img decoding=\"async\" src=\"https:\/\/www.aarquiteta.com.br\/blog\/wp-content\/uploads\/2025\/05\/como-decorar-quintal-sem-mato02.jpg\" alt=\"Ideias para Substituir o Mato: Como Decorar Quintais e Jardins com Grama, Pedras ou Plantas\" width=\"1024\" height=\"1024\" title=\"\"><figcaption class=\"wp-caption-text\">Ideias para Substituir o Mato: Como Decorar Quintais e Jardins com Grama, Pedras ou Plantas<\/figcaption><\/figure><h2>7. Ilumina\u00e7\u00e3o: O Toque M\u00e1gico<\/h2><p>Use <strong>luzes solares, refletores ou cord\u00f5es de LED<\/strong> para iluminar caminhos, plantas e elementos-chave. O resultado \u00e9 um <strong>jardim encantado<\/strong> ap\u00f3s o p\u00f4r do sol.<\/p><h2>Inspira\u00e7\u00e3o R\u00e1pida: Tabela de Ideias<\/h2><table border=\"1\" cellpadding=\"8\"><thead><tr><th>Elemento<\/th><th>Fun\u00e7\u00e3o<\/th><th>Dica R\u00e1pida<\/th><\/tr><\/thead><tbody><tr><td>Grama<\/td><td>Revitalizar o solo e dar vida<\/td><td>Escolha tipos resistentes e irrigue bem<\/td><\/tr><tr><td>Pedras<\/td><td>Evitar mato e criar caminhos<\/td><td>Delimite com bordas e crie contrastes<\/td><\/tr><tr><td>Plantas Ornamentais<\/td><td>Colorir e renovar a energia<\/td><td>Misture alturas e texturas<\/td><\/tr><tr><td>Tijolos\/Pavers<\/td><td>Dividir espa\u00e7os e criar \u00e1reas de estar<\/td><td>Desenhos em espinha ou geom\u00e9tricos<\/td><\/tr><\/tbody><\/table><h2>Assista Tamb\u00e9m:<\/h2><div class=\"youtube-embed\" data-video_id=\"XifzZCu9WYM\"><iframe title=\"#shorts O que acharam deste lindo projeto de paisagismo?\" width=\"696\" height=\"392\" src=\"https:\/\/www.youtube.com\/embed\/XifzZCu9WYM?feature=oembed&#038;enablejsapi=1\" frameborder=\"0\" allow=\"accelerometer; autoplay; clipboard-write; encrypted-media; gyroscope; picture-in-picture; web-share\" referrerpolicy=\"strict-origin-when-cross-origin\" allowfullscreen><\/iframe><\/div><h2>Conclus\u00e3o<\/h2><p data-start=\"4421\" data-end=\"4721\"><span class=\"_fadeIn_m1hgl_8\">Com <\/span><span class=\"_fadeIn_m1hgl_8\">criatividade <\/span><span class=\"_fadeIn_m1hgl_8\">e <\/span><span class=\"_fadeIn_m1hgl_8\">poucos <\/span><span class=\"_fadeIn_m1hgl_8\">recursos, <\/span><span class=\"_fadeIn_m1hgl_8\">\u00e9 <\/span><span class=\"_fadeIn_m1hgl_8\">poss\u00edvel <\/span><span class=\"_fadeIn_m1hgl_8\">transformar <\/span><span class=\"_fadeIn_m1hgl_8\">um <\/span><span class=\"_fadeIn_m1hgl_8\">quintal <\/span><span class=\"_fadeIn_m1hgl_8\">com <\/span><span class=\"_fadeIn_m1hgl_8\">mato <\/span><span class=\"_fadeIn_m1hgl_8\">em <\/span><span class=\"_fadeIn_m1hgl_8\">um <\/span><span class=\"_fadeIn_m1hgl_8\">espa\u00e7o <\/span><span class=\"_fadeIn_m1hgl_8\">bonito, <\/span><span class=\"_fadeIn_m1hgl_8\">funcional <\/span><span class=\"_fadeIn_m1hgl_8\">e <\/span><span class=\"_fadeIn_m1hgl_8\">agrad\u00e1vel. <\/span><span class=\"_fadeIn_m1hgl_8\">Substitua <\/span><span class=\"_fadeIn_m1hgl_8\">o <\/span><span class=\"_fadeIn_m1hgl_8\">mato <\/span><span class=\"_fadeIn_m1hgl_8\">por <\/span><span class=\"_fadeIn_m1hgl_8\">grama, <\/span><span class=\"_fadeIn_m1hgl_8\">pedras, <\/span><span class=\"_fadeIn_m1hgl_8\">plantas <\/span><span class=\"_fadeIn_m1hgl_8\">e <\/span><span class=\"_fadeIn_m1hgl_8\">m\u00f3veis <\/span><span class=\"_fadeIn_m1hgl_8\">que <\/span><span class=\"_fadeIn_m1hgl_8\">tenham <\/span><span class=\"_fadeIn_m1hgl_8\">a <\/span><span class=\"_fadeIn_m1hgl_8\">ver <\/span><span class=\"_fadeIn_m1hgl_8\">com <\/span><span class=\"_fadeIn_m1hgl_8\">seu <\/span><span class=\"_fadeIn_m1hgl_8\">estilo <\/span><span class=\"_fadeIn_m1hgl_8\">de <\/span><span class=\"_fadeIn_m1hgl_8\">vida. <\/span><span class=\"_fadeIn_m1hgl_8\">Comece <\/span><span class=\"_fadeIn_m1hgl_8\">pequeno, <\/span><span class=\"_fadeIn_m1hgl_8\">experimente <\/span><span class=\"_fadeIn_m1hgl_8\">combina\u00e7\u00f5es <\/span><span class=\"_fadeIn_m1hgl_8\">e <\/span><span class=\"_fadeIn_m1hgl_8\">redescubra <\/span><span class=\"_fadeIn_m1hgl_8\">o <\/span><span class=\"_fadeIn_m1hgl_8\">prazer <\/span><span class=\"_fadeIn_m1hgl_8\">de <\/span><span class=\"_fadeIn_m1hgl_8\">estar <\/span><span class=\"_fadeIn_m1hgl_8\">ao <\/span><span class=\"_fadeIn_m1hgl_8\">ar <\/span><span class=\"_fadeIn_m1hgl_8\">livre.<\/span><\/p><p data-start=\"4723\" data-end=\"4873\"><strong data-start=\"4723\" data-end=\"4762\"><span class=\"_fadeIn_m1hgl_8\">Gostaria <\/span><span class=\"_fadeIn_m1hgl_8\">de <\/span><span class=\"_fadeIn_m1hgl_8\">ver <\/span><span class=\"_fadeIn_m1hgl_8\">esse <\/span><span class=\"_fadeIn_m1hgl_8\">tema <\/span><span class=\"_fadeIn_m1hgl_8\">em <\/span><span class=\"_fadeIn_m1hgl_8\">v\u00eddeo?<\/span><\/strong><br data-start=\"4762\" data-end=\"4765\" \/><strong data-start=\"4765\" data-end=\"4804\"><span class=\"_fadeIn_m1hgl_8\">Ou <\/span><span class=\"_fadeIn_m1hgl_8\">tem <\/span><span class=\"_fadeIn_m1hgl_8\">d\u00favidas <\/span><span class=\"_fadeIn_m1hgl_8\">sobre <\/span><span class=\"_fadeIn_m1hgl_8\">o <\/span><span class=\"_fadeIn_m1hgl_8\">seu <\/span><span class=\"_fadeIn_m1hgl_8\">quintal?<\/span><\/strong><br data-start=\"4804\" data-end=\"4807\" \/><span class=\"_fadeIn_m1hgl_8\">\ud83d\udc49 <\/span><span class=\"_fadeIn_m1hgl_8\">Me <\/span><span class=\"_fadeIn_m1hgl_8\">mande <\/span><span class=\"_fadeIn_m1hgl_8\">sua <\/span><span class=\"_fadeIn_m1hgl_8\">pergunta \u2014 <\/span><span class=\"_fadeIn_m1hgl_8\">posso <\/span><span class=\"_fadeIn_m1hgl_8\">transformar <\/span><span class=\"_fadeIn_m1hgl_8\">em <\/span><span class=\"_fadeIn_m1hgl_8\">um <\/span><span class=\"_fadeIn_m1hgl_8\">pr\u00f3ximo <\/span><span class=\"_fadeIn_m1hgl_8\">artigo!<\/span><\/p><h2>Continue Explorando:<\/h2><ul><li><a href=\"https:\/\/www.aarquiteta.com.br\/blog\/?s=paisagismo\">Como Fazer um Jardim de Pedras Passo a Passo<\/a><\/li><li><a href=\"https:\/\/www.aarquiteta.com.br\/blog\/?s=paisagismo\">Ideias de Paisagismo para Espa\u00e7os Pequenos<\/a><\/li><li><a href=\"https:\/\/www.aarquiteta.com.br\/blog\/?s=paisagismo\">Plantas F\u00e1ceis de Cuidar para o Jardim Externo<\/a><\/li><\/ul>","protected":false},"excerpt":{"rendered":"<p>Transforme seu quintal com muito mato em um espa\u00e7o bonito e funcional usando grama, pedras, plantas e tijolos. Veja ideias pr\u00e1ticas!<\/p>\n","protected":false},"author":102,"featured_media":151030,"comment_status":"open","ping_status":"closed","sticky":false,"template":"","format":"standard","meta":{"footnotes":""},"categories":[1484,971,9612],"tags":[],"class_list":["post-151033","post","type-post","status-publish","format-standard","has-post-thumbnail","category-decoracao","category-design-de-interiores","category-jardinagem"],"_wp_attached_file":null,"_wp_attachment_metadata":null,"_wp_attachment_context":null,"_wp_attachment_is_custom_header":null,"geo_longitude":null,"geo_public":null,"geo_latitude":null,"_publicize_done_external":null,"_wpas_done_3897181":null,"publicize_twitter_user":null,"_wpas_done_3897175":null,"_wpas_skip_3897181":null,"_wpas_skip_3897175":null,"_wpas_skip_3924723":null,"_wpas_mess":null,"_wpas_done_3924723":null,"wps_subtitle":"","_links":{"self":[{"href":"https:\/\/www.aarquiteta.com.br\/blog\/wp-json\/wp\/v2\/posts\/151033","targetHints":{"allow":["GET"]}}],"collection":[{"href":"https:\/\/www.aarquiteta.com.br\/blog\/wp-json\/wp\/v2\/posts"}],"about":[{"href":"https:\/\/www.aarquiteta.com.br\/blog\/wp-json\/wp\/v2\/types\/post"}],"author":[{"embeddable":true,"href":"https:\/\/www.aarquiteta.com.br\/blog\/wp-json\/wp\/v2\/users\/102"}],"replies":[{"embeddable":true,"href":"https:\/\/www.aarquiteta.com.br\/blog\/wp-json\/wp\/v2\/comments?post=151033"}],"version-history":[{"count":0,"href":"https:\/\/www.aarquiteta.com.br\/blog\/wp-json\/wp\/v2\/posts\/151033\/revisions"}],"wp:featuredmedia":[{"embeddable":true,"href":"https:\/\/www.aarquiteta.com.br\/blog\/wp-json\/wp\/v2\/media\/151030"}],"wp:attachment":[{"href":"https:\/\/www.aarquiteta.com.br\/blog\/wp-json\/wp\/v2\/media?parent=151033"}],"wp:term":[{"taxonomy":"category","embeddable":true,"href":"https:\/\/www.aarquiteta.com.br\/blog\/wp-json\/wp\/v2\/categories?post=151033"},{"taxonomy":"post_tag","embeddable":true,"href":"https:\/\/www.aarquiteta.com.br\/blog\/wp-json\/wp\/v2\/tags?post=151033"}],"curies":[{"name":"wp","href":"https:\/\/api.w.org\/{rel}","templated":true}]}}