{"id":150956,"date":"2025-05-10T01:26:18","date_gmt":"2025-05-10T04:26:18","guid":{"rendered":"https:\/\/www.aarquiteta.com.br\/blog\/tipos-de-emprego\/"},"modified":"2025-05-10T01:26:18","modified_gmt":"2025-05-10T04:26:18","slug":"tipos-de-emprego","status":"publish","type":"post","link":"https:\/\/www.aarquiteta.com.br\/blog\/tipos-de-emprego\/","title":{"rendered":"Tipos de emprego e como escolher o ideal para voc\u00ea."},"content":{"rendered":"<p>Se voc\u00ea est\u00e1 em busca de um emprego, \u00e9 fundamental entender os diferentes tipos de trabalho dispon\u00edveis e como escolher o que mais se encaixa no seu perfil. Neste artigo, vou explorar as op\u00e7\u00f5es de emprego, suas caracter\u00edsticas e como cada uma pode se adequar \u00e0s suas necessidades e objetivos profissionais.<\/p>\n<h2>Tipos de Empregos e Suas Caracter\u00edsticas<\/h2>\n<h3>Emprego CLT: A Seguran\u00e7a da Formalidade<\/h3>\n<p>Quando falamos de <b>emprego CLT<\/b>, estamos nos referindo a um dos tipos mais tradicionais de contrata\u00e7\u00e3o no Brasil. Esse modelo garante uma s\u00e9rie de direitos trabalhistas, como f\u00e9rias, 13\u00ba sal\u00e1rio e FGTS. Para quem busca <b>seguran\u00e7a<\/b> e uma rotina bem definida, essa pode ser a melhor op\u00e7\u00e3o. A jornada de trabalho \u00e9 estabelecida, e o sal\u00e1rio \u00e9 registrado na carteira de trabalho, o que traz uma sensa\u00e7\u00e3o de estabilidade. No entanto, \u00e9 importante lembrar que existem descontos que podem impactar o valor final recebido.<\/p>\n<h3>Trabalho Aut\u00f4nomo: Liberdade e Desafios<\/h3>\n<figure style=\"width: 1024px\" class=\"wp-caption aligncenter\"><img decoding=\"async\" src=\"https:\/\/www.aarquiteta.com.br\/blog\/wp-content\/uploads\/2025\/05\/original-b2808e65c26dd4a42ba26021a9f7f62c.jpg\" alt=\"Tipos de emprego e como escolher o ideal para voc\u00ea.\" width=\"1024\" height=\"1024\" title=\"\"><figcaption class=\"wp-caption-text\">Fonte: <a href=\"https:\/\/blog.anhanguera.com\/tipos-de-emprego\/\" target=\"_blank\" rel=\"noopener\">Blog anhanguera<\/a><\/figcaption><\/figure>\n<p>O <b>trabalho aut\u00f4nomo<\/b> \u00e9 uma alternativa que oferece liberdade e flexibilidade. Profissionais aut\u00f4nomos prestam servi\u00e7os sem v\u00ednculo empregat\u00edcio, o que significa que t\u00eam autonomia para definir seus hor\u00e1rios e locais de trabalho. Essa modalidade \u00e9 ideal para quem tem disciplina e consegue lidar com a <b>inseguran\u00e7a financeira<\/b>, j\u00e1 que a renda pode variar. Contudo, \u00e9 preciso ter organiza\u00e7\u00e3o e iniciativa para se destacar nesse mercado.<\/p>\n<h3>Empres\u00e1rio: Liderando com Responsabilidade<\/h3>\n<p>Ser um <b>empres\u00e1rio<\/b> \u00e9 assumir a responsabilidade de conduzir um neg\u00f3cio. Essa fun\u00e7\u00e3o exige habilidades de gest\u00e3o e uma vis\u00e3o estrat\u00e9gica para comercializar produtos ou servi\u00e7os. No Brasil, existem diferentes tipos de empres\u00e1rios, e cada um deve estar preparado para enfrentar os desafios do mercado. A capacidade de <b>tomar decis\u00f5es<\/b> e gerenciar equipes \u00e9 crucial para o sucesso nesse caminho.<\/p>\n<h3>Est\u00e1gio: O Primeiro Passo na Carreira<\/h3>\n<p>O <b>est\u00e1gio<\/b> \u00e9 uma oportunidade valiosa para quem est\u00e1 come\u00e7ando a carreira. Com uma carga hor\u00e1ria reduzida, o estagi\u00e1rio pode aprender na pr\u00e1tica e se familiarizar com o ambiente de trabalho. Essa experi\u00eancia \u00e9 fundamental para desenvolver habilidades e descobrir \u00e1reas de interesse. Al\u00e9m disso, o est\u00e1gio pode abrir portas para futuras contrata\u00e7\u00f5es, tornando-se um trampolim para o sucesso profissional.<\/p>\n<h3>Freelancer: O Mundo das Oportunidades<\/h3>\n<p>O <b>freelancer<\/b> \u00e9 um profissional que atua de forma independente, oferecendo servi\u00e7os por per\u00edodos determinados. Essa modalidade tem crescido, especialmente no mercado digital, onde \u00e9 poss\u00edvel encontrar oportunidades em diversas \u00e1reas, como reda\u00e7\u00e3o, design e programa\u00e7\u00e3o. Para quem busca <b>flexibilidade<\/b> e a chance de trabalhar em projetos variados, ser freelancer pode ser uma excelente escolha. No entanto, \u00e9 preciso ter foco e organiza\u00e7\u00e3o para garantir a continuidade dos trabalhos.<\/p>\n<h3>Trabalho Volunt\u00e1rio: Contribuindo para a Sociedade<\/h3>\n<p><iframe width=\"560\" height=\"315\" src=\"https:\/\/www.youtube.com\/embed\/W1Y5bafSeaQ\" title=\"YouTube video player\" frameborder=\"0\" allow=\"accelerometer; autoplay; clipboard-write; encrypted-media; gyroscope; picture-in-picture; web-share\" referrerpolicy=\"strict-origin-when-cross-origin\" allowfullscreen><\/iframe><\/p>\n<p>O <b>trabalho volunt\u00e1rio<\/b> \u00e9 uma forma de ajudar o pr\u00f3ximo sem esperar remunera\u00e7\u00e3o. Essa experi\u00eancia pode ser extremamente gratificante e proporciona um senso de prop\u00f3sito. Al\u00e9m de contribuir para causas sociais, o voluntariado permite que o indiv\u00edduo desenvolva novas habilidades e amplie sua rede de contatos. Para quem busca <b>experi\u00eancias enriquecedoras<\/b> e n\u00e3o se importa com a quest\u00e3o financeira, essa pode ser uma \u00f3tima op\u00e7\u00e3o.<\/p>\n<h2>Considera\u00e7\u00f5es Finais<\/h2>\n<p>Ao escolher o tipo de emprego ideal, \u00e9 importante considerar suas <b>prefer\u00eancias<\/b>, habilidades e o momento da sua carreira. N\u00e3o existe uma op\u00e7\u00e3o melhor que a outra; cada uma tem suas vantagens e desvantagens. O que realmente importa \u00e9 encontrar a modalidade que mais se alinha aos seus objetivos e estilo de vida. Se voc\u00ea est\u00e1 pronto para dar o pr\u00f3ximo passo na sua carreira, n\u00e3o deixe de conferir as oportunidades dispon\u00edveis e como se inscrever atrav\u00e9s deste <a href=\"https:\/\/cursos.anhanguera.com\/inscricao?utm_source=blog&#038;utm_medium=botao_header&#038;utm_campaign=Inscreva-se\" target=\"_blank\" rel=\"noopener\">link<\/a>.<\/p>\n","protected":false},"excerpt":{"rendered":"<p>Se voc\u00ea est\u00e1 em busca de um emprego, \u00e9 fundamental entender os diferentes tipos de trabalho dispon\u00edveis e como escolher o que mais se encaixa no seu perfil. Neste artigo, vou explorar as op\u00e7\u00f5es de emprego, suas caracter\u00edsticas e como cada uma pode se adequar \u00e0s suas necessidades e objetivos profissionais. Tipos de Empregos e [&hellip;]<\/p>\n","protected":false},"author":20,"featured_media":150955,"comment_status":"open","ping_status":"","sticky":false,"template":"","format":"standard","meta":{"footnotes":""},"categories":[6,35497],"tags":[],"class_list":["post-150956","post","type-post","status-publish","format-standard","has-post-thumbnail","category-carreira-de-arquitetura","category-estudante"],"_wp_attached_file":null,"_wp_attachment_metadata":null,"_wp_attachment_context":null,"_wp_attachment_is_custom_header":null,"geo_longitude":null,"geo_public":null,"geo_latitude":null,"_publicize_done_external":null,"_wpas_done_3897181":null,"publicize_twitter_user":null,"_wpas_done_3897175":null,"_wpas_skip_3897181":null,"_wpas_skip_3897175":null,"_wpas_skip_3924723":null,"_wpas_mess":null,"_wpas_done_3924723":null,"wps_subtitle":"","_links":{"self":[{"href":"https:\/\/www.aarquiteta.com.br\/blog\/wp-json\/wp\/v2\/posts\/150956","targetHints":{"allow":["GET"]}}],"collection":[{"href":"https:\/\/www.aarquiteta.com.br\/blog\/wp-json\/wp\/v2\/posts"}],"about":[{"href":"https:\/\/www.aarquiteta.com.br\/blog\/wp-json\/wp\/v2\/types\/post"}],"author":[{"embeddable":true,"href":"https:\/\/www.aarquiteta.com.br\/blog\/wp-json\/wp\/v2\/users\/20"}],"replies":[{"embeddable":true,"href":"https:\/\/www.aarquiteta.com.br\/blog\/wp-json\/wp\/v2\/comments?post=150956"}],"version-history":[{"count":0,"href":"https:\/\/www.aarquiteta.com.br\/blog\/wp-json\/wp\/v2\/posts\/150956\/revisions"}],"wp:featuredmedia":[{"embeddable":true,"href":"https:\/\/www.aarquiteta.com.br\/blog\/wp-json\/wp\/v2\/media\/150955"}],"wp:attachment":[{"href":"https:\/\/www.aarquiteta.com.br\/blog\/wp-json\/wp\/v2\/media?parent=150956"}],"wp:term":[{"taxonomy":"category","embeddable":true,"href":"https:\/\/www.aarquiteta.com.br\/blog\/wp-json\/wp\/v2\/categories?post=150956"},{"taxonomy":"post_tag","embeddable":true,"href":"https:\/\/www.aarquiteta.com.br\/blog\/wp-json\/wp\/v2\/tags?post=150956"}],"curies":[{"name":"wp","href":"https:\/\/api.w.org\/{rel}","templated":true}]}}