{"id":150943,"date":"2025-05-09T19:24:51","date_gmt":"2025-05-09T22:24:51","guid":{"rendered":"https:\/\/www.aarquiteta.com.br\/blog\/reforma-tributaria-na-construcao-civil\/"},"modified":"2025-05-09T19:24:51","modified_gmt":"2025-05-09T22:24:51","slug":"reforma-tributaria-na-construcao-civil","status":"publish","type":"post","link":"https:\/\/www.aarquiteta.com.br\/blog\/reforma-tributaria-na-construcao-civil\/","title":{"rendered":"Entenda a Reforma Tribut\u00e1ria na Constru\u00e7\u00e3o Civil e Seus Impactos"},"content":{"rendered":"<p>Voc\u00ea sabia que a <b>Reforma Tribut\u00e1ria<\/b> pode impactar diretamente os custos da sua obra? Venha entender o que muda!<\/p>\n<h2>O que muda com a Reforma Tribut\u00e1ria na Constru\u00e7\u00e3o Civil?<\/h2>\n<p>A <b>Reforma Tribut\u00e1ria<\/b> na constru\u00e7\u00e3o civil trouxe diversas mudan\u00e7as que podem deixar muitos profissionais com a pulga atr\u00e1s da orelha. Vamos juntos entender como essas altera\u00e7\u00f5es v\u00e3o afetar o nosso dia a dia e os custos das obras.<\/p>\n<h3>Fim da tributa\u00e7\u00e3o diferenciada<\/h3>\n<p>Com a reforma, acaba a <b>tributa\u00e7\u00e3o diferenciada<\/b> entre sistemas construtivos. A unifica\u00e7\u00e3o vai fazer com que todos sejam tratados da mesma forma, o que pode mudar sua escolha de tecnologia.<\/p>\n<h3>Novas al\u00edquotas<\/h3>\n<figure style=\"width: 1024px\" class=\"wp-caption aligncenter\"><img decoding=\"async\" src=\"https:\/\/www.aarquiteta.com.br\/blog\/wp-content\/uploads\/2025\/05\/reforma-tributaria-na-construcao-civil01.jpg\" alt=\"Entenda a Reforma Tribut\u00e1ria na Constru\u00e7\u00e3o Civil e Seus Impactos\" width=\"1024\" height=\"1024\" title=\"\"><figcaption class=\"wp-caption-text\">Entenda a Reforma Tribut\u00e1ria na Constru\u00e7\u00e3o Civil e Seus Impactos<\/figcaption><\/figure>\n<p>As <b>novas al\u00edquotas<\/b> que entram em vigor podem fazer com que o custo de im\u00f3veis aumente. Prepare-se para repensar seu planejamento financeiro!<\/p>\n<h3>Altera\u00e7\u00f5es no Regime Especial de Tributa\u00e7\u00e3o<\/h3>\n<p>O <b>Regime Especial de Tributa\u00e7\u00e3o<\/b> (RET) vai passar por modifica\u00e7\u00f5es que podem trazer tanto desafios quanto facilidades para quem trabalha na constru\u00e7\u00e3o civil.<\/p>\n<h3>Incentivos para obras p\u00fablicas<\/h3>\n<figure style=\"width: 1024px\" class=\"wp-caption aligncenter\"><img decoding=\"async\" src=\"https:\/\/www.aarquiteta.com.br\/blog\/wp-content\/uploads\/2025\/05\/reforma-tributaria-na-construcao-civil02.jpg\" alt=\" Entenda a Reforma Tribut\u00e1ria na Constru\u00e7\u00e3o Civil e Seus Impactos\" width=\"1024\" height=\"1024\" title=\"\"><figcaption class=\"wp-caption-text\">Entenda a Reforma Tribut\u00e1ria na Constru\u00e7\u00e3o Civil e Seus Impactos<\/figcaption><\/figure>\n<p>Com a reforma, surgem <b>incentivos fiscais para obras p\u00fablicas<\/b>, o que pode abrir muitas portas na constru\u00e7\u00e3o de infraestrutura no pa\u00eds. \u00c9 hora de ficar de olho!<\/p>\n<h3>Impactos para MEI e Simples Nacional<\/h3>\n<p>As microempresas tamb\u00e9m v\u00e3o sentir a mudan\u00e7a. As <b>al\u00edquotas podem ser alteradas<\/b>, ent\u00e3o, ajuste sua estrat\u00e9gia para continuar competitivo.<\/p>\n<table>\n<tr>\n<th><b>Aspecto<\/b><\/th>\n<th><b>Mudan\u00e7a<\/b><\/th>\n<\/tr>\n<tr>\n<td>Tributa\u00e7\u00e3o Diferenciada<\/td>\n<td>Fim da tributa\u00e7\u00e3o diversa entre sistemas construtivos<\/td>\n<\/tr>\n<tr>\n<td>Novas Al\u00edquotas<\/td>\n<td>Poss\u00edvel aumento de impostos sobre vendas e constru\u00e7\u00f5es<\/td>\n<\/tr>\n<tr>\n<td>Regime Especial<\/td>\n<td>Modifica\u00e7\u00f5es no tratamento favor\u00e1vel e simplifica\u00e7\u00e3o dos processos<\/td>\n<\/tr>\n<tr>\n<td>Incentivos<\/td>\n<td>Novos incentivos para obras p\u00fablicas e revitaliza\u00e7\u00e3o<\/td>\n<\/tr>\n<tr>\n<td>Impacto para MEI<\/td>\n<td>Altera\u00e7\u00f5es nas al\u00edquotas podem afetar servi\u00e7os prestados<\/td>\n<\/tr>\n<\/table>\n<h3>Split Payment<\/h3>\n<figure style=\"width: 1024px\" class=\"wp-caption aligncenter\"><img decoding=\"async\" src=\"https:\/\/www.aarquiteta.com.br\/blog\/wp-content\/uploads\/2025\/05\/reforma-tributaria-na-construcao-civil03.jpg\" alt=\" Entenda a Reforma Tribut\u00e1ria na Constru\u00e7\u00e3o Civil e Seus Impactos\" width=\"1024\" height=\"1024\" title=\"\"><figcaption class=\"wp-caption-text\">Entenda a Reforma Tribut\u00e1ria na Constru\u00e7\u00e3o Civil e Seus Impactos<\/figcaption><\/figure>\n<p>Uma mudan\u00e7a que pode pegar muitos de surpresa \u00e9 o <b>Split Payment<\/b>, onde o imposto ser\u00e1 pago separadamente ao governo. Isso demanda mais administra\u00e7\u00e3o no fluxo de caixa!<\/p>\n<h2>Conclus\u00e3o<\/h2>\n<p>Portanto, a <b>Reforma Tribut\u00e1ria<\/b> traz muitas mudan\u00e7as e pode impactar significativamente a forma como trabalhamos na constru\u00e7\u00e3o civil. Esteja preparado e adapte-se a esse novo cen\u00e1rio!<\/p>\n<figure style=\"width: 1024px\" class=\"wp-caption aligncenter\"><img decoding=\"async\" src=\"https:\/\/www.aarquiteta.com.br\/blog\/wp-content\/uploads\/2025\/05\/reforma-tributaria-na-construcao-civil4.jpg\" alt=\" Entenda a Reforma Tribut\u00e1ria na Constru\u00e7\u00e3o Civil e Seus Impactos\" width=\"1024\" height=\"1024\" title=\"\"><figcaption class=\"wp-caption-text\">Entenda a Reforma Tribut\u00e1ria na Constru\u00e7\u00e3o Civil e Seus Impactos<\/figcaption><\/figure>\n<h3>Para se aprofundar mais sobre o tema, veja a minha recomenda\u00e7\u00e3o sobre o tema deste artigo no v\u00eddeo a seguir abaixo:<\/h3>\n<p><iframe title=\"YouTube video player\" src=\"https:\/\/www.youtube.com\/embed\/44lR0Mn9q4w\" width=\"560\" height=\"315\" frameborder=\"0\" allowfullscreen=\"allowfullscreen\"><\/iframe><\/p>\n","protected":false},"excerpt":{"rendered":"<p>Descubra como a reforma tribut\u00e1ria afeta o setor da constru\u00e7\u00e3o civil e quais s\u00e3o as principais mudan\u00e7as esperadas.<\/p>\n","protected":false},"author":102,"featured_media":150942,"comment_status":"open","ping_status":"","sticky":false,"template":"","format":"standard","meta":{"footnotes":""},"categories":[249],"tags":[],"class_list":["post-150943","post","type-post","status-publish","format-standard","has-post-thumbnail","category-engenharia-e-construcao-civil"],"_wp_attached_file":null,"_wp_attachment_metadata":null,"_wp_attachment_context":null,"_wp_attachment_is_custom_header":null,"geo_longitude":null,"geo_public":null,"geo_latitude":null,"_publicize_done_external":null,"_wpas_done_3897181":null,"publicize_twitter_user":null,"_wpas_done_3897175":null,"_wpas_skip_3897181":null,"_wpas_skip_3897175":null,"_wpas_skip_3924723":null,"_wpas_mess":null,"_wpas_done_3924723":null,"wps_subtitle":"","_links":{"self":[{"href":"https:\/\/www.aarquiteta.com.br\/blog\/wp-json\/wp\/v2\/posts\/150943","targetHints":{"allow":["GET"]}}],"collection":[{"href":"https:\/\/www.aarquiteta.com.br\/blog\/wp-json\/wp\/v2\/posts"}],"about":[{"href":"https:\/\/www.aarquiteta.com.br\/blog\/wp-json\/wp\/v2\/types\/post"}],"author":[{"embeddable":true,"href":"https:\/\/www.aarquiteta.com.br\/blog\/wp-json\/wp\/v2\/users\/102"}],"replies":[{"embeddable":true,"href":"https:\/\/www.aarquiteta.com.br\/blog\/wp-json\/wp\/v2\/comments?post=150943"}],"version-history":[{"count":0,"href":"https:\/\/www.aarquiteta.com.br\/blog\/wp-json\/wp\/v2\/posts\/150943\/revisions"}],"wp:featuredmedia":[{"embeddable":true,"href":"https:\/\/www.aarquiteta.com.br\/blog\/wp-json\/wp\/v2\/media\/150942"}],"wp:attachment":[{"href":"https:\/\/www.aarquiteta.com.br\/blog\/wp-json\/wp\/v2\/media?parent=150943"}],"wp:term":[{"taxonomy":"category","embeddable":true,"href":"https:\/\/www.aarquiteta.com.br\/blog\/wp-json\/wp\/v2\/categories?post=150943"},{"taxonomy":"post_tag","embeddable":true,"href":"https:\/\/www.aarquiteta.com.br\/blog\/wp-json\/wp\/v2\/tags?post=150943"}],"curies":[{"name":"wp","href":"https:\/\/api.w.org\/{rel}","templated":true}]}}