{"id":150913,"date":"2025-05-09T18:08:20","date_gmt":"2025-05-09T21:08:20","guid":{"rendered":"https:\/\/www.aarquiteta.com.br\/blog\/tapete-de-croche-para-quarto\/"},"modified":"2025-05-09T18:08:20","modified_gmt":"2025-05-09T21:08:20","slug":"tapete-de-croche-para-quarto","status":"publish","type":"post","link":"https:\/\/www.aarquiteta.com.br\/blog\/tapete-de-croche-para-quarto\/","title":{"rendered":"Decora\u00e7\u00e3o de Quartos com Tapetes de Croch\u00ea: Dicas para um Ambiente Aconchegante"},"content":{"rendered":"<p>Decorar o quarto com tapetes de croch\u00ea transforma o espa\u00e7o, trazendo aconchego e estilo. Aqui v\u00e3o dicas pr\u00e1ticas para voc\u00ea!<\/p>\n<h3>1. Por que escolher tapetes de croch\u00ea?<\/h3>\n<figure style=\"width: 1024px\" class=\"wp-caption aligncenter\"><img decoding=\"async\" src=\"https:\/\/www.aarquiteta.com.br\/blog\/wp-content\/uploads\/2025\/05\/tapete-de-croche-para-quarto-5-730x855.jpg\" alt=\"Foto de tapete de croch\u00ea para quarto 6 - 6\" title=\"\"><figcaption class=\"wp-caption-text\">Foto de tapete de croch\u00ea para quarto 6 &#8211; 6<\/figcaption><\/figure>\n<p>O <b>tapete de croch\u00ea<\/b> \u00e9 uma pe\u00e7a artesanal \u00fanica, cheia de charme. Ele agrega conforto e sofistica\u00e7\u00e3o ao ambiente. J\u00e1 pensou em como isso pode mudar seu quarto?<\/p>\n<h3>2. Variedade de formatos e cores<\/h3>\n<figure style=\"width: 1024px\" class=\"wp-caption aligncenter\"><img decoding=\"async\" src=\"https:\/\/www.aarquiteta.com.br\/blog\/wp-content\/uploads\/2025\/05\/tapete-de-croche-para-quarto01.jpg\" alt=\"Tapete de croch\u00ea para quarto: como decorar seu espa\u00e7o com essa pe\u00e7a\" width=\"1024\" height=\"1024\" title=\"\"><figcaption class=\"wp-caption-text\">Tapete de croch\u00ea para quarto: como decorar seu espa\u00e7o com essa pe\u00e7a<\/figcaption><\/figure>\n<p>Existem <b>v\u00e1rios formatos<\/b>, como redondo, oval, e retangular, e uma paleta rica de cores. Assim, fica f\u00e1cil encontrar um modelo que combine com sua decora\u00e7\u00e3o.<\/p>\n<h3>3. Espa\u00e7o ideal para o tapete<\/h3>\n<figure style=\"width: 1024px\" class=\"wp-caption aligncenter\"><img decoding=\"async\" src=\"https:\/\/www.aarquiteta.com.br\/blog\/wp-content\/uploads\/2025\/05\/tapete-de-croche-para-quarto-0.jpg\" alt=\"Foto de tapete de croch\u00ea para quarto 1 - 1\" title=\"\"><figcaption class=\"wp-caption-text\">Foto de tapete de croch\u00ea para quarto 1 &#8211; 1<\/figcaption><\/figure>\n<p>O lugar do tapete faz diferen\u00e7a! Coloc\u00e1-lo na <b>beirada da cama<\/b> ou em frente \u00e0 porta \u00e9 uma \u00f3tima ideia. Ele acolhe seus p\u00e9s com suavidade ao sair da cama!<\/p>\n<h3>4. Combina\u00e7\u00e3o com outros elementos<\/h3>\n<figure style=\"width: 1024px\" class=\"wp-caption aligncenter\"><img decoding=\"async\" src=\"https:\/\/www.aarquiteta.com.br\/blog\/wp-content\/uploads\/2025\/05\/tapete-de-croche-para-quarto02.jpg\" alt=\"Tapete de croch\u00ea para quarto: como decorar seu espa\u00e7o com essa pe\u00e7a\" width=\"1024\" height=\"1024\" title=\"\"><figcaption class=\"wp-caption-text\">Tapete de croch\u00ea para quarto: como decorar seu espa\u00e7o com essa pe\u00e7a<\/figcaption><\/figure>\n<p>Pense em como o <b>tapete pode complementar outros itens<\/b> decorativos. Usar a mesma cor de almofadas ou cortinas pode criar uma harmonia incr\u00edvel. Que tal combinar tudo?<\/p>\n<h3>5. Dicas pr\u00e1ticas de inclus\u00e3o<\/h3>\n<figure style=\"width: 1024px\" class=\"wp-caption aligncenter\"><img decoding=\"async\" src=\"https:\/\/www.aarquiteta.com.br\/blog\/wp-content\/uploads\/2025\/05\/tapete-de-croche-para-quarto-1-730x913.jpg\" alt=\"Foto de tapete de croch\u00ea para quarto 2 - 2\" title=\"\"><figcaption class=\"wp-caption-text\">Foto de tapete de croch\u00ea para quarto 2 &#8211; 2<\/figcaption><\/figure>\n<p>Em quartos infantis, o tapete traz alegria. Um modelo em formato de <b>ursinho<\/b> ou dinossauro pode ser um encanto. Afinal, crian\u00e7as adoram pe\u00e7as l\u00fadicas!<\/p>\n<h3>6. Criando seu pr\u00f3prio tapete<\/h3>\n<figure style=\"width: 1024px\" class=\"wp-caption aligncenter\"><img decoding=\"async\" src=\"https:\/\/www.aarquiteta.com.br\/blog\/wp-content\/uploads\/2025\/05\/tapete-de-croche-para-quarto03.jpg\" alt=\"Tapete de croch\u00ea para quarto: como decorar seu espa\u00e7o com essa pe\u00e7a\" width=\"1024\" height=\"1024\" title=\"\"><figcaption class=\"wp-caption-text\">Tapete de croch\u00ea para quarto: como decorar seu espa\u00e7o com essa pe\u00e7a<\/figcaption><\/figure>\n<p>Fazer um tapete de croch\u00ea em casa \u00e9 uma atividade divertida. Com um pouco de paci\u00eancia e os materiais certos, voc\u00ea ter\u00e1 uma pe\u00e7a exclusiva no seu quarto!<\/p>\n<h3>7. Tamanhos: pequenos ou grandes?<\/h3>\n<figure style=\"width: 1024px\" class=\"wp-caption aligncenter\"><img decoding=\"async\" src=\"https:\/\/www.aarquiteta.com.br\/blog\/wp-content\/uploads\/2025\/05\/tapete-de-croche-para-quarto-2-730x913.jpg\" alt=\"Foto de tapete de croch\u00ea para quarto 3 - 3\" title=\"\"><figcaption class=\"wp-caption-text\">Foto de tapete de croch\u00ea para quarto 3 &#8211; 3<\/figcaption><\/figure>\n<p>Um <b>tapete pequeno<\/b> pode dar um charme, enquanto um grande pode transformar o ambiente. O ideal \u00e9 escolher com base no espa\u00e7o dispon\u00edvel.<\/p>\n<h3>8. Inspira\u00e7\u00e3o e refer\u00eancias visuais<\/h3>\n<figure style=\"width: 1024px\" class=\"wp-caption aligncenter\"><img decoding=\"async\" src=\"https:\/\/www.aarquiteta.com.br\/blog\/wp-content\/uploads\/2025\/05\/tapete-de-croche-para-quarto4.jpg\" alt=\"Tapete de croch\u00ea para quarto: como decorar seu espa\u00e7o com essa pe\u00e7a\" width=\"1024\" height=\"1024\" title=\"\"><figcaption class=\"wp-caption-text\">Tapete de croch\u00ea para quarto: como decorar seu espa\u00e7o com essa pe\u00e7a<\/figcaption><\/figure>\n<p>Voc\u00ea pode buscar refer\u00eancia em redes sociais ou sites de decora\u00e7\u00e3o. Montar um <b>moodboard<\/b> com suas inspira\u00e7\u00f5es ajuda a visualizar o projeto final. Vamos soltar a criatividade!<\/p>\n<table>\n<tr>\n<th>Aspecto<\/th>\n<th>Detalhes<\/th>\n<\/tr>\n<tr>\n<td>Formato<\/td>\n<td>Redondo, oval, quadrado, retangular<\/td>\n<\/tr>\n<tr>\n<td>Cores<\/td>\n<td>V\u00e1rias op\u00e7\u00f5es para combinar com a decora\u00e7\u00e3o<\/td>\n<\/tr>\n<tr>\n<td>Localiza\u00e7\u00e3o<\/td>\n<td>Beirada da cama, frente \u00e0 porta<\/td>\n<\/tr>\n<tr>\n<td>Dicas<\/td>\n<td>Harmonia com outros elementos e tamanhos<\/td>\n<\/tr>\n<\/table>\n<p>A decora\u00e7\u00e3o do quarto se transforma com o <b>tapete de croch\u00ea<\/b>. Ele traz aconchego e personalidade. Com essas dicas, \u00e9 f\u00e1cil escolher ou criar seu modelo!<\/p>\n<p>Ent\u00e3o, que tal come\u00e7ar hoje mesmo? Escolha seu tapete de croch\u00ea ideal e traga mais estilo para seu cantinho especial!<\/p>\n<figure style=\"width: 1024px\" class=\"wp-caption aligncenter\"><img decoding=\"async\" src=\"https:\/\/www.aarquiteta.com.br\/blog\/wp-content\/uploads\/2025\/05\/tapete-de-croche-para-quarto-3-730x810.jpg\" alt=\"Foto de tapete de croch\u00ea para quarto 4 - 4\" title=\"\"><figcaption class=\"wp-caption-text\">Foto de tapete de croch\u00ea para quarto 4 &#8211; 4<\/figcaption><\/figure>\n<h3>Para se aprofundar mais sobre o tema, veja a minha recomenda\u00e7\u00e3o sobre o tema deste artigo no v\u00eddeo a seguir abaixo:<\/h3>\n<p><iframe title=\"YouTube video player\" src=\"https:\/\/www.youtube.com\/embed\/mLM2r7jMxjQ\" width=\"560\" height=\"315\" frameborder=\"0\" allowfullscreen=\"allowfullscreen\"><\/iframe><\/p>\n<figure style=\"width: 1024px\" class=\"wp-caption aligncenter\"><img decoding=\"async\" src=\"https:\/\/www.aarquiteta.com.br\/blog\/wp-content\/uploads\/2025\/05\/tapete-de-croche-para-quarto-4-730x913.jpg\" alt=\"Foto de tapete de croch\u00ea para quarto 5 - 5\" title=\"\"><figcaption class=\"wp-caption-text\">Foto de tapete de croch\u00ea para quarto 5 &#8211; 5<\/figcaption><\/figure>\n","protected":false},"excerpt":{"rendered":"<p>Decorar o quarto com tapetes de croch\u00ea transforma o espa\u00e7o, trazendo aconchego e estilo. Aqui v\u00e3o dicas pr\u00e1ticas para voc\u00ea! 1. Por que escolher tapetes de croch\u00ea? O tapete de croch\u00ea \u00e9 uma pe\u00e7a artesanal \u00fanica, cheia de charme. Ele agrega conforto e sofistica\u00e7\u00e3o ao ambiente. J\u00e1 pensou em como isso pode mudar seu quarto? [&hellip;]<\/p>\n","protected":false},"author":102,"featured_media":150906,"comment_status":"open","ping_status":"","sticky":false,"template":"","format":"standard","meta":{"footnotes":""},"categories":[1484],"tags":[],"class_list":["post-150913","post","type-post","status-publish","format-standard","has-post-thumbnail","category-decoracao"],"_wp_attached_file":null,"_wp_attachment_metadata":null,"_wp_attachment_context":null,"_wp_attachment_is_custom_header":null,"geo_longitude":null,"geo_public":null,"geo_latitude":null,"_publicize_done_external":null,"_wpas_done_3897181":null,"publicize_twitter_user":null,"_wpas_done_3897175":null,"_wpas_skip_3897181":null,"_wpas_skip_3897175":null,"_wpas_skip_3924723":null,"_wpas_mess":null,"_wpas_done_3924723":null,"wps_subtitle":"","_links":{"self":[{"href":"https:\/\/www.aarquiteta.com.br\/blog\/wp-json\/wp\/v2\/posts\/150913","targetHints":{"allow":["GET"]}}],"collection":[{"href":"https:\/\/www.aarquiteta.com.br\/blog\/wp-json\/wp\/v2\/posts"}],"about":[{"href":"https:\/\/www.aarquiteta.com.br\/blog\/wp-json\/wp\/v2\/types\/post"}],"author":[{"embeddable":true,"href":"https:\/\/www.aarquiteta.com.br\/blog\/wp-json\/wp\/v2\/users\/102"}],"replies":[{"embeddable":true,"href":"https:\/\/www.aarquiteta.com.br\/blog\/wp-json\/wp\/v2\/comments?post=150913"}],"version-history":[{"count":0,"href":"https:\/\/www.aarquiteta.com.br\/blog\/wp-json\/wp\/v2\/posts\/150913\/revisions"}],"wp:featuredmedia":[{"embeddable":true,"href":"https:\/\/www.aarquiteta.com.br\/blog\/wp-json\/wp\/v2\/media\/150906"}],"wp:attachment":[{"href":"https:\/\/www.aarquiteta.com.br\/blog\/wp-json\/wp\/v2\/media?parent=150913"}],"wp:term":[{"taxonomy":"category","embeddable":true,"href":"https:\/\/www.aarquiteta.com.br\/blog\/wp-json\/wp\/v2\/categories?post=150913"},{"taxonomy":"post_tag","embeddable":true,"href":"https:\/\/www.aarquiteta.com.br\/blog\/wp-json\/wp\/v2\/tags?post=150913"}],"curies":[{"name":"wp","href":"https:\/\/api.w.org\/{rel}","templated":true}]}}